{"id":13478,"date":"2026-01-14T18:30:00","date_gmt":"2026-01-14T21:30:00","guid":{"rendered":"https:\/\/diariodepernambuco.audiencelabs.com.br\/?p=13478"},"modified":"2026-01-15T10:29:23","modified_gmt":"2026-01-15T13:29:23","slug":"professores-da-rede-estadual-fizeram-denuncia-grave","status":"publish","type":"post","link":"https:\/\/diariodepernambuco.audiencelabs.com.br\/professores-da-rede-estadual-fizeram-denuncia-grave\/","title":{"rendered":"Professores da rede estadual fizeram den\u00fancia grave"},"content":{"rendered":"\n<p>Professores da rede estadual da Bahia denunciaram, na \u00faltima segunda-feira (12), descontos abusivos em seus sal\u00e1rios. Segundo relatos de integrantes de um grupo da categoria, os profissionais est\u00e3o indignados com um golpe que envolve cart\u00e3o de cr\u00e9dito e empr\u00e9stimos n\u00e3o autorizados.<\/p>\n\n\n\n<p>A professora Andrea Karla, REDA na rede h\u00e1 12 anos, afirma que cerca de 10% do seu sal\u00e1rio tem sido comprometido por cobran\u00e7as que ela n\u00e3o reconhece. \u201cA gente que \u00e9 assalariado vive no limite para pagar as contas. Quando ocorre um desfalque desse tamanho, fica muito dif\u00edcil\u201d, desabafa.<\/p>\n\n\n\n<p>Desde abril do ano passado, Andrea j\u00e1 teve mais de R$ 1,3 mil descontados, sendo nove parcelas de R$ 127,87 e duas de R$ 89,38. O primeiro valor corresponde a um empr\u00e9stimo e o segundo a um cart\u00e3o de cr\u00e9dito \u2014 ambos do tipo Credcesta \u2014 que ela n\u00e3o reconhece. Em todos os casos, os descontos s\u00e3o realizados por meio de uma conta no Banco Master.<\/p>\n\n\n\n<p>Ao notar a primeira cobran\u00e7a suspeita, Andrea foi a uma ag\u00eancia do banco, onde uma funcion\u00e1ria informou que se tratava de um empr\u00e9stimo feito por ela em 2020. \u201cS\u00f3 que eu tinha outra matr\u00edcula naquele ano e j\u00e1 havia quitado todos os empr\u00e9stimos, pois na \u00e9poca da pandemia eu pagava cada um separadamente via boleto\u201d, explicou.<\/p>\n\n\n\n<p>A Secretaria de Administra\u00e7\u00e3o do Estado (Saeb) informou que servidores com reclama\u00e7\u00f5es sobre o Credcesta ou qualquer outra institui\u00e7\u00e3o consignat\u00e1ria devem registrar um processo administrativo no sistema SEI Bahia, detalhando a situa\u00e7\u00e3o.<\/p>\n\n\n\n<h2 class=\"wp-block-heading\">Descontos suspeitos comprometem sal\u00e1rios e geram indigna\u00e7\u00e3o<\/h2>\n\n\n<style>@media (min-width: 992px) {\n    .recomendadorV2Area1 {\n        width: 280px;\n    }\n    .recomendadorV2Area2 {\n        padding: 0px 20px;\n        width: calc(100% - 280px);\n    }\n}\n\n@media (max-width: 992px) {\n    .recomendadorV2Button {\n        margin: 0 auto;\n    }\n    .recomendadorV2Area {\n        flex-direction: column;\n        text-align: center;\n    }\n    .recomendadorV2Area2 {\n        padding: 0px 20px;\n    }\n}\n\n.recomendadorV2Area {\n    background: #eeeeee3d;\n    border-radius: 10px;\n    padding: 15px;\n    display: flex;\n    margin: 15px auto;\n    border: 1px solid #00000014;\n    max-width: 800px;\n}\n\n.recomendadorV2Area1 img {\n    width: 280px;\n    height: auto;\n    border-radius: 8px;\n}\n\n.linkrecomendadorv2 {\n    text-decoration: none !important;\n}\n\n.recomendadorV2Area2 .recomendadorV2Type {\n    text-transform: uppercase;\n    font-weight: 500;\n    font-size: 11px;\n    letter-spacing: 2px;\n    color: #666;\n    margin: 12px 0;\n    display: block;\n}\n\n.recomendadorV2Title h2 {\n    padding-top: 0px !important;\n    margin: 0px !important;\n    border-left: none !important;\n    padding-left: 0px !important;\n    line-height: 1.3;\n    color: #000 !important;\n    font-size: 24px;\n    margin-bottom: 12px !important;\n}\n\n.recomendadorV2Desc {\n    color: #333;\n    margin: 12px 0px !important;\n    font-size: 15px;\n    line-height: 1.5;\n}\n\n.recomendadorV2Button {\n    width: auto;\n    max-width: 200px;\n    margin: 0;\n    display: inline-flex;\n    align-items: center;\n    background: #1D3557;\n    border-radius: 8px;\n    color: #fff;\n    height: 36px;\n    justify-content: center;\n    text-align: center;\n    font-size: 14px;\n    padding: 0 20px;\n    transition: background-color 0.2s ease;\n}\n\n.recomendadorV2Button:hover {\n    background: #2a4d7a;\n}\n\n.recomendadorV2Button:after {\n    margin-top: -2px;\n    content: \"\u2192\";\n    padding: 0px 0px 0px 8px;\n}\n\n.recomendadorV2Alert {\n    text-align: left;\n    font-size: 11px;\n    margin-top: 8px;\n    color: #666;\n}\n\n.recomendadorFixedArea {\n    width: 100%;\n    display: flex;\n    justify-content: center;\n    align-items: center;\n}\n\n@media (min-width: 992px) {\n    #recomendadorFixed {\n        width: 32% !important;\n        left: 5%;\n    }\n    .recomendadorCloseFixed{\n        right: inherit !important;\n        left: 378px !important;\n    }\n}\n\n#recomendadorFixed {\n    width: 90%;\n    box-shadow: 0 10px 20px 0px #00000057;\n    display: none;\n    height: 90px;\n    background: #F6F6F6;\n    position: fixed;\n    flex-direction: row;\n    bottom: 10px;\n    z-index: 9999;\n    border-radius: 16px;\n    padding: 7px 10px;\n}\n\n.recomendadorLeftArea {\n    width: 160px;\n}\n\n.recomendadorRightArea h2 {\n    padding-top: 0px;\n    margin: 2px 0px 4px 0px !important;\n    font-weight: 400;\n    text-align: center;\n    padding-left: 0px !important;\n    color: #000 !important;\n    border-left: none !important;\n    line-height: 20px;\n    font-size: 12px !important;\n}\n\n.recomendadorImgFixed {\n    overflow: hidden;\n    padding: 8px 6px;\n    height: 100%;\n}\n\n.recomendadorImgFixed img {\n    height: 100% !important;\n    border-radius: 16px;\n}\n\n.recomendadorRightArea {\n    padding-top: 6px;\n    display: flex;\n    width: calc(100% - 130px);\n    justify-content: space-between;\n    align-items: center;\n    flex-direction: column;\n}\n\n.recomendadorButtonFixed {\n    margin: 0 auto;\n    background: #1D3557;\n    width: 80%;\n    text-align: center;\n    font-size: 10px;\n    color: #FFF;\n    padding: 2px 10px;\n    border-radius: 3px;\n}\n\n.recomendadorButtonFixed:after {\n    margin-top: -3px;\n    content: \"\u2192\";\n    padding: 0px 0px 0px 10px;\n}\n\n.recomendadorAlertFixed {\n    font-weight: 400;\n    text-align: center;\n    color: #484848;\n    font-size: 8px;\n}\n\n.recomendadorCloseFixed {\n    z-index: 99999;\n    display: none;\n    right: 0px;\n    left: inherit;\n    bottom: 99px;\n    position: fixed;\n    justify-content: center;\n    background: #F6F6F6;\n    width: 25px;\n    align-items: center;\n    height: 25px;\n    font-weight: 800;\n    border-radius: 50%;\n    border: 1px solid #EBEBEB;\n}\n\n.recomendadorV2Desc{\n    color: #000000;\n    margin: 20px 0px;\n}\n\n@media (max-width: 576px) {\n    .recomendadorV2Area {\n      padding: 10px;\n      max-width: 100%;\n    }\n  \n    .recomendadorV2Area1 img {\n      width: 100%;\n      border-radius: 6px;\n    }\n  \n    .recomendadorV2Area2 .recomendadorV2Type {\n      font-size: 9px;\n      letter-spacing: 1px;\n      margin: 8px 0;\n    }\n  \n    .recomendadorV2Title h2 {\n      font-size: 18px !important;\n      margin-bottom: 8px !important;\n      line-height: 1.2;\n    }\n  \n    .recomendadorV2Desc {\n      font-size: 14px;\n      margin: 8px 0 !important;\n      line-height: 1.4;\n    }\n  \n    .recomendadorV2Button {\n      font-size: 12px;\n      height: 30px;\n      padding: 0 12px;\n      max-width: 160px;\n    }\n  \n    .recomendadorV2Button:after {\n      padding-left: 6px;\n    }\n  }\n  <\/style>\n        <div class=\"lazyblock-recomendador-v2-2jDGz wp-block-lazyblock-recomendador-v2\">\n        <a class=\"linkrecomendadorv2\" href=\"https:\/\/diariodepernambuco.com.br\/dpmais\/correios-chega-ao-fim-apos-anos-de-historia-e-servico-de-cartas-passa-a-ser-privado-neste-pais\/?utm_source=lazy\" target=\"_blank\" rel=\"noopener\">\n            <div class=\"recomendadorV2Area\">\n            <div class=\"recomendadorV2Area1\">\n                <div class=\"recomendadorV2Img\">\n                <img class=\"lazyloaded\" decoding=\"async\" src=\"https:\/\/diariodepernambuco.com.br\/dpmais\/wp-content\/uploads\/2026\/01\/Cartas-Correios-750x375.jpg\" data-src=\"https:\/\/diariodepernambuco.com.br\/dpmais\/wp-content\/uploads\/2026\/01\/Cartas-Correios-750x375.jpg\" alt=\"\">\n                <\/div>\n            <\/div>\n            <div class=\"recomendadorV2Area2\">\n                <div class=\"recomendadorV2Type\">\n                    <span>Fim hist\u00f3rico<\/span>\n                <\/div>\n                <div class=\"recomendadorV2Title\">\n                <h2><span>Correios privatizados \ud83d\udcee<\/span><\/h2>\n                <\/div>\n                <div class=\"recomendadorV2Desc\">\n                <span>Servi\u00e7o estatal de cartas chega ao fim<\/span>\n                <\/div>\n                <div class=\"recomendadorV2Button\">Entenda agora<\/div>\n                <div class=\"recomendadorV2Alert\"><\/div>\n            <\/div>\n            <\/div>\n        <\/a>\n        <div>\n            <div style=\"z-index:99999;\" id=\"buttonClose\" onclick=\"closeRecomendadorFixed()\">\n            <div class=\"recomendadorCloseFixed\">X<\/div>\n            <\/div>\n            <a href=\"https:\/\/diariodepernambuco.com.br\/dpmais\/correios-chega-ao-fim-apos-anos-de-historia-e-servico-de-cartas-passa-a-ser-privado-neste-pais\/?utm_source=lazy\" target=\"_blank\" rel=\"noopener\">\n            <div class=\"recomendadorFixedArea\">\n                <div id=\"recomendadorFixed\">\n                <div class=\"recomendadorLeftArea\">\n                    <div class=\"recomendadorImgFixed\">\n                    <img class=\"lazyload\" decoding=\"async\" src=\"https:\/\/diariodepernambuco.com.br\/dpmais\/wp-content\/uploads\/2026\/01\/Cartas-Correios-750x375.jpg\" alt=\"\">\n                    <\/div>\n                <\/div>\n                <div class=\"recomendadorRightArea\">\n                    <div class=\"recomendadorTitleFixed\">\n                    <h2><span>Correios privatizados \ud83d\udcee<\/span><\/h2>\n                    <\/div>\n                    <div class=\"recomendadorButtonFixed\">Entenda agora<\/div>\n                    <div class=\"recomendadorAlertFixed\"><\/div>\n                <\/div>\n                <\/div>\n            <\/div>\n            <\/a>\n        <\/div>\n        <\/div>\n\n\n\n<p>Servidores da rede estadual da Bahia relatam que golpes envolvendo cart\u00e3o de cr\u00e9dito e empr\u00e9stimos n\u00e3o autorizados t\u00eam reduzido significativamente seus sal\u00e1rios, chegando a comprometer at\u00e9 10% da renda mensal. Casos como o da professora Andrea Karla, que teve mais de R$ 1,3 mil descontados sem reconhecer as cobran\u00e7as, mostram a extens\u00e3o do problema.<\/p>\n\n\n\n<p>A Secretaria de Administra\u00e7\u00e3o do Estado (Saeb) orienta que professores com reclama\u00e7\u00f5es sobre o Credcesta ou outras institui\u00e7\u00f5es consignat\u00e1rias registrem um processo administrativo no sistema SEI Bahia, detalhando a situa\u00e7\u00e3o, para que seja investigada e resolvida.<\/p>\n\n\n\n<p><\/p>\n","protected":false},"excerpt":{"rendered":"<p>Professores da rede estadual da Bahia denunciaram, na \u00faltima segunda-feira (12), descontos abusivos em seus sal\u00e1rios. Segundo relatos de integrantes de um grupo da categoria, os profissionais est\u00e3o indignados com um golpe que envolve cart\u00e3o de cr\u00e9dito e empr\u00e9stimos n\u00e3o autorizados. A professora Andrea Karla, REDA na rede h\u00e1 12 anos, afirma que cerca de [&hellip;]<\/p>\n","protected":false},"author":4,"featured_media":13481,"comment_status":"open","ping_status":"open","sticky":false,"template":"","format":"standard","meta":{"jnews-multi-image_gallery":[],"jnews_single_post":{"format":"standard"},"jnews_primary_category":[],"jnews_social_meta":[],"jnews_post_split":[],"footnotes":""},"categories":[1],"tags":[],"class_list":["post-13478","post","type-post","status-publish","format-standard","has-post-thumbnail","hentry","category-uncategorized"],"_links":{"self":[{"href":"https:\/\/diariodepernambuco.audiencelabs.com.br\/wp-json\/wp\/v2\/posts\/13478","targetHints":{"allow":["GET"]}}],"collection":[{"href":"https:\/\/diariodepernambuco.audiencelabs.com.br\/wp-json\/wp\/v2\/posts"}],"about":[{"href":"https:\/\/diariodepernambuco.audiencelabs.com.br\/wp-json\/wp\/v2\/types\/post"}],"author":[{"embeddable":true,"href":"https:\/\/diariodepernambuco.audiencelabs.com.br\/wp-json\/wp\/v2\/users\/4"}],"replies":[{"embeddable":true,"href":"https:\/\/diariodepernambuco.audiencelabs.com.br\/wp-json\/wp\/v2\/comments?post=13478"}],"version-history":[{"count":4,"href":"https:\/\/diariodepernambuco.audiencelabs.com.br\/wp-json\/wp\/v2\/posts\/13478\/revisions"}],"predecessor-version":[{"id":13749,"href":"https:\/\/diariodepernambuco.audiencelabs.com.br\/wp-json\/wp\/v2\/posts\/13478\/revisions\/13749"}],"wp:featuredmedia":[{"embeddable":true,"href":"https:\/\/diariodepernambuco.audiencelabs.com.br\/wp-json\/wp\/v2\/media\/13481"}],"wp:attachment":[{"href":"https:\/\/diariodepernambuco.audiencelabs.com.br\/wp-json\/wp\/v2\/media?parent=13478"}],"wp:term":[{"taxonomy":"category","embeddable":true,"href":"https:\/\/diariodepernambuco.audiencelabs.com.br\/wp-json\/wp\/v2\/categories?post=13478"},{"taxonomy":"post_tag","embeddable":true,"href":"https:\/\/diariodepernambuco.audiencelabs.com.br\/wp-json\/wp\/v2\/tags?post=13478"}],"curies":[{"name":"wp","href":"https:\/\/api.w.org\/{rel}","templated":true}]}}