{"id":13485,"date":"2026-01-14T16:30:00","date_gmt":"2026-01-14T19:30:00","guid":{"rendered":"https:\/\/diariodepernambuco.audiencelabs.com.br\/?p=13485"},"modified":"2026-01-13T15:25:03","modified_gmt":"2026-01-13T18:25:03","slug":"5-cidades-que-a-neve-e-certa-e-sempre-vai-acontecer","status":"publish","type":"post","link":"https:\/\/diariodepernambuco.audiencelabs.com.br\/5-cidades-que-a-neve-e-certa-e-sempre-vai-acontecer\/","title":{"rendered":"5 cidades em que a neve \u00e9 certa e sempre vai acontecer"},"content":{"rendered":"\n<p>Coberta por uma espessa camada de neve que tomou ruas, monumentos e pontos tur\u00edsticos, Paris ganhou um charme extra nos \u00faltimos dias. As paisagens totalmente brancas chamaram a aten\u00e7\u00e3o e se espalharam por jornais e redes sociais ao redor do mundo. Ainda assim, a capital francesa n\u00e3o foi a \u00fanica cidade europeia \u201ctomada\u201d pela neve.<\/p>\n\n\n\n<p>Assim como ocorreu na Fran\u00e7a e em outras regi\u00f5es da Europa \u2014 como Reino Unido, B\u00e9lgica, Holanda, Espanha, It\u00e1lia, Esc\u00f3cia, Su\u00e9cia e Dinamarca \u2014, a maior nevasca dos \u00faltimos oito anos causou interrup\u00e7\u00f5es no transporte, cancelamentos de voos e o fechamento de escolas.<\/p>\n\n\n\n<p>Muitos turistas surpreendidos pelo fen\u00f4meno meteorol\u00f3gico, no entanto, n\u00e3o deram tanta import\u00e2ncia \u00e0s inconveni\u00eancias: ficaram fascinados com as imagens t\u00e3o especiais e acreditam que a viagem se tornou ainda mais inesquec\u00edvel.<\/p>\n\n\n\n<p>Para quem deseja viver a experi\u00eancia da neve e quer a garantia de encontr\u00e1-la, selecionamos cinco destinos que costumam se transformar durante o inverno europeu. A recomenda\u00e7\u00e3o \u00e9 priorizar regi\u00f5es dos Alpes \u2014 na Su\u00ed\u00e7a, \u00c1ustria, Fran\u00e7a ou It\u00e1lia \u2014 al\u00e9m da Escandin\u00e1via e do Leste Europeu. Confira:<\/p>\n\n\n\n<ul class=\"wp-block-list\">\n<li>Rovaniemi, na Finl\u00e2ndia, \u00e9 a capital da Lap\u00f4nia finlandesa e conhecida mundialmente por sediar a cidade oficial do Papai Noel. Localizada no norte do pa\u00eds, a apenas 8 quil\u00f4metros do C\u00edrculo Polar \u00c1rtico, a cidade tem neve garantida nesta \u00e9poca do ano.<\/li>\n<\/ul>\n\n\n\n<ul class=\"wp-block-list\">\n<li>St. Moritz, na Su\u00ed\u00e7a, \u00e9 frequentada durante o inverno desde 1864 e \u00e9 reconhecida mundialmente como o ber\u00e7o do turismo de inverno. Localizada no vale de Engadina, no cant\u00e3o de Gris\u00f5es, a cidade combina paisagens deslumbrantes com um estilo de vida luxuoso e sofisticado.<\/li>\n<\/ul>\n\n\n\n<ul class=\"wp-block-list\">\n<li>Val d\u2019Is\u00e8re, na Fran\u00e7a, \u00e9 uma charmosa vila alpina conhecida como uma das melhores esta\u00e7\u00f5es de esqui do mundo. O destino conta com cerca de 300 quil\u00f4metros de pistas para todos os n\u00edveis, do iniciante ao expert, al\u00e9m de oferecer infraestrutura de alto padr\u00e3o e uma vida noturna movimentada.<\/li>\n<\/ul>\n\n\n\n<ul class=\"wp-block-list\">\n<li>Cortina d\u2019Ampezzo, na It\u00e1lia, conhecida como a \u201cRainha das Dolomitas\u201d, fica na regi\u00e3o do V\u00eaneto, no norte do pa\u00eds. O destino \u00e9 famoso pelas paisagens montanhosas impressionantes e pelas op\u00e7\u00f5es de esqui e trilhas, al\u00e9m de ser uma das sedes dos Jogos Ol\u00edmpicos de Inverno de 2026.<\/li>\n<\/ul>\n\n\n\n<ul class=\"wp-block-list\">\n<li>Riga, na Let\u00f4nia, \u00e9 um importante polo cultural e econ\u00f4mico dos Pa\u00edses B\u00e1lticos e a maior cidade do pa\u00eds. O destino combina um centro hist\u00f3rico medieval, numerosas constru\u00e7\u00f5es em estilo Art Nouveau e uma vida cultural intensa. No inverno, a cidade costuma registrar muita neve e tamb\u00e9m se destaca por oferecer seguran\u00e7a e alta qualidade de vida.<\/li>\n<\/ul>\n\n\n\n<p><\/p>\n","protected":false},"excerpt":{"rendered":"<p>Coberta por uma espessa camada de neve que tomou ruas, monumentos e pontos tur\u00edsticos, Paris ganhou um charme extra nos \u00faltimos dias. As paisagens totalmente brancas chamaram a aten\u00e7\u00e3o e se espalharam por jornais e redes sociais ao redor do mundo. Ainda assim, a capital francesa n\u00e3o foi a \u00fanica cidade europeia \u201ctomada\u201d pela neve. [&hellip;]<\/p>\n","protected":false},"author":4,"featured_media":13488,"comment_status":"open","ping_status":"open","sticky":false,"template":"","format":"standard","meta":{"jnews-multi-image_gallery":[],"jnews_single_post":{"format":"standard"},"jnews_primary_category":[],"jnews_social_meta":[],"jnews_post_split":[],"footnotes":""},"categories":[1],"tags":[],"class_list":["post-13485","post","type-post","status-publish","format-standard","has-post-thumbnail","hentry","category-uncategorized"],"_links":{"self":[{"href":"https:\/\/diariodepernambuco.audiencelabs.com.br\/wp-json\/wp\/v2\/posts\/13485","targetHints":{"allow":["GET"]}}],"collection":[{"href":"https:\/\/diariodepernambuco.audiencelabs.com.br\/wp-json\/wp\/v2\/posts"}],"about":[{"href":"https:\/\/diariodepernambuco.audiencelabs.com.br\/wp-json\/wp\/v2\/types\/post"}],"author":[{"embeddable":true,"href":"https:\/\/diariodepernambuco.audiencelabs.com.br\/wp-json\/wp\/v2\/users\/4"}],"replies":[{"embeddable":true,"href":"https:\/\/diariodepernambuco.audiencelabs.com.br\/wp-json\/wp\/v2\/comments?post=13485"}],"version-history":[{"count":3,"href":"https:\/\/diariodepernambuco.audiencelabs.com.br\/wp-json\/wp\/v2\/posts\/13485\/revisions"}],"predecessor-version":[{"id":13526,"href":"https:\/\/diariodepernambuco.audiencelabs.com.br\/wp-json\/wp\/v2\/posts\/13485\/revisions\/13526"}],"wp:featuredmedia":[{"embeddable":true,"href":"https:\/\/diariodepernambuco.audiencelabs.com.br\/wp-json\/wp\/v2\/media\/13488"}],"wp:attachment":[{"href":"https:\/\/diariodepernambuco.audiencelabs.com.br\/wp-json\/wp\/v2\/media?parent=13485"}],"wp:term":[{"taxonomy":"category","embeddable":true,"href":"https:\/\/diariodepernambuco.audiencelabs.com.br\/wp-json\/wp\/v2\/categories?post=13485"},{"taxonomy":"post_tag","embeddable":true,"href":"https:\/\/diariodepernambuco.audiencelabs.com.br\/wp-json\/wp\/v2\/tags?post=13485"}],"curies":[{"name":"wp","href":"https:\/\/api.w.org\/{rel}","templated":true}]}}