{"id":13504,"date":"2026-01-13T13:32:21","date_gmt":"2026-01-13T16:32:21","guid":{"rendered":"https:\/\/diariodepernambuco.audiencelabs.com.br\/?p=13504"},"modified":"2026-01-13T16:42:37","modified_gmt":"2026-01-13T19:42:37","slug":"a-palavra-da-lingua-portuguesa-que-muitos-falam-errado","status":"publish","type":"post","link":"https:\/\/diariodepernambuco.audiencelabs.com.br\/a-palavra-da-lingua-portuguesa-que-muitos-falam-errado\/","title":{"rendered":"A palavra da l\u00edngua portuguesa que muitos falam errado"},"content":{"rendered":"\n<p>Aprender um novo idioma pode ser desafiador. Por\u00e9m, vale lembrar que a pr\u00f3pria l\u00edngua portuguesa tamb\u00e9m <strong>inclui alguns termos e palavras<\/strong> cuja pron\u00fancia e escrita correta pode ser dif\u00edcil at\u00e9 mesmo para falantes nativos, causando confus\u00f5es com frequ\u00eancia.<\/p>\n\n\n\n<p>E \u00e9 importante destacar que equ\u00edvocos no uso de determinadas palavras<strong> n\u00e3o se restringem a pessoas com menor grau de instru\u00e7\u00e3o<\/strong>, pois, independentemente do n\u00edvel de escolaridade, \u00e9 muito f\u00e1cil comet\u00ea-los.<\/p>\n\n\n\n<p>Possivelmente, uma das maiores &#8220;v\u00edtimas&#8221; \u00e9 a palavra <strong>asterisco<\/strong>, que representa o pequeno sinal gr\u00e1fico em forma de estrela (*) utilizado para indicar notas de rodap\u00e9, observa\u00e7\u00f5es ou at\u00e9 mesmo cita\u00e7\u00f5es.<\/p>\n\n\n\n<p>Normalmente, muitas pessoas acabam &#8220;prolongando&#8221; tanto a pron\u00fancia quanto a grafia da palavra, acrescentando letras por acreditarem se tratar da forma correta e, deste modo, a transformam em <strong>&#8220;aster\u00edstico&#8221;<\/strong>.<\/p>\n\n\n\n<p>Entretanto, o &#8220;t&#8221; e o &#8220;i&#8221; e o acento agudo adicionados n\u00e3o apenas deixam a palavra mais complexa como ainda a tornam incorreta. Por conta disso, \u00e9 fundamental dispens\u00e1-los, lembrando que a grafia correta sempre ser\u00e1 <strong>asterisco<\/strong>.<\/p>\n\n\n\n<h2 class=\"wp-block-heading\">Palavras controversas da l\u00edngua portuguesa: confira a lista de erros comuns<\/h2>\n\n\n<style>@media (min-width: 992px) {\n    .recomendadorV2Area1 {\n        width: 280px;\n    }\n    .recomendadorV2Area2 {\n        padding: 0px 20px;\n        width: calc(100% - 280px);\n    }\n}\n\n@media (max-width: 992px) {\n    .recomendadorV2Button {\n        margin: 0 auto;\n    }\n    .recomendadorV2Area {\n        flex-direction: column;\n        text-align: center;\n    }\n    .recomendadorV2Area2 {\n        padding: 0px 20px;\n    }\n}\n\n.recomendadorV2Area {\n    background: #eeeeee3d;\n    border-radius: 10px;\n    padding: 15px;\n    display: flex;\n    margin: 15px auto;\n    border: 1px solid #00000014;\n    max-width: 800px;\n}\n\n.recomendadorV2Area1 img {\n    width: 280px;\n    height: auto;\n    border-radius: 8px;\n}\n\n.linkrecomendadorv2 {\n    text-decoration: none !important;\n}\n\n.recomendadorV2Area2 .recomendadorV2Type {\n    text-transform: uppercase;\n    font-weight: 500;\n    font-size: 11px;\n    letter-spacing: 2px;\n    color: #666;\n    margin: 12px 0;\n    display: block;\n}\n\n.recomendadorV2Title h2 {\n    padding-top: 0px !important;\n    margin: 0px !important;\n    border-left: none !important;\n    padding-left: 0px !important;\n    line-height: 1.3;\n    color: #000 !important;\n    font-size: 24px;\n    margin-bottom: 12px !important;\n}\n\n.recomendadorV2Desc {\n    color: #333;\n    margin: 12px 0px !important;\n    font-size: 15px;\n    line-height: 1.5;\n}\n\n.recomendadorV2Button {\n    width: auto;\n    max-width: 200px;\n    margin: 0;\n    display: inline-flex;\n    align-items: center;\n    background: #1D3557;\n    border-radius: 8px;\n    color: #fff;\n    height: 36px;\n    justify-content: center;\n    text-align: center;\n    font-size: 14px;\n    padding: 0 20px;\n    transition: background-color 0.2s ease;\n}\n\n.recomendadorV2Button:hover {\n    background: #2a4d7a;\n}\n\n.recomendadorV2Button:after {\n    margin-top: -2px;\n    content: \"\u2192\";\n    padding: 0px 0px 0px 8px;\n}\n\n.recomendadorV2Alert {\n    text-align: left;\n    font-size: 11px;\n    margin-top: 8px;\n    color: #666;\n}\n\n.recomendadorFixedArea {\n    width: 100%;\n    display: flex;\n    justify-content: center;\n    align-items: center;\n}\n\n@media (min-width: 992px) {\n    #recomendadorFixed {\n        width: 32% !important;\n        left: 5%;\n    }\n    .recomendadorCloseFixed{\n        right: inherit !important;\n        left: 378px !important;\n    }\n}\n\n#recomendadorFixed {\n    width: 90%;\n    box-shadow: 0 10px 20px 0px #00000057;\n    display: none;\n    height: 90px;\n    background: #F6F6F6;\n    position: fixed;\n    flex-direction: row;\n    bottom: 10px;\n    z-index: 9999;\n    border-radius: 16px;\n    padding: 7px 10px;\n}\n\n.recomendadorLeftArea {\n    width: 160px;\n}\n\n.recomendadorRightArea h2 {\n    padding-top: 0px;\n    margin: 2px 0px 4px 0px !important;\n    font-weight: 400;\n    text-align: center;\n    padding-left: 0px !important;\n    color: #000 !important;\n    border-left: none !important;\n    line-height: 20px;\n    font-size: 12px !important;\n}\n\n.recomendadorImgFixed {\n    overflow: hidden;\n    padding: 8px 6px;\n    height: 100%;\n}\n\n.recomendadorImgFixed img {\n    height: 100% !important;\n    border-radius: 16px;\n}\n\n.recomendadorRightArea {\n    padding-top: 6px;\n    display: flex;\n    width: calc(100% - 130px);\n    justify-content: space-between;\n    align-items: center;\n    flex-direction: column;\n}\n\n.recomendadorButtonFixed {\n    margin: 0 auto;\n    background: #1D3557;\n    width: 80%;\n    text-align: center;\n    font-size: 10px;\n    color: #FFF;\n    padding: 2px 10px;\n    border-radius: 3px;\n}\n\n.recomendadorButtonFixed:after {\n    margin-top: -3px;\n    content: \"\u2192\";\n    padding: 0px 0px 0px 10px;\n}\n\n.recomendadorAlertFixed {\n    font-weight: 400;\n    text-align: center;\n    color: #484848;\n    font-size: 8px;\n}\n\n.recomendadorCloseFixed {\n    z-index: 99999;\n    display: none;\n    right: 0px;\n    left: inherit;\n    bottom: 99px;\n    position: fixed;\n    justify-content: center;\n    background: #F6F6F6;\n    width: 25px;\n    align-items: center;\n    height: 25px;\n    font-weight: 800;\n    border-radius: 50%;\n    border: 1px solid #EBEBEB;\n}\n\n.recomendadorV2Desc{\n    color: #000000;\n    margin: 20px 0px;\n}\n\n@media (max-width: 576px) {\n    .recomendadorV2Area {\n      padding: 10px;\n      max-width: 100%;\n    }\n  \n    .recomendadorV2Area1 img {\n      width: 100%;\n      border-radius: 6px;\n    }\n  \n    .recomendadorV2Area2 .recomendadorV2Type {\n      font-size: 9px;\n      letter-spacing: 1px;\n      margin: 8px 0;\n    }\n  \n    .recomendadorV2Title h2 {\n      font-size: 18px !important;\n      margin-bottom: 8px !important;\n      line-height: 1.2;\n    }\n  \n    .recomendadorV2Desc {\n      font-size: 14px;\n      margin: 8px 0 !important;\n      line-height: 1.4;\n    }\n  \n    .recomendadorV2Button {\n      font-size: 12px;\n      height: 30px;\n      padding: 0 12px;\n      max-width: 160px;\n    }\n  \n    .recomendadorV2Button:after {\n      padding-left: 6px;\n    }\n  }\n  <\/style>\n        <div class=\"lazyblock-recomendador-v2-2jDGz wp-block-lazyblock-recomendador-v2\">\n        <a class=\"linkrecomendadorv2\" href=\"https:\/\/diariodepernambuco.com.br\/dpmais\/ano-letivo-de-2026-vai-ter-mudancas-no-ensino-fundamental-e-os-pais-estao-com-duvidas\/?utm_source=lazy\" target=\"_blank\" rel=\"noopener\">\n            <div class=\"recomendadorV2Area\">\n            <div class=\"recomendadorV2Area1\">\n                <div class=\"recomendadorV2Img\">\n                <img class=\"lazyloaded\" decoding=\"async\" src=\"https:\/\/diariodepernambuco.com.br\/dpmais\/wp-content\/uploads\/2025\/12\/Sala-de-Aula-750x375.jpg\" data-src=\"https:\/\/diariodepernambuco.com.br\/dpmais\/wp-content\/uploads\/2025\/12\/Sala-de-Aula-750x375.jpg\" alt=\"\">\n                <\/div>\n            <\/div>\n            <div class=\"recomendadorV2Area2\">\n                <div class=\"recomendadorV2Type\">\n                    <span>Educa\u00e7\u00e3o 2026<\/span>\n                <\/div>\n                <div class=\"recomendadorV2Title\">\n                <h2><span>Mudan\u00e7as na escola \ud83d\udcda<\/span><\/h2>\n                <\/div>\n                <div class=\"recomendadorV2Desc\">\n                <span>Ano letivo ter\u00e1 novidades no ensino fundamental<\/span>\n                <\/div>\n                <div class=\"recomendadorV2Button\">Entenda tudo<\/div>\n                <div class=\"recomendadorV2Alert\"><\/div>\n            <\/div>\n            <\/div>\n        <\/a>\n        <div>\n            <div style=\"z-index:99999;\" id=\"buttonClose\" onclick=\"closeRecomendadorFixed()\">\n            <div class=\"recomendadorCloseFixed\">X<\/div>\n            <\/div>\n            <a href=\"https:\/\/diariodepernambuco.com.br\/dpmais\/ano-letivo-de-2026-vai-ter-mudancas-no-ensino-fundamental-e-os-pais-estao-com-duvidas\/?utm_source=lazy\" target=\"_blank\" rel=\"noopener\">\n            <div class=\"recomendadorFixedArea\">\n                <div id=\"recomendadorFixed\">\n                <div class=\"recomendadorLeftArea\">\n                    <div class=\"recomendadorImgFixed\">\n                    <img class=\"lazyload\" decoding=\"async\" src=\"https:\/\/diariodepernambuco.com.br\/dpmais\/wp-content\/uploads\/2025\/12\/Sala-de-Aula-750x375.jpg\" alt=\"\">\n                    <\/div>\n                <\/div>\n                <div class=\"recomendadorRightArea\">\n                    <div class=\"recomendadorTitleFixed\">\n                    <h2><span>Mudan\u00e7as na escola \ud83d\udcda<\/span><\/h2>\n                    <\/div>\n                    <div class=\"recomendadorButtonFixed\">Entenda tudo<\/div>\n                    <div class=\"recomendadorAlertFixed\"><\/div>\n                <\/div>\n                <\/div>\n            <\/div>\n            <\/a>\n        <\/div>\n        <\/div>\n\n\n\n<p>Vale ressaltar que &#8220;asterisco&#8221; \u00e9 apenas uma das palavras que frequentemente se torna alvo de enganos, pois a l\u00edngua portuguesa ainda conta com muitas outras que geram dubiedade na hora de serem utilizadas. Alguns exemplos incluem:<\/p>\n\n\n\n<ul class=\"wp-block-list\">\n<li><strong>Tor\u00e1cico (incorreta: tor\u00e1xico);<\/strong><\/li>\n\n\n\n<li><strong>Sup\u00e9rfluo (sup\u00e9rfulo);<\/strong><\/li>\n\n\n\n<li><strong>Beneficente (beneficiente);<\/strong><\/li>\n\n\n\n<li><strong>Meteorologia (metereologia);<\/strong><\/li>\n\n\n\n<li><strong>Privil\u00e9gio (previl\u00e9gio);<\/strong><\/li>\n\n\n\n<li><strong>Empecilho (impecilho);<\/strong><\/li>\n\n\n\n<li><strong>Reivindicar (reinvindicar);<\/strong><\/li>\n\n\n\n<li><strong>Coincid\u00eancia (conhecid\u00eancia);<\/strong><\/li>\n\n\n\n<li><strong>Companhia (compania);<\/strong><\/li>\n\n\n\n<li><strong>Losango (los\u00e2ngulo);<\/strong><\/li>\n\n\n\n<li><strong>Poliomielite (poliomelite);<\/strong><\/li>\n\n\n\n<li><strong>C\u00e9rebro (c\u00e9lebro);<\/strong><\/li>\n\n\n\n<li><strong>Lagarta\/lagarto (largata\/largato);<\/strong><\/li>\n\n\n\n<li><strong>Entretido (entertido);<\/strong><\/li>\n\n\n\n<li><strong>Madrasta (madastra);<\/strong><\/li>\n\n\n\n<li><strong>Milion\u00e1rio (milhon\u00e1rio);<\/strong><\/li>\n\n\n\n<li><strong>Bicarbonato (bicabornato).<\/strong><\/li>\n<\/ul>\n\n\n\n<p>Para evitar erros, principalmente na hora de escrever, \u00e9 fundamental recorrer a recursos como dicion\u00e1rios ou buscar as palavras atrav\u00e9s da internet para conferir n\u00e3o apenas sua grafia, mas tamb\u00e9m sua pron\u00fancia correta, e assim aperfei\u00e7oar o vocabul\u00e1rio.<\/p>\n","protected":false},"excerpt":{"rendered":"<p>Aprender um novo idioma pode ser desafiador. Por\u00e9m, vale lembrar que a pr\u00f3pria l\u00edngua portuguesa tamb\u00e9m inclui alguns termos e palavras cuja pron\u00fancia e escrita correta pode ser dif\u00edcil at\u00e9 mesmo para falantes nativos, causando confus\u00f5es com frequ\u00eancia. E \u00e9 importante destacar que equ\u00edvocos no uso de determinadas palavras n\u00e3o se restringem a pessoas com [&hellip;]<\/p>\n","protected":false},"author":15,"featured_media":13505,"comment_status":"open","ping_status":"open","sticky":false,"template":"","format":"standard","meta":{"jnews-multi-image_gallery":[],"jnews_single_post":{"format":"standard"},"jnews_primary_category":[],"jnews_social_meta":[],"jnews_post_split":[],"footnotes":""},"categories":[1],"tags":[],"class_list":["post-13504","post","type-post","status-publish","format-standard","has-post-thumbnail","hentry","category-uncategorized"],"_links":{"self":[{"href":"https:\/\/diariodepernambuco.audiencelabs.com.br\/wp-json\/wp\/v2\/posts\/13504","targetHints":{"allow":["GET"]}}],"collection":[{"href":"https:\/\/diariodepernambuco.audiencelabs.com.br\/wp-json\/wp\/v2\/posts"}],"about":[{"href":"https:\/\/diariodepernambuco.audiencelabs.com.br\/wp-json\/wp\/v2\/types\/post"}],"author":[{"embeddable":true,"href":"https:\/\/diariodepernambuco.audiencelabs.com.br\/wp-json\/wp\/v2\/users\/15"}],"replies":[{"embeddable":true,"href":"https:\/\/diariodepernambuco.audiencelabs.com.br\/wp-json\/wp\/v2\/comments?post=13504"}],"version-history":[{"count":2,"href":"https:\/\/diariodepernambuco.audiencelabs.com.br\/wp-json\/wp\/v2\/posts\/13504\/revisions"}],"predecessor-version":[{"id":13541,"href":"https:\/\/diariodepernambuco.audiencelabs.com.br\/wp-json\/wp\/v2\/posts\/13504\/revisions\/13541"}],"wp:featuredmedia":[{"embeddable":true,"href":"https:\/\/diariodepernambuco.audiencelabs.com.br\/wp-json\/wp\/v2\/media\/13505"}],"wp:attachment":[{"href":"https:\/\/diariodepernambuco.audiencelabs.com.br\/wp-json\/wp\/v2\/media?parent=13504"}],"wp:term":[{"taxonomy":"category","embeddable":true,"href":"https:\/\/diariodepernambuco.audiencelabs.com.br\/wp-json\/wp\/v2\/categories?post=13504"},{"taxonomy":"post_tag","embeddable":true,"href":"https:\/\/diariodepernambuco.audiencelabs.com.br\/wp-json\/wp\/v2\/tags?post=13504"}],"curies":[{"name":"wp","href":"https:\/\/api.w.org\/{rel}","templated":true}]}}