{"id":13509,"date":"2026-01-14T15:00:00","date_gmt":"2026-01-14T18:00:00","guid":{"rendered":"https:\/\/diariodepernambuco.audiencelabs.com.br\/?p=13509"},"modified":"2026-01-14T18:12:45","modified_gmt":"2026-01-14T21:12:45","slug":"lei-do-cartao-de-credito-afeta-brasileiros-em-2026","status":"publish","type":"post","link":"https:\/\/diariodepernambuco.audiencelabs.com.br\/lei-do-cartao-de-credito-afeta-brasileiros-em-2026\/","title":{"rendered":"Lei do cart\u00e3o de cr\u00e9dito afeta brasileiros em 2026"},"content":{"rendered":"\n<p>A Lei do Desenrola (Lei n\u00ba 14.690\/23) promoveu uma mudan\u00e7a significativa no mercado de cr\u00e9dito ao estabelecer um limite definitivo para os juros do rotativo do cart\u00e3o de cr\u00e9dito. Com a nova regra, a legisla\u00e7\u00e3o busca evitar o endividamento excessivo, determinando que os encargos n\u00e3o tornem a d\u00edvida impag\u00e1vel, ao fixar um teto de 100% sobre o valor original do d\u00e9bito.<\/p>\n\n\n\n<p>Na pr\u00e1tica, a lei define que a soma de juros e demais encargos n\u00e3o pode ultrapassar o montante principal da d\u00edvida. Assim, um consumidor que contraiu um d\u00e9bito de R$ 1.000 no cart\u00e3o de cr\u00e9dito jamais pagar\u00e1 mais de R$ 2.000 no total, considerando o valor original e os juros aplicados.<\/p>\n\n\n\n<p>A medida, em vigor desde o in\u00edcio de 2024, p\u00f4s fim \u00e0 pr\u00e1tica anterior em que as taxas de juros chegavam a ultrapassar 400% ao ano, alimentando uma verdadeira \u201cbola de neve\u201d financeira para os consumidores. O novo modelo se inspira em legisla\u00e7\u00f5es bem-sucedidas adotadas em pa\u00edses como o Reino Unido, com foco no combate ao superendividamento.<\/p>\n\n\n\n<p>O programa representou uma iniciativa in\u00e9dita de renegocia\u00e7\u00e3o de d\u00edvidas, voltada \u00e0 regulariza\u00e7\u00e3o do nome de milh\u00f5es de brasileiros em situa\u00e7\u00e3o de inadimpl\u00eancia. A proposta teve como objetivo facilitar a quita\u00e7\u00e3o de d\u00e9bitos junto a bancos, redes varejistas e concession\u00e1rias de servi\u00e7os p\u00fablicos, como \u00e1gua e energia el\u00e9trica.<\/p>\n\n\n\n<h2 class=\"wp-block-heading\">Impactos diretos no bolso do consumidor e no acesso ao cr\u00e9dito<\/h2>\n\n\n<style>@media (min-width: 992px) {\n    .recomendadorV2Area1 {\n        width: 280px;\n    }\n    .recomendadorV2Area2 {\n        padding: 0px 20px;\n        width: calc(100% - 280px);\n    }\n}\n\n@media (max-width: 992px) {\n    .recomendadorV2Button {\n        margin: 0 auto;\n    }\n    .recomendadorV2Area {\n        flex-direction: column;\n        text-align: center;\n    }\n    .recomendadorV2Area2 {\n        padding: 0px 20px;\n    }\n}\n\n.recomendadorV2Area {\n    background: #eeeeee3d;\n    border-radius: 10px;\n    padding: 15px;\n    display: flex;\n    margin: 15px auto;\n    border: 1px solid #00000014;\n    max-width: 800px;\n}\n\n.recomendadorV2Area1 img {\n    width: 280px;\n    height: auto;\n    border-radius: 8px;\n}\n\n.linkrecomendadorv2 {\n    text-decoration: none !important;\n}\n\n.recomendadorV2Area2 .recomendadorV2Type {\n    text-transform: uppercase;\n    font-weight: 500;\n    font-size: 11px;\n    letter-spacing: 2px;\n    color: #666;\n    margin: 12px 0;\n    display: block;\n}\n\n.recomendadorV2Title h2 {\n    padding-top: 0px !important;\n    margin: 0px !important;\n    border-left: none !important;\n    padding-left: 0px !important;\n    line-height: 1.3;\n    color: #000 !important;\n    font-size: 24px;\n    margin-bottom: 12px !important;\n}\n\n.recomendadorV2Desc {\n    color: #333;\n    margin: 12px 0px !important;\n    font-size: 15px;\n    line-height: 1.5;\n}\n\n.recomendadorV2Button {\n    width: auto;\n    max-width: 200px;\n    margin: 0;\n    display: inline-flex;\n    align-items: center;\n    background: #1D3557;\n    border-radius: 8px;\n    color: #fff;\n    height: 36px;\n    justify-content: center;\n    text-align: center;\n    font-size: 14px;\n    padding: 0 20px;\n    transition: background-color 0.2s ease;\n}\n\n.recomendadorV2Button:hover {\n    background: #2a4d7a;\n}\n\n.recomendadorV2Button:after {\n    margin-top: -2px;\n    content: \"\u2192\";\n    padding: 0px 0px 0px 8px;\n}\n\n.recomendadorV2Alert {\n    text-align: left;\n    font-size: 11px;\n    margin-top: 8px;\n    color: #666;\n}\n\n.recomendadorFixedArea {\n    width: 100%;\n    display: flex;\n    justify-content: center;\n    align-items: center;\n}\n\n@media (min-width: 992px) {\n    #recomendadorFixed {\n        width: 32% !important;\n        left: 5%;\n    }\n    .recomendadorCloseFixed{\n        right: inherit !important;\n        left: 378px !important;\n    }\n}\n\n#recomendadorFixed {\n    width: 90%;\n    box-shadow: 0 10px 20px 0px #00000057;\n    display: none;\n    height: 90px;\n    background: #F6F6F6;\n    position: fixed;\n    flex-direction: row;\n    bottom: 10px;\n    z-index: 9999;\n    border-radius: 16px;\n    padding: 7px 10px;\n}\n\n.recomendadorLeftArea {\n    width: 160px;\n}\n\n.recomendadorRightArea h2 {\n    padding-top: 0px;\n    margin: 2px 0px 4px 0px !important;\n    font-weight: 400;\n    text-align: center;\n    padding-left: 0px !important;\n    color: #000 !important;\n    border-left: none !important;\n    line-height: 20px;\n    font-size: 12px !important;\n}\n\n.recomendadorImgFixed {\n    overflow: hidden;\n    padding: 8px 6px;\n    height: 100%;\n}\n\n.recomendadorImgFixed img {\n    height: 100% !important;\n    border-radius: 16px;\n}\n\n.recomendadorRightArea {\n    padding-top: 6px;\n    display: flex;\n    width: calc(100% - 130px);\n    justify-content: space-between;\n    align-items: center;\n    flex-direction: column;\n}\n\n.recomendadorButtonFixed {\n    margin: 0 auto;\n    background: #1D3557;\n    width: 80%;\n    text-align: center;\n    font-size: 10px;\n    color: #FFF;\n    padding: 2px 10px;\n    border-radius: 3px;\n}\n\n.recomendadorButtonFixed:after {\n    margin-top: -3px;\n    content: \"\u2192\";\n    padding: 0px 0px 0px 10px;\n}\n\n.recomendadorAlertFixed {\n    font-weight: 400;\n    text-align: center;\n    color: #484848;\n    font-size: 8px;\n}\n\n.recomendadorCloseFixed {\n    z-index: 99999;\n    display: none;\n    right: 0px;\n    left: inherit;\n    bottom: 99px;\n    position: fixed;\n    justify-content: center;\n    background: #F6F6F6;\n    width: 25px;\n    align-items: center;\n    height: 25px;\n    font-weight: 800;\n    border-radius: 50%;\n    border: 1px solid #EBEBEB;\n}\n\n.recomendadorV2Desc{\n    color: #000000;\n    margin: 20px 0px;\n}\n\n@media (max-width: 576px) {\n    .recomendadorV2Area {\n      padding: 10px;\n      max-width: 100%;\n    }\n  \n    .recomendadorV2Area1 img {\n      width: 100%;\n      border-radius: 6px;\n    }\n  \n    .recomendadorV2Area2 .recomendadorV2Type {\n      font-size: 9px;\n      letter-spacing: 1px;\n      margin: 8px 0;\n    }\n  \n    .recomendadorV2Title h2 {\n      font-size: 18px !important;\n      margin-bottom: 8px !important;\n      line-height: 1.2;\n    }\n  \n    .recomendadorV2Desc {\n      font-size: 14px;\n      margin: 8px 0 !important;\n      line-height: 1.4;\n    }\n  \n    .recomendadorV2Button {\n      font-size: 12px;\n      height: 30px;\n      padding: 0 12px;\n      max-width: 160px;\n    }\n  \n    .recomendadorV2Button:after {\n      padding-left: 6px;\n    }\n  }\n  <\/style>\n        <div class=\"lazyblock-recomendador-v2-2jDGz wp-block-lazyblock-recomendador-v2\">\n        <a class=\"linkrecomendadorv2\" href=\"https:\/\/diariodepernambuco.com.br\/dpmais\/brasileiros-com-filhos-recebem-pix-extra-do-governo-caso-se-enquadrem-nessa-situacao\/?utm_source=lazy\" target=\"_blank\" rel=\"noopener\">\n            <div class=\"recomendadorV2Area\">\n            <div class=\"recomendadorV2Area1\">\n                <div class=\"recomendadorV2Img\">\n                <img class=\"lazyloaded\" decoding=\"async\" src=\"https:\/\/diariodepernambuco.com.br\/dpmais\/wp-content\/uploads\/2025\/09\/money-2180330_640-640x375.jpg\" data-src=\"https:\/\/diariodepernambuco.com.br\/dpmais\/wp-content\/uploads\/2025\/09\/money-2180330_640-640x375.jpg\" alt=\"\">\n                <\/div>\n            <\/div>\n            <div class=\"recomendadorV2Area2\">\n                <div class=\"recomendadorV2Type\">\n                    <span>Aux\u00edlio Governo<\/span>\n                <\/div>\n                <div class=\"recomendadorV2Title\">\n                <h2><span>Pix extra \ud83d\udc68\u200d\ud83d\udc69\u200d\ud83d\udc67<\/span><\/h2>\n                <\/div>\n                <div class=\"recomendadorV2Desc\">\n                <span>Fam\u00edlias podem receber Pix do governo<\/span>\n                <\/div>\n                <div class=\"recomendadorV2Button\">Veja se tem direito<\/div>\n                <div class=\"recomendadorV2Alert\"><\/div>\n            <\/div>\n            <\/div>\n        <\/a>\n        <div>\n            <div style=\"z-index:99999;\" id=\"buttonClose\" onclick=\"closeRecomendadorFixed()\">\n            <div class=\"recomendadorCloseFixed\">X<\/div>\n            <\/div>\n            <a href=\"https:\/\/diariodepernambuco.com.br\/dpmais\/brasileiros-com-filhos-recebem-pix-extra-do-governo-caso-se-enquadrem-nessa-situacao\/?utm_source=lazy\" target=\"_blank\" rel=\"noopener\">\n            <div class=\"recomendadorFixedArea\">\n                <div id=\"recomendadorFixed\">\n                <div class=\"recomendadorLeftArea\">\n                    <div class=\"recomendadorImgFixed\">\n                    <img class=\"lazyload\" decoding=\"async\" src=\"https:\/\/diariodepernambuco.com.br\/dpmais\/wp-content\/uploads\/2025\/09\/money-2180330_640-640x375.jpg\" alt=\"\">\n                    <\/div>\n                <\/div>\n                <div class=\"recomendadorRightArea\">\n                    <div class=\"recomendadorTitleFixed\">\n                    <h2><span>Pix extra \ud83d\udc68\u200d\ud83d\udc69\u200d\ud83d\udc67<\/span><\/h2>\n                    <\/div>\n                    <div class=\"recomendadorButtonFixed\">Veja se tem direito<\/div>\n                    <div class=\"recomendadorAlertFixed\"><\/div>\n                <\/div>\n                <\/div>\n            <\/div>\n            <\/a>\n        <\/div>\n        <\/div>\n\n\n\n<p>Com o novo limite para os juros do rotativo, consumidores passaram a ter mais previsibilidade sobre o valor final de suas d\u00edvidas, reduzindo o risco de endividamento descontrolado. A mudan\u00e7a favorece especialmente quem recorre ao cart\u00e3o de cr\u00e9dito em situa\u00e7\u00f5es emergenciais, j\u00e1 que impede a multiplica\u00e7\u00e3o excessiva do d\u00e9bito ao longo do tempo.<\/p>\n\n\n\n<p>Por outro lado, a legisla\u00e7\u00e3o tamb\u00e9m provocou ajustes no mercado financeiro. Institui\u00e7\u00f5es passaram a revisar pol\u00edticas de concess\u00e3o de cr\u00e9dito, limites e parcelamentos, o que pode tornar o acesso ao cart\u00e3o mais criterioso. Ainda assim, especialistas avaliam que o equil\u00edbrio entre prote\u00e7\u00e3o ao consumidor e sustentabilidade do sistema tende a fortalecer o uso consciente do cr\u00e9dito no pa\u00eds.<\/p>\n\n\n\n<p><\/p>\n","protected":false},"excerpt":{"rendered":"<p>A Lei do Desenrola (Lei n\u00ba 14.690\/23) promoveu uma mudan\u00e7a significativa no mercado de cr\u00e9dito ao estabelecer um limite definitivo para os juros do rotativo do cart\u00e3o de cr\u00e9dito. Com a nova regra, a legisla\u00e7\u00e3o busca evitar o endividamento excessivo, determinando que os encargos n\u00e3o tornem a d\u00edvida impag\u00e1vel, ao fixar um teto de 100% [&hellip;]<\/p>\n","protected":false},"author":4,"featured_media":1207,"comment_status":"open","ping_status":"open","sticky":false,"template":"","format":"standard","meta":{"jnews-multi-image_gallery":[],"jnews_single_post":{"format":"standard"},"jnews_primary_category":[],"jnews_social_meta":[],"jnews_post_split":[],"footnotes":""},"categories":[1],"tags":[],"class_list":["post-13509","post","type-post","status-publish","format-standard","has-post-thumbnail","hentry","category-uncategorized"],"_links":{"self":[{"href":"https:\/\/diariodepernambuco.audiencelabs.com.br\/wp-json\/wp\/v2\/posts\/13509","targetHints":{"allow":["GET"]}}],"collection":[{"href":"https:\/\/diariodepernambuco.audiencelabs.com.br\/wp-json\/wp\/v2\/posts"}],"about":[{"href":"https:\/\/diariodepernambuco.audiencelabs.com.br\/wp-json\/wp\/v2\/types\/post"}],"author":[{"embeddable":true,"href":"https:\/\/diariodepernambuco.audiencelabs.com.br\/wp-json\/wp\/v2\/users\/4"}],"replies":[{"embeddable":true,"href":"https:\/\/diariodepernambuco.audiencelabs.com.br\/wp-json\/wp\/v2\/comments?post=13509"}],"version-history":[{"count":3,"href":"https:\/\/diariodepernambuco.audiencelabs.com.br\/wp-json\/wp\/v2\/posts\/13509\/revisions"}],"predecessor-version":[{"id":13691,"href":"https:\/\/diariodepernambuco.audiencelabs.com.br\/wp-json\/wp\/v2\/posts\/13509\/revisions\/13691"}],"wp:featuredmedia":[{"embeddable":true,"href":"https:\/\/diariodepernambuco.audiencelabs.com.br\/wp-json\/wp\/v2\/media\/1207"}],"wp:attachment":[{"href":"https:\/\/diariodepernambuco.audiencelabs.com.br\/wp-json\/wp\/v2\/media?parent=13509"}],"wp:term":[{"taxonomy":"category","embeddable":true,"href":"https:\/\/diariodepernambuco.audiencelabs.com.br\/wp-json\/wp\/v2\/categories?post=13509"},{"taxonomy":"post_tag","embeddable":true,"href":"https:\/\/diariodepernambuco.audiencelabs.com.br\/wp-json\/wp\/v2\/tags?post=13509"}],"curies":[{"name":"wp","href":"https:\/\/api.w.org\/{rel}","templated":true}]}}