{"id":13544,"date":"2026-01-17T03:45:00","date_gmt":"2026-01-17T06:45:00","guid":{"rendered":"https:\/\/diariodepernambuco.audiencelabs.com.br\/?p=13544"},"modified":"2026-01-13T17:37:18","modified_gmt":"2026-01-13T20:37:18","slug":"capital-mais-quente-do-brasil-tem-paraiso-que-parece-o-caribe","status":"publish","type":"post","link":"https:\/\/diariodepernambuco.audiencelabs.com.br\/capital-mais-quente-do-brasil-tem-paraiso-que-parece-o-caribe\/","title":{"rendered":"Capital mais quente do Brasil tem para\u00edso que parece o Caribe"},"content":{"rendered":"\n<p>O ver\u00e3o tem elevado as temperaturas em grande parte do territ\u00f3rio nacional. Entretanto, segundo dados do Instituto de Meteorologia (Inmet), o <strong>Rio de Janeiro<\/strong> tem liderado como a capital mais quente do pa\u00eds, registrando \u00edndices entre 36 graus e 40 graus com previs\u00e3o de aumento.<\/p>\n\n\n\n<p>Embora o clima quente seja uma consequ\u00eancia da esta\u00e7\u00e3o, a onda de calor que concedeu o recorde \u00e0 cidade se iniciou no \u00faltimo s\u00e1bado (10), e n\u00e3o reduziu seus impactos nem mesmo no per\u00edodo noturno.<\/p>\n\n\n\n<p>Apesar disso, muitos cariocas contam com uma grande vantagem, que \u00e9 a proximidade e a facilidade de deslocamento para frequentar <strong>as deslumbrantes praias do munic\u00edpio<\/strong>, que est\u00e3o localizadas principalmente nas zonas Sul e Oeste e atraem aten\u00e7\u00e3o internacional.<\/p>\n\n\n\n<p>Perfeitas para aliviar o calor, as praias se destacam n\u00e3o apenas por suas caracter\u00edsticas singulares, mas tamb\u00e9m por suas belezas naturais, que garantem verdadeiros espet\u00e1culos visuais. As mais populares s\u00e3o:<\/p>\n\n\n\n<ul class=\"wp-block-list\">\n<li><strong>Praia de Copacabana: <\/strong>famosa por seu emblem\u00e1tico cal\u00e7ad\u00e3o, \u00e9 uma das praias mais famosas do mundo e extremamente popular por seus quiosques e vida vibrante;<\/li>\n\n\n\n<li><strong>Praia de Ipanema:<\/strong> eternizada na m\u00fasica &#8220;Garota de Ipanema&#8221;, de Tom Jobim, oferece belas vistas e um clima de descontra\u00e7\u00e3o;<\/li>\n\n\n\n<li><strong>Praia do Arpoador: <\/strong>localizada entre Ipanema e Copacabana, \u00e9 uma \u00f3tima op\u00e7\u00e3o para surfistas e admiradores de um bel\u00edssimo espet\u00e1culo visual, que envolve acompanhar o p\u00f4r do sol em suas pedras;<\/li>\n\n\n\n<li><strong>Praia Vermelha:<\/strong> pr\u00f3xima ao P\u00e3o de A\u00e7\u00facar, se destaca por suas \u00e1guas calmas e visual excepcional;<\/li>\n\n\n\n<li><strong>Praia da Barra: <\/strong>por conta de sua gigantesca extens\u00e3o, agrada tanto quem busca relaxar quanto os praticantes de esportes radicais;<\/li>\n\n\n\n<li><strong>Praia da Joatinga: <\/strong>com mar calmo e acesso controlado, \u00e9 um verdadeiro para\u00edso escondido;<\/li>\n\n\n\n<li><strong>Prainha e Grumari:<\/strong> localizadas dentro de \u00e1reas de prote\u00e7\u00e3o ambiental, s\u00e3o ideais para quem busca contato com a natureza.<\/li>\n<\/ul>\n\n\n\n<h2 class=\"wp-block-heading\">Adeus, calor: Rio perder\u00e1 t\u00edtulo de capital mais quente nos pr\u00f3ximos dias<\/h2>\n\n\n\n<p>Apesar de o calor intenso ter persistido at\u00e9 a \u00faltima ter\u00e7a-feira (13), as temperaturas come\u00e7aram a cair no Rio de Janeiro, conforme apontado pela previs\u00e3o do Inmet para a semana.<\/p>\n\n\n\n<p>Todavia, mesmo com o sol encoberto pela alta nebulosidade, o clima <strong>permanecer\u00e1 razoavelmente quente<\/strong> na capital, com m\u00ednimas de 23\u00ba C e m\u00e1ximas de 31\u00ba C entre s\u00e1bado e domingo.<\/p>\n\n\n\n<p>Al\u00e9m disso, <strong>pancadas de chuva<\/strong> s\u00e3o esperadas para o per\u00edodo da tarde e da noite, favorecidas principalmente pela sensa\u00e7\u00e3o de abafamento presente na regi\u00e3o durante o dia.<\/p>\n","protected":false},"excerpt":{"rendered":"<p>O ver\u00e3o tem elevado as temperaturas em grande parte do territ\u00f3rio nacional. Entretanto, segundo dados do Instituto de Meteorologia (Inmet), o Rio de Janeiro tem liderado como a capital mais quente do pa\u00eds, registrando \u00edndices entre 36 graus e 40 graus com previs\u00e3o de aumento. Embora o clima quente seja uma consequ\u00eancia da esta\u00e7\u00e3o, a [&hellip;]<\/p>\n","protected":false},"author":15,"featured_media":13545,"comment_status":"open","ping_status":"open","sticky":false,"template":"","format":"standard","meta":{"jnews-multi-image_gallery":[],"jnews_single_post":{"format":"standard"},"jnews_primary_category":[],"jnews_social_meta":[],"jnews_post_split":[],"footnotes":""},"categories":[1],"tags":[],"class_list":["post-13544","post","type-post","status-publish","format-standard","has-post-thumbnail","hentry","category-uncategorized"],"_links":{"self":[{"href":"https:\/\/diariodepernambuco.audiencelabs.com.br\/wp-json\/wp\/v2\/posts\/13544","targetHints":{"allow":["GET"]}}],"collection":[{"href":"https:\/\/diariodepernambuco.audiencelabs.com.br\/wp-json\/wp\/v2\/posts"}],"about":[{"href":"https:\/\/diariodepernambuco.audiencelabs.com.br\/wp-json\/wp\/v2\/types\/post"}],"author":[{"embeddable":true,"href":"https:\/\/diariodepernambuco.audiencelabs.com.br\/wp-json\/wp\/v2\/users\/15"}],"replies":[{"embeddable":true,"href":"https:\/\/diariodepernambuco.audiencelabs.com.br\/wp-json\/wp\/v2\/comments?post=13544"}],"version-history":[{"count":1,"href":"https:\/\/diariodepernambuco.audiencelabs.com.br\/wp-json\/wp\/v2\/posts\/13544\/revisions"}],"predecessor-version":[{"id":13549,"href":"https:\/\/diariodepernambuco.audiencelabs.com.br\/wp-json\/wp\/v2\/posts\/13544\/revisions\/13549"}],"wp:featuredmedia":[{"embeddable":true,"href":"https:\/\/diariodepernambuco.audiencelabs.com.br\/wp-json\/wp\/v2\/media\/13545"}],"wp:attachment":[{"href":"https:\/\/diariodepernambuco.audiencelabs.com.br\/wp-json\/wp\/v2\/media?parent=13544"}],"wp:term":[{"taxonomy":"category","embeddable":true,"href":"https:\/\/diariodepernambuco.audiencelabs.com.br\/wp-json\/wp\/v2\/categories?post=13544"},{"taxonomy":"post_tag","embeddable":true,"href":"https:\/\/diariodepernambuco.audiencelabs.com.br\/wp-json\/wp\/v2\/tags?post=13544"}],"curies":[{"name":"wp","href":"https:\/\/api.w.org\/{rel}","templated":true}]}}