{"id":13546,"date":"2026-01-13T17:21:23","date_gmt":"2026-01-13T20:21:23","guid":{"rendered":"https:\/\/diariodepernambuco.audiencelabs.com.br\/?p=13546"},"modified":"2026-01-14T10:05:49","modified_gmt":"2026-01-14T13:05:49","slug":"mansao-de-r-1-bilhao-pertence-a-dono-de-tv-e-e-uma-das-mais-caras-do-brasil","status":"publish","type":"post","link":"https:\/\/diariodepernambuco.audiencelabs.com.br\/mansao-de-r-1-bilhao-pertence-a-dono-de-tv-e-e-uma-das-mais-caras-do-brasil\/","title":{"rendered":"Mans\u00e3o de R$ 1 bilh\u00e3o pertence a dono de TV e \u00e9 uma das mais caras do Brasil"},"content":{"rendered":"\n<p>Localizada em Alphaville, na Regi\u00e3o Metropolitana de S\u00e3o Paulo, a mans\u00e3o onde vivem a apresentadora Daniela Albuquerque e o empres\u00e1rio Amilcare Dallevo Jr., um dos donos da RedeTV!, segue ostentando o posto de maior resid\u00eancia particular do Brasil. O im\u00f3vel chama aten\u00e7\u00e3o n\u00e3o apenas pelo tamanho, mas pelo n\u00edvel de exclusividade e pelo valor estimado, que chega \u00e0 casa de R$ 1 bilh\u00e3o.<\/p>\n\n\n\n<h2 class=\"wp-block-heading\">Um marco do mercado imobili\u00e1rio de luxo<\/h2>\n\n\n\n<p>Com cerca de 17,8 mil metros quadrados de \u00e1rea constru\u00edda, a propriedade ultrapassou outras constru\u00e7\u00f5es emblem\u00e1ticas do pa\u00eds, como a Mans\u00e3o Safra, no Morumbi. Conclu\u00edda em 2014, a resid\u00eancia voltou aos holofotes recentemente ap\u00f3s a apresentadora divulgar imagens da comemora\u00e7\u00e3o de seus 18 anos de casamento, revelando detalhes pouco vistos do interior.<\/p>\n\n\n\n<h2 class=\"wp-block-heading\">Ambientes grandiosos e \u00e1reas privativas<\/h2>\n\n\n\n<p>Um dos espa\u00e7os mais impressionantes \u00e9 a su\u00edte principal do casal, que sozinha ocupa cerca de 1.200 metros quadrados. O ambiente re\u00fane quarto, piscina exclusiva e um closet de grandes propor\u00e7\u00f5es, pensado para atender \u00e0s demandas da rotina de Daniela. O im\u00f3vel ainda conta com outros 18 dormit\u00f3rios e 14 banheiros, distribu\u00eddos de forma a garantir conforto e privacidade a moradores e h\u00f3spedes.<\/p>\n\n\n\n<h2 class=\"wp-block-heading\">Lazer, tecnologia e infraestrutura completa<\/h2>\n\n\n\n<p>A \u00e1rea interna abriga um aqu\u00e1rio de oito metros, cinema particular com capacidade para aproximadamente 50 pessoas, spa, al\u00e9m de um amplo sal\u00e3o destinado a eventos. No subsolo, uma garagem comporta cerca de 50 ve\u00edculos, facilitando a log\u00edstica em dias de recep\u00e7\u00e3o.<\/p>\n\n\n\n<h2 class=\"wp-block-heading\">Heliponto e paisagismo inspirado na Europa<\/h2>\n\n\n\n<p>Outro diferencial da resid\u00eancia \u00e9 a estrutura voltada ao transporte a\u00e9reo, com heliponto privativo e hangar preparado para receber at\u00e9 quatro helic\u00f3pteros. J\u00e1 o espa\u00e7o externo foi planejado com refer\u00eancia nos Jardins de Luxemburgo, em Paris, integrando piscinas e quadras esportivas ao projeto paisag\u00edstico.<\/p>\n\n\n\n<h2 class=\"wp-block-heading\">Estilo cl\u00e1ssico com toque pessoal<\/h2>\n\n\n\n<p>Daniela Albuquerque afirma ter participado ativamente das decis\u00f5es est\u00e9ticas da casa. O d\u00e9cor privilegia o estilo cl\u00e1ssico, com presen\u00e7a marcante de dourado, cristais e acabamentos sofisticados. Muitas pe\u00e7as foram adaptadas pela pr\u00f3pria apresentadora, unindo luxo tradicional e solu\u00e7\u00f5es personalizadas para o dia a dia da resid\u00eancia.<\/p>\n","protected":false},"excerpt":{"rendered":"<p>Localizada em Alphaville, na Regi\u00e3o Metropolitana de S\u00e3o Paulo, a mans\u00e3o onde vivem a apresentadora Daniela Albuquerque e o empres\u00e1rio Amilcare Dallevo Jr., um dos donos da RedeTV!, segue ostentando o posto de maior resid\u00eancia particular do Brasil. O im\u00f3vel chama aten\u00e7\u00e3o n\u00e3o apenas pelo tamanho, mas pelo n\u00edvel de exclusividade e pelo valor estimado, [&hellip;]<\/p>\n","protected":false},"author":7,"featured_media":13547,"comment_status":"open","ping_status":"open","sticky":false,"template":"","format":"standard","meta":{"jnews-multi-image_gallery":[],"jnews_single_post":{"format":"standard"},"jnews_primary_category":[],"jnews_social_meta":[],"jnews_post_split":[],"footnotes":""},"categories":[1],"tags":[],"class_list":["post-13546","post","type-post","status-publish","format-standard","has-post-thumbnail","hentry","category-uncategorized"],"_links":{"self":[{"href":"https:\/\/diariodepernambuco.audiencelabs.com.br\/wp-json\/wp\/v2\/posts\/13546","targetHints":{"allow":["GET"]}}],"collection":[{"href":"https:\/\/diariodepernambuco.audiencelabs.com.br\/wp-json\/wp\/v2\/posts"}],"about":[{"href":"https:\/\/diariodepernambuco.audiencelabs.com.br\/wp-json\/wp\/v2\/types\/post"}],"author":[{"embeddable":true,"href":"https:\/\/diariodepernambuco.audiencelabs.com.br\/wp-json\/wp\/v2\/users\/7"}],"replies":[{"embeddable":true,"href":"https:\/\/diariodepernambuco.audiencelabs.com.br\/wp-json\/wp\/v2\/comments?post=13546"}],"version-history":[{"count":1,"href":"https:\/\/diariodepernambuco.audiencelabs.com.br\/wp-json\/wp\/v2\/posts\/13546\/revisions"}],"predecessor-version":[{"id":13548,"href":"https:\/\/diariodepernambuco.audiencelabs.com.br\/wp-json\/wp\/v2\/posts\/13546\/revisions\/13548"}],"wp:featuredmedia":[{"embeddable":true,"href":"https:\/\/diariodepernambuco.audiencelabs.com.br\/wp-json\/wp\/v2\/media\/13547"}],"wp:attachment":[{"href":"https:\/\/diariodepernambuco.audiencelabs.com.br\/wp-json\/wp\/v2\/media?parent=13546"}],"wp:term":[{"taxonomy":"category","embeddable":true,"href":"https:\/\/diariodepernambuco.audiencelabs.com.br\/wp-json\/wp\/v2\/categories?post=13546"},{"taxonomy":"post_tag","embeddable":true,"href":"https:\/\/diariodepernambuco.audiencelabs.com.br\/wp-json\/wp\/v2\/tags?post=13546"}],"curies":[{"name":"wp","href":"https:\/\/api.w.org\/{rel}","templated":true}]}}