{"id":13561,"date":"2026-01-17T14:10:00","date_gmt":"2026-01-17T17:10:00","guid":{"rendered":"https:\/\/diariodepernambuco.audiencelabs.com.br\/?p=13561"},"modified":"2026-01-13T19:56:49","modified_gmt":"2026-01-13T22:56:49","slug":"lei-foi-aprovada-e-brasileiros-vao-receber-pagamento-de-valores-congelados","status":"publish","type":"post","link":"https:\/\/diariodepernambuco.audiencelabs.com.br\/lei-foi-aprovada-e-brasileiros-vao-receber-pagamento-de-valores-congelados\/","title":{"rendered":"Lei foi aprovada e brasileiros v\u00e3o receber pagamento de valores congelados"},"content":{"rendered":"\n<p>O presidente Luiz In\u00e1cio Lula da Silva sancionou e publicou no Di\u00e1rio Oficial da Uni\u00e3o desta ter\u00e7a-feira (13) a Lei Complementar n\u00ba 226, que abre caminho para que estados, o Distrito Federal e munic\u00edpios retomem o pagamento de direitos remunerat\u00f3rios de servidores p\u00fablicos suspensos durante a pandemia de covid-19.<\/p>\n\n\n\n<h2 class=\"wp-block-heading\">Pagamento de benef\u00edcios congelados na pandemia<\/h2>\n\n\n\n<p>A nova legisla\u00e7\u00e3o autoriza o pagamento retroativo de vantagens funcionais que ficaram congeladas entre 28 de maio de 2020 e 31 de dezembro de 2021. Entre os direitos inclu\u00eddos est\u00e3o adicionais por tempo de servi\u00e7o, como anu\u00eanio, tri\u00eanio, quinqu\u00eanio e sexta-parte, al\u00e9m de licen\u00e7a-pr\u00eamio e benef\u00edcios semelhantes previstos nas carreiras p\u00fablicas.<\/p>\n\n\n\n<p>Para que os valores sejam pagos, o ente federativo precisa ter decretado estado de calamidade p\u00fablica durante a crise sanit\u00e1ria e comprovar que h\u00e1 previs\u00e3o or\u00e7ament\u00e1ria para arcar com as despesas. A norma n\u00e3o imp\u00f5e repasses entre Uni\u00e3o, estados e munic\u00edpios, deixando a decis\u00e3o e a execu\u00e7\u00e3o a cargo de cada administra\u00e7\u00e3o.<\/p>\n\n\n\n<h2 class=\"wp-block-heading\">Origem da proposta e tramita\u00e7\u00e3o no Congresso<\/h2>\n\n\n\n<p>A lei tem origem em um projeto de lei complementar apresentado pela senadora Professora Dorinha Seabra (Uni\u00e3o-TO). O texto foi aprovado no Senado no fim de dezembro de 2025, com parecer favor\u00e1vel do senador Fl\u00e1vio Arns (PSB-PR), relator da mat\u00e9ria.<\/p>\n\n\n\n<p>Durante a an\u00e1lise no plen\u00e1rio, Arns ressaltou que a medida n\u00e3o cria novas despesas obrigat\u00f3rias. Segundo ele, os recursos j\u00e1 estavam previstos nos or\u00e7amentos p\u00fablicos, e a proposta apenas regulariza uma situa\u00e7\u00e3o que, na pr\u00e1tica, j\u00e1 vinha sendo adotada em grande parte do pa\u00eds.<\/p>\n\n\n\n<h2 class=\"wp-block-heading\">Abrang\u00eancia e limites da nova regra<\/h2>\n\n\n\n<p>O relator tamb\u00e9m promoveu uma altera\u00e7\u00e3o no texto original para ampliar o alcance da norma. A substitui\u00e7\u00e3o da express\u00e3o \u201cservidores p\u00fablicos\u201d por \u201cquadro de pessoal\u201d garante que tanto servidores efetivos quanto empregados p\u00fablicos contratados pela Consolida\u00e7\u00e3o das Leis do Trabalho (CLT) possam ser contemplados.<\/p>\n\n\n\n<p>De acordo com o Senado, a lei apenas autoriza os pagamentos, sem torn\u00e1-los autom\u00e1ticos. Cada ente dever\u00e1 demonstrar impacto financeiro e respeitar os limites legais de gastos com pessoal, preservando o equil\u00edbrio fiscal ao mesmo tempo em que reconhece o trabalho realizado durante o per\u00edodo mais cr\u00edtico da pandemia.<\/p>\n\n\n\n<p>Fonte: Ag\u00eancia Senado<\/p>\n","protected":false},"excerpt":{"rendered":"<p>O presidente Luiz In\u00e1cio Lula da Silva sancionou e publicou no Di\u00e1rio Oficial da Uni\u00e3o desta ter\u00e7a-feira (13) a Lei Complementar n\u00ba 226, que abre caminho para que estados, o Distrito Federal e munic\u00edpios retomem o pagamento de direitos remunerat\u00f3rios de servidores p\u00fablicos suspensos durante a pandemia de covid-19. Pagamento de benef\u00edcios congelados na pandemia [&hellip;]<\/p>\n","protected":false},"author":7,"featured_media":2363,"comment_status":"open","ping_status":"open","sticky":false,"template":"","format":"standard","meta":{"jnews-multi-image_gallery":[],"jnews_single_post":{"format":"standard"},"jnews_primary_category":[],"jnews_social_meta":[],"jnews_post_split":[],"footnotes":""},"categories":[1],"tags":[],"class_list":["post-13561","post","type-post","status-publish","format-standard","has-post-thumbnail","hentry","category-uncategorized"],"_links":{"self":[{"href":"https:\/\/diariodepernambuco.audiencelabs.com.br\/wp-json\/wp\/v2\/posts\/13561","targetHints":{"allow":["GET"]}}],"collection":[{"href":"https:\/\/diariodepernambuco.audiencelabs.com.br\/wp-json\/wp\/v2\/posts"}],"about":[{"href":"https:\/\/diariodepernambuco.audiencelabs.com.br\/wp-json\/wp\/v2\/types\/post"}],"author":[{"embeddable":true,"href":"https:\/\/diariodepernambuco.audiencelabs.com.br\/wp-json\/wp\/v2\/users\/7"}],"replies":[{"embeddable":true,"href":"https:\/\/diariodepernambuco.audiencelabs.com.br\/wp-json\/wp\/v2\/comments?post=13561"}],"version-history":[{"count":1,"href":"https:\/\/diariodepernambuco.audiencelabs.com.br\/wp-json\/wp\/v2\/posts\/13561\/revisions"}],"predecessor-version":[{"id":13562,"href":"https:\/\/diariodepernambuco.audiencelabs.com.br\/wp-json\/wp\/v2\/posts\/13561\/revisions\/13562"}],"wp:featuredmedia":[{"embeddable":true,"href":"https:\/\/diariodepernambuco.audiencelabs.com.br\/wp-json\/wp\/v2\/media\/2363"}],"wp:attachment":[{"href":"https:\/\/diariodepernambuco.audiencelabs.com.br\/wp-json\/wp\/v2\/media?parent=13561"}],"wp:term":[{"taxonomy":"category","embeddable":true,"href":"https:\/\/diariodepernambuco.audiencelabs.com.br\/wp-json\/wp\/v2\/categories?post=13561"},{"taxonomy":"post_tag","embeddable":true,"href":"https:\/\/diariodepernambuco.audiencelabs.com.br\/wp-json\/wp\/v2\/tags?post=13561"}],"curies":[{"name":"wp","href":"https:\/\/api.w.org\/{rel}","templated":true}]}}