{"id":13573,"date":"2026-01-14T09:20:18","date_gmt":"2026-01-14T12:20:18","guid":{"rendered":"https:\/\/diariodepernambuco.audiencelabs.com.br\/?p=13573"},"modified":"2026-01-15T10:16:49","modified_gmt":"2026-01-15T13:16:49","slug":"enquanto-magazine-luiza-paga-r-2-000-por-mes-dono-da-havan-distribuiu-r-93-milhoes-aos-funcionarios","status":"publish","type":"post","link":"https:\/\/diariodepernambuco.audiencelabs.com.br\/enquanto-magazine-luiza-paga-r-2-000-por-mes-dono-da-havan-distribuiu-r-93-milhoes-aos-funcionarios\/","title":{"rendered":"Enquanto Magazine Luiza paga R$ 2.000 por m\u00eas, dono da Havan distribuiu R$ 93 milh\u00f5es aos funcion\u00e1rios"},"content":{"rendered":"\n<p>Tanto Magazine Luiza quanto Havan figuram entre as maiores lojas de departamento do Brasil e respondem por uma fatia significativa das vendas no varejo f\u00edsico do pa\u00eds. Se voc\u00ea quiser ser vendedor em uma delas, ter\u00e1 sal\u00e1rios sempre na casa dos R$ 2 mil at\u00e9 R$ 3 mil. Mas Luciano Hang, dono da Havan, teve um ato de exce\u00e7\u00e3o nesse cen\u00e1rio.<\/p>\n\n\n\n<p>Por meio das redes sociais, o empres\u00e1rio anunciou que os seus funcion\u00e1rios iniciar\u00e3o 2026 com um valor extra na conta. A Havan vai antecipar o pagamento do Programa de Participa\u00e7\u00e3o nos Resultados (PPR). Em 2026, a varejista fundada em Brusque ir\u00e1 distribuir R$ 90 milh\u00f5es entre seus colaboradores.<\/p>\n\n\n\n<p>O valor, que corresponde a cerca de R$ 4 mil por colaborador, ser\u00e1 depositado na sexta-feira (16). Popularmente chamado de 14\u00ba sal\u00e1rio, o PPR ser\u00e1 pago com um m\u00eas de anteced\u00eancia em compara\u00e7\u00e3o ao calend\u00e1rio adotado at\u00e9 2025. Para celebrar, a empresa prev\u00ea a realiza\u00e7\u00e3o de um evento especial nas unidades da Havan.<\/p>\n\n\n\n<p>Atualmente, a varejista conta com 187 lojas em todo o Brasil e mant\u00e9m o programa de participa\u00e7\u00e3o nos resultados desde 2007. O balan\u00e7o da Havan em 2025 ainda n\u00e3o foi conclu\u00eddo, mas a estimativa apontava para um faturamento em torno de R$ 18 bilh\u00f5es.<\/p>\n\n\n\n<h2 class=\"wp-block-heading\">PPR antecipado vira destaque e refor\u00e7a estrat\u00e9gia da Havan<\/h2>\n\n\n<style>@media (min-width: 992px) {\n    .recomendadorV2Area1 {\n        width: 280px;\n    }\n    .recomendadorV2Area2 {\n        padding: 0px 20px;\n        width: calc(100% - 280px);\n    }\n}\n\n@media (max-width: 992px) {\n    .recomendadorV2Button {\n        margin: 0 auto;\n    }\n    .recomendadorV2Area {\n        flex-direction: column;\n        text-align: center;\n    }\n    .recomendadorV2Area2 {\n        padding: 0px 20px;\n    }\n}\n\n.recomendadorV2Area {\n    background: #eeeeee3d;\n    border-radius: 10px;\n    padding: 15px;\n    display: flex;\n    margin: 15px auto;\n    border: 1px solid #00000014;\n    max-width: 800px;\n}\n\n.recomendadorV2Area1 img {\n    width: 280px;\n    height: auto;\n    border-radius: 8px;\n}\n\n.linkrecomendadorv2 {\n    text-decoration: none !important;\n}\n\n.recomendadorV2Area2 .recomendadorV2Type {\n    text-transform: uppercase;\n    font-weight: 500;\n    font-size: 11px;\n    letter-spacing: 2px;\n    color: #666;\n    margin: 12px 0;\n    display: block;\n}\n\n.recomendadorV2Title h2 {\n    padding-top: 0px !important;\n    margin: 0px !important;\n    border-left: none !important;\n    padding-left: 0px !important;\n    line-height: 1.3;\n    color: #000 !important;\n    font-size: 24px;\n    margin-bottom: 12px !important;\n}\n\n.recomendadorV2Desc {\n    color: #333;\n    margin: 12px 0px !important;\n    font-size: 15px;\n    line-height: 1.5;\n}\n\n.recomendadorV2Button {\n    width: auto;\n    max-width: 200px;\n    margin: 0;\n    display: inline-flex;\n    align-items: center;\n    background: #1D3557;\n    border-radius: 8px;\n    color: #fff;\n    height: 36px;\n    justify-content: center;\n    text-align: center;\n    font-size: 14px;\n    padding: 0 20px;\n    transition: background-color 0.2s ease;\n}\n\n.recomendadorV2Button:hover {\n    background: #2a4d7a;\n}\n\n.recomendadorV2Button:after {\n    margin-top: -2px;\n    content: \"\u2192\";\n    padding: 0px 0px 0px 8px;\n}\n\n.recomendadorV2Alert {\n    text-align: left;\n    font-size: 11px;\n    margin-top: 8px;\n    color: #666;\n}\n\n.recomendadorFixedArea {\n    width: 100%;\n    display: flex;\n    justify-content: center;\n    align-items: center;\n}\n\n@media (min-width: 992px) {\n    #recomendadorFixed {\n        width: 32% !important;\n        left: 5%;\n    }\n    .recomendadorCloseFixed{\n        right: inherit !important;\n        left: 378px !important;\n    }\n}\n\n#recomendadorFixed {\n    width: 90%;\n    box-shadow: 0 10px 20px 0px #00000057;\n    display: none;\n    height: 90px;\n    background: #F6F6F6;\n    position: fixed;\n    flex-direction: row;\n    bottom: 10px;\n    z-index: 9999;\n    border-radius: 16px;\n    padding: 7px 10px;\n}\n\n.recomendadorLeftArea {\n    width: 160px;\n}\n\n.recomendadorRightArea h2 {\n    padding-top: 0px;\n    margin: 2px 0px 4px 0px !important;\n    font-weight: 400;\n    text-align: center;\n    padding-left: 0px !important;\n    color: #000 !important;\n    border-left: none !important;\n    line-height: 20px;\n    font-size: 12px !important;\n}\n\n.recomendadorImgFixed {\n    overflow: hidden;\n    padding: 8px 6px;\n    height: 100%;\n}\n\n.recomendadorImgFixed img {\n    height: 100% !important;\n    border-radius: 16px;\n}\n\n.recomendadorRightArea {\n    padding-top: 6px;\n    display: flex;\n    width: calc(100% - 130px);\n    justify-content: space-between;\n    align-items: center;\n    flex-direction: column;\n}\n\n.recomendadorButtonFixed {\n    margin: 0 auto;\n    background: #1D3557;\n    width: 80%;\n    text-align: center;\n    font-size: 10px;\n    color: #FFF;\n    padding: 2px 10px;\n    border-radius: 3px;\n}\n\n.recomendadorButtonFixed:after {\n    margin-top: -3px;\n    content: \"\u2192\";\n    padding: 0px 0px 0px 10px;\n}\n\n.recomendadorAlertFixed {\n    font-weight: 400;\n    text-align: center;\n    color: #484848;\n    font-size: 8px;\n}\n\n.recomendadorCloseFixed {\n    z-index: 99999;\n    display: none;\n    right: 0px;\n    left: inherit;\n    bottom: 99px;\n    position: fixed;\n    justify-content: center;\n    background: #F6F6F6;\n    width: 25px;\n    align-items: center;\n    height: 25px;\n    font-weight: 800;\n    border-radius: 50%;\n    border: 1px solid #EBEBEB;\n}\n\n.recomendadorV2Desc{\n    color: #000000;\n    margin: 20px 0px;\n}\n\n@media (max-width: 576px) {\n    .recomendadorV2Area {\n      padding: 10px;\n      max-width: 100%;\n    }\n  \n    .recomendadorV2Area1 img {\n      width: 100%;\n      border-radius: 6px;\n    }\n  \n    .recomendadorV2Area2 .recomendadorV2Type {\n      font-size: 9px;\n      letter-spacing: 1px;\n      margin: 8px 0;\n    }\n  \n    .recomendadorV2Title h2 {\n      font-size: 18px !important;\n      margin-bottom: 8px !important;\n      line-height: 1.2;\n    }\n  \n    .recomendadorV2Desc {\n      font-size: 14px;\n      margin: 8px 0 !important;\n      line-height: 1.4;\n    }\n  \n    .recomendadorV2Button {\n      font-size: 12px;\n      height: 30px;\n      padding: 0 12px;\n      max-width: 160px;\n    }\n  \n    .recomendadorV2Button:after {\n      padding-left: 6px;\n    }\n  }\n  <\/style>\n        <div class=\"lazyblock-recomendador-v2-2jDGz wp-block-lazyblock-recomendador-v2\">\n        <a class=\"linkrecomendadorv2\" href=\"https:\/\/diariodepernambuco.com.br\/dpmais\/maior-empresa-ja-criada-por-um-padre-no-brasil-fatura-r-20-bilhoes-e-tem-milhares-de-funcionarios\/?utm_source=lazy\" target=\"_blank\" rel=\"noopener\">\n            <div class=\"recomendadorV2Area\">\n            <div class=\"recomendadorV2Area1\">\n                <div class=\"recomendadorV2Img\">\n                <img class=\"lazyloaded\" decoding=\"async\" src=\"https:\/\/diariodepernambuco.com.br\/dpmais\/wp-content\/uploads\/2026\/01\/priest-1713035_640-640x375.jpg\" data-src=\"https:\/\/diariodepernambuco.com.br\/dpmais\/wp-content\/uploads\/2026\/01\/priest-1713035_640-640x375.jpg\" alt=\"\">\n                <\/div>\n            <\/div>\n            <div class=\"recomendadorV2Area2\">\n                <div class=\"recomendadorV2Type\">\n                    <span>Empresa l\u00edder<\/span>\n                <\/div>\n                <div class=\"recomendadorV2Title\">\n                <h2><span>Not\u00edcia \ud83d\udcc8<\/span><\/h2>\n                <\/div>\n                <div class=\"recomendadorV2Desc\">\n                <span>Cooperativa fundada por padre fatura R$20B<\/span>\n                <\/div>\n                <div class=\"recomendadorV2Button\">Leia agora<\/div>\n                <div class=\"recomendadorV2Alert\"><\/div>\n            <\/div>\n            <\/div>\n        <\/a>\n        <div>\n            <div style=\"z-index:99999;\" id=\"buttonClose\" onclick=\"closeRecomendadorFixed()\">\n            <div class=\"recomendadorCloseFixed\">X<\/div>\n            <\/div>\n            <a href=\"https:\/\/diariodepernambuco.com.br\/dpmais\/maior-empresa-ja-criada-por-um-padre-no-brasil-fatura-r-20-bilhoes-e-tem-milhares-de-funcionarios\/?utm_source=lazy\" target=\"_blank\" rel=\"noopener\">\n            <div class=\"recomendadorFixedArea\">\n                <div id=\"recomendadorFixed\">\n                <div class=\"recomendadorLeftArea\">\n                    <div class=\"recomendadorImgFixed\">\n                    <img class=\"lazyload\" decoding=\"async\" src=\"https:\/\/diariodepernambuco.com.br\/dpmais\/wp-content\/uploads\/2026\/01\/priest-1713035_640-640x375.jpg\" alt=\"\">\n                    <\/div>\n                <\/div>\n                <div class=\"recomendadorRightArea\">\n                    <div class=\"recomendadorTitleFixed\">\n                    <h2><span>Not\u00edcia \ud83d\udcc8<\/span><\/h2>\n                    <\/div>\n                    <div class=\"recomendadorButtonFixed\">Leia agora<\/div>\n                    <div class=\"recomendadorAlertFixed\"><\/div>\n                <\/div>\n                <\/div>\n            <\/div>\n            <\/a>\n        <\/div>\n        <\/div>\n\n\n\n<p>A antecipa\u00e7\u00e3o do Programa de Participa\u00e7\u00e3o nos Resultados chamou aten\u00e7\u00e3o n\u00e3o apenas pelo valor distribu\u00eddo, mas tamb\u00e9m pelo impacto direto na renda dos colaboradores. Em um setor em que os sal\u00e1rios costumam ficar entre R$ 2 mil e R$ 3 mil, o pagamento extra funciona como um refor\u00e7o financeiro relevante logo no in\u00edcio do ano, al\u00e9m de servir como instrumento de motiva\u00e7\u00e3o interna.<\/p>\n\n\n\n<p>A iniciativa tamb\u00e9m refor\u00e7a o discurso da empresa de valoriza\u00e7\u00e3o dos funcion\u00e1rios, pr\u00e1tica adotada desde 2007 com a cria\u00e7\u00e3o do PPR. Mesmo com o balan\u00e7o de 2025 ainda em fase de fechamento, a expectativa de faturamento bilion\u00e1rio sustenta a pol\u00edtica de bonifica\u00e7\u00e3o e ajuda a diferenciar a Havan em meio \u00e0 concorr\u00eancia do varejo nacional.<\/p>\n","protected":false},"excerpt":{"rendered":"<p>Tanto Magazine Luiza quanto Havan figuram entre as maiores lojas de departamento do Brasil e respondem por uma fatia significativa das vendas no varejo f\u00edsico do pa\u00eds. Se voc\u00ea quiser ser vendedor em uma delas, ter\u00e1 sal\u00e1rios sempre na casa dos R$ 2 mil at\u00e9 R$ 3 mil. Mas Luciano Hang, dono da Havan, teve [&hellip;]<\/p>\n","protected":false},"author":4,"featured_media":7740,"comment_status":"open","ping_status":"open","sticky":false,"template":"","format":"standard","meta":{"jnews-multi-image_gallery":[],"jnews_single_post":{"format":"standard"},"jnews_primary_category":[],"jnews_social_meta":[],"jnews_post_split":[],"footnotes":""},"categories":[1],"tags":[],"class_list":["post-13573","post","type-post","status-publish","format-standard","has-post-thumbnail","hentry","category-uncategorized"],"_links":{"self":[{"href":"https:\/\/diariodepernambuco.audiencelabs.com.br\/wp-json\/wp\/v2\/posts\/13573","targetHints":{"allow":["GET"]}}],"collection":[{"href":"https:\/\/diariodepernambuco.audiencelabs.com.br\/wp-json\/wp\/v2\/posts"}],"about":[{"href":"https:\/\/diariodepernambuco.audiencelabs.com.br\/wp-json\/wp\/v2\/types\/post"}],"author":[{"embeddable":true,"href":"https:\/\/diariodepernambuco.audiencelabs.com.br\/wp-json\/wp\/v2\/users\/4"}],"replies":[{"embeddable":true,"href":"https:\/\/diariodepernambuco.audiencelabs.com.br\/wp-json\/wp\/v2\/comments?post=13573"}],"version-history":[{"count":3,"href":"https:\/\/diariodepernambuco.audiencelabs.com.br\/wp-json\/wp\/v2\/posts\/13573\/revisions"}],"predecessor-version":[{"id":13743,"href":"https:\/\/diariodepernambuco.audiencelabs.com.br\/wp-json\/wp\/v2\/posts\/13573\/revisions\/13743"}],"wp:featuredmedia":[{"embeddable":true,"href":"https:\/\/diariodepernambuco.audiencelabs.com.br\/wp-json\/wp\/v2\/media\/7740"}],"wp:attachment":[{"href":"https:\/\/diariodepernambuco.audiencelabs.com.br\/wp-json\/wp\/v2\/media?parent=13573"}],"wp:term":[{"taxonomy":"category","embeddable":true,"href":"https:\/\/diariodepernambuco.audiencelabs.com.br\/wp-json\/wp\/v2\/categories?post=13573"},{"taxonomy":"post_tag","embeddable":true,"href":"https:\/\/diariodepernambuco.audiencelabs.com.br\/wp-json\/wp\/v2\/tags?post=13573"}],"curies":[{"name":"wp","href":"https:\/\/api.w.org\/{rel}","templated":true}]}}