{"id":13575,"date":"2026-01-14T11:00:00","date_gmt":"2026-01-14T14:00:00","guid":{"rendered":"https:\/\/diariodepernambuco.audiencelabs.com.br\/?p=13575"},"modified":"2026-01-14T13:07:30","modified_gmt":"2026-01-14T16:07:30","slug":"lucas-paqueta-ja-desembarcou-no-maracana-para-jogar-no-flamengo","status":"publish","type":"post","link":"https:\/\/diariodepernambuco.audiencelabs.com.br\/lucas-paqueta-ja-desembarcou-no-maracana-para-jogar-no-flamengo\/","title":{"rendered":"Lucas Paquet\u00e1 j\u00e1 desembarcou no Maracan\u00e3 para jogar no Flamengo"},"content":{"rendered":"\n<p>Com as especula\u00e7\u00f5es sobre um poss\u00edvel retorno de Lucas Paquet\u00e1 ao Flamengo nesta temporada, o Mem\u00f3rias do Di\u00e1rio desta edi\u00e7\u00e3o relembra a trajet\u00f3ria do jogador pelo clube. Em diferentes momentos, Paquet\u00e1 j\u00e1 desembarcou para estar em campo no Maracan\u00e3 vestindo o manto rubro-negro, deixando marcas importantes em sua passagem pelo Flamengo.<\/p>\n\n\n\n<p>Revelado nas categorias de base do clube, Lucas Paquet\u00e1 fez sua estreia como profissional em 2016 e rapidamente ganhou espa\u00e7o no elenco principal. Com personalidade, qualidade t\u00e9cnica e identifica\u00e7\u00e3o com a torcida, o meia se tornou pe\u00e7a importante do time, especialmente nas temporadas seguintes, quando passou a ser titular e protagonista em jogos decisivos.<\/p>\n\n\n\n<h2 class=\"wp-block-heading\">Paquet\u00e1 pelo Flamengo<\/h2>\n\n\n\n<figure class=\"wp-block-embed is-type-video is-provider-youtube wp-block-embed-youtube wp-embed-aspect-16-9 wp-has-aspect-ratio\"><div class=\"wp-block-embed__wrapper\">\n<div class=\"jeg_video_container jeg_video_content\"><iframe loading=\"lazy\" title=\"TODOS OS 18 GOLS DE LUCAS PAQUET\u00c1 PELO FLAMENGO (COM NARRA\u00c7\u00c3O)\" width=\"500\" height=\"281\" src=\"https:\/\/www.youtube.com\/embed\/Xxp4gd2ipXM?feature=oembed\" frameborder=\"0\" allow=\"accelerometer; autoplay; clipboard-write; encrypted-media; gyroscope; picture-in-picture; web-share\" referrerpolicy=\"strict-origin-when-cross-origin\" allowfullscreen><\/iframe><\/div>\n<\/div><\/figure>\n\n\n\n<p>Sua melhor fase no Flamengo aconteceu em 2018, ano em que assumiu papel de lideran\u00e7a dentro de campo e ajudou a equipe a conquistar o Campeonato Carioca. As atua\u00e7\u00f5es de destaque no Maracan\u00e3 chamaram a aten\u00e7\u00e3o do futebol europeu, o que culminou em sua transfer\u00eancia para o Milan no in\u00edcio de 2019, encerrando sua primeira passagem pelo clube.<\/p>\n\n\n\n<p>O v\u00ednculo com a torcida rubro-negra, no entanto, permaneceu bastante vivo. Depois do Milan, Paquet\u00e1 ainda defendeu as cores do Lyon antes de chegar ao West Ham, seu atual clube. Desde sua sa\u00edda do Flamengo, em 2018, Lucas Paquet\u00e1 sempre deixou claro o desejo de retornar ao clube. Para ele, a volta \u00e9 apenas uma quest\u00e3o de tempo.<\/p>\n\n\n\n<p>O que j\u00e1 foi um sonho distante come\u00e7a a se tornar mais vi\u00e1vel para o Flamengo, que aguarda uma defini\u00e7\u00e3o positiva nos pr\u00f3ximos dias. Paquet\u00e1 pressiona o West Ham por uma libera\u00e7\u00e3o nesta janela, enquanto os ingleses pedem 60 milh\u00f5es de euros (R$ 376 milh\u00f5es) e o clube rubro-negro aceita pagar at\u00e9 40 milh\u00f5es de euros (R$ 250 milh\u00f5es).<\/p>\n\n\n\n<p><\/p>\n","protected":false},"excerpt":{"rendered":"<p>Com as especula\u00e7\u00f5es sobre um poss\u00edvel retorno de Lucas Paquet\u00e1 ao Flamengo nesta temporada, o Mem\u00f3rias do Di\u00e1rio desta edi\u00e7\u00e3o relembra a trajet\u00f3ria do jogador pelo clube. Em diferentes momentos, Paquet\u00e1 j\u00e1 desembarcou para estar em campo no Maracan\u00e3 vestindo o manto rubro-negro, deixando marcas importantes em sua passagem pelo Flamengo. Revelado nas categorias de [&hellip;]<\/p>\n","protected":false},"author":4,"featured_media":13578,"comment_status":"open","ping_status":"open","sticky":false,"template":"","format":"standard","meta":{"jnews-multi-image_gallery":[],"jnews_single_post":{"format":"standard"},"jnews_primary_category":[],"jnews_social_meta":[],"jnews_post_split":[],"footnotes":""},"categories":[1],"tags":[],"class_list":["post-13575","post","type-post","status-publish","format-standard","has-post-thumbnail","hentry","category-uncategorized"],"_links":{"self":[{"href":"https:\/\/diariodepernambuco.audiencelabs.com.br\/wp-json\/wp\/v2\/posts\/13575","targetHints":{"allow":["GET"]}}],"collection":[{"href":"https:\/\/diariodepernambuco.audiencelabs.com.br\/wp-json\/wp\/v2\/posts"}],"about":[{"href":"https:\/\/diariodepernambuco.audiencelabs.com.br\/wp-json\/wp\/v2\/types\/post"}],"author":[{"embeddable":true,"href":"https:\/\/diariodepernambuco.audiencelabs.com.br\/wp-json\/wp\/v2\/users\/4"}],"replies":[{"embeddable":true,"href":"https:\/\/diariodepernambuco.audiencelabs.com.br\/wp-json\/wp\/v2\/comments?post=13575"}],"version-history":[{"count":4,"href":"https:\/\/diariodepernambuco.audiencelabs.com.br\/wp-json\/wp\/v2\/posts\/13575\/revisions"}],"predecessor-version":[{"id":13641,"href":"https:\/\/diariodepernambuco.audiencelabs.com.br\/wp-json\/wp\/v2\/posts\/13575\/revisions\/13641"}],"wp:featuredmedia":[{"embeddable":true,"href":"https:\/\/diariodepernambuco.audiencelabs.com.br\/wp-json\/wp\/v2\/media\/13578"}],"wp:attachment":[{"href":"https:\/\/diariodepernambuco.audiencelabs.com.br\/wp-json\/wp\/v2\/media?parent=13575"}],"wp:term":[{"taxonomy":"category","embeddable":true,"href":"https:\/\/diariodepernambuco.audiencelabs.com.br\/wp-json\/wp\/v2\/categories?post=13575"},{"taxonomy":"post_tag","embeddable":true,"href":"https:\/\/diariodepernambuco.audiencelabs.com.br\/wp-json\/wp\/v2\/tags?post=13575"}],"curies":[{"name":"wp","href":"https:\/\/api.w.org\/{rel}","templated":true}]}}