{"id":13607,"date":"2026-01-14T13:00:00","date_gmt":"2026-01-14T16:00:00","guid":{"rendered":"https:\/\/diariodepernambuco.audiencelabs.com.br\/?p=13607"},"modified":"2026-01-15T10:28:37","modified_gmt":"2026-01-15T13:28:37","slug":"correios-chega-ao-fim-apos-anos-de-historia-e-servico-de-cartas-passa-a-ser-privado-neste-pais","status":"publish","type":"post","link":"https:\/\/diariodepernambuco.audiencelabs.com.br\/correios-chega-ao-fim-apos-anos-de-historia-e-servico-de-cartas-passa-a-ser-privado-neste-pais\/","title":{"rendered":"Correios chega ao fim ap\u00f3s anos de hist\u00f3ria e servi\u00e7o de cartas passa a ser privado neste pa\u00eds"},"content":{"rendered":"\n<p>A Dinamarca entrou para a hist\u00f3ria ao se tornar o primeiro pa\u00eds do mundo a extinguir totalmente o envio de cartas pelos correios. Em dezembro de 2025, a PostNord, empresa postal estatal, realizou a \u00faltima entrega de correspond\u00eancias no pa\u00eds, encerrando mais de quatro s\u00e9culos de servi\u00e7o postal tradicional.<\/p>\n\n\n\n<p>A medida foi motivada pela queda acentuada no volume de cartas, que despencou cerca de 90% desde o in\u00edcio dos anos 2000. O n\u00famero de envios caiu de 1,5 bilh\u00e3o para menos de 200 milh\u00f5es, refletindo a substitui\u00e7\u00e3o gradual do papel pelas comunica\u00e7\u00f5es digitais.<\/p>\n\n\n\n<h2 class=\"wp-block-heading\">&#8220;Correios&#8221; da Dinamarca encerrado<\/h2>\n\n\n\n<p>Na Dinamarca, o avan\u00e7o da digitaliza\u00e7\u00e3o e a prefer\u00eancia por meios eletr\u00f4nicos tornaram o envio de cartas economicamente invi\u00e1vel. Diante desse cen\u00e1rio, a decis\u00e3o foi encerrar o modelo tradicional e concentrar esfor\u00e7os na entrega de encomendas, \u00e1rea impulsionada pelo crescimento do com\u00e9rcio eletr\u00f4nico.<\/p>\n\n\n\n<p>O fim do servi\u00e7o postal de cartas tamb\u00e9m trouxe impactos relevantes ao mercado de trabalho. Cerca de 1.500 funcion\u00e1rios da PostNord \u2014 aproximadamente um ter\u00e7o do quadro de empregados \u2014 foram demitidos. Com isso, a popula\u00e7\u00e3o dinamarquesa passa a depender de empresas privadas para o envio de correspond\u00eancias.<\/p>\n\n\n\n<h2 class=\"wp-block-heading\">Digitaliza\u00e7\u00e3o muda o modelo postal e impacta trabalhadores<\/h2>\n\n\n\n<p>A extin\u00e7\u00e3o do servi\u00e7o de cartas na Dinamarca simboliza uma transforma\u00e7\u00e3o profunda na forma como a popula\u00e7\u00e3o se comunica. O correio, que por s\u00e9culos foi essencial para a troca de informa\u00e7\u00f5es, perdeu espa\u00e7o para solu\u00e7\u00f5es digitais mais r\u00e1pidas e baratas, tornando inevit\u00e1vel a revis\u00e3o do modelo estatal tradicional.<\/p>\n\n\n\n<p>Ao mesmo tempo, a mudan\u00e7a trouxe efeitos sociais e econ\u00f4micos relevantes. Al\u00e9m das demiss\u00f5es em massa, os dinamarqueses agora precisam recorrer a empresas privadas para o envio de correspond\u00eancias, marcando uma nova etapa em que o servi\u00e7o postal deixa de ser p\u00fablico e passa a funcionar sob a l\u00f3gica do mercado.<\/p>\n\n\n\n<p><\/p>\n","protected":false},"excerpt":{"rendered":"<p>A Dinamarca entrou para a hist\u00f3ria ao se tornar o primeiro pa\u00eds do mundo a extinguir totalmente o envio de cartas pelos correios. Em dezembro de 2025, a PostNord, empresa postal estatal, realizou a \u00faltima entrega de correspond\u00eancias no pa\u00eds, encerrando mais de quatro s\u00e9culos de servi\u00e7o postal tradicional. A medida foi motivada pela queda [&hellip;]<\/p>\n","protected":false},"author":4,"featured_media":13609,"comment_status":"open","ping_status":"open","sticky":false,"template":"","format":"standard","meta":{"jnews-multi-image_gallery":[],"jnews_single_post":{"format":"standard"},"jnews_primary_category":[],"jnews_social_meta":[],"jnews_post_split":[],"footnotes":""},"categories":[1],"tags":[],"class_list":["post-13607","post","type-post","status-publish","format-standard","has-post-thumbnail","hentry","category-uncategorized"],"_links":{"self":[{"href":"https:\/\/diariodepernambuco.audiencelabs.com.br\/wp-json\/wp\/v2\/posts\/13607","targetHints":{"allow":["GET"]}}],"collection":[{"href":"https:\/\/diariodepernambuco.audiencelabs.com.br\/wp-json\/wp\/v2\/posts"}],"about":[{"href":"https:\/\/diariodepernambuco.audiencelabs.com.br\/wp-json\/wp\/v2\/types\/post"}],"author":[{"embeddable":true,"href":"https:\/\/diariodepernambuco.audiencelabs.com.br\/wp-json\/wp\/v2\/users\/4"}],"replies":[{"embeddable":true,"href":"https:\/\/diariodepernambuco.audiencelabs.com.br\/wp-json\/wp\/v2\/comments?post=13607"}],"version-history":[{"count":3,"href":"https:\/\/diariodepernambuco.audiencelabs.com.br\/wp-json\/wp\/v2\/posts\/13607\/revisions"}],"predecessor-version":[{"id":13747,"href":"https:\/\/diariodepernambuco.audiencelabs.com.br\/wp-json\/wp\/v2\/posts\/13607\/revisions\/13747"}],"wp:featuredmedia":[{"embeddable":true,"href":"https:\/\/diariodepernambuco.audiencelabs.com.br\/wp-json\/wp\/v2\/media\/13609"}],"wp:attachment":[{"href":"https:\/\/diariodepernambuco.audiencelabs.com.br\/wp-json\/wp\/v2\/media?parent=13607"}],"wp:term":[{"taxonomy":"category","embeddable":true,"href":"https:\/\/diariodepernambuco.audiencelabs.com.br\/wp-json\/wp\/v2\/categories?post=13607"},{"taxonomy":"post_tag","embeddable":true,"href":"https:\/\/diariodepernambuco.audiencelabs.com.br\/wp-json\/wp\/v2\/tags?post=13607"}],"curies":[{"name":"wp","href":"https:\/\/api.w.org\/{rel}","templated":true}]}}