{"id":13637,"date":"2026-01-14T13:03:45","date_gmt":"2026-01-14T16:03:45","guid":{"rendered":"https:\/\/diariodepernambuco.audiencelabs.com.br\/?p=13637"},"modified":"2026-01-14T13:03:48","modified_gmt":"2026-01-14T16:03:48","slug":"lei-aprovada-traz-novo-documento-que-vale-como-identidade-no-brasil-para-esses-profissionais","status":"publish","type":"post","link":"https:\/\/diariodepernambuco.audiencelabs.com.br\/lei-aprovada-traz-novo-documento-que-vale-como-identidade-no-brasil-para-esses-profissionais\/","title":{"rendered":"Lei aprovada traz novo documento que vale como identidade no Brasil para esses profissionais"},"content":{"rendered":"\n<p>Embora o r\u00e1dio continue sendo um dos meios de comunica\u00e7\u00e3o de maior relev\u00e2ncia no Brasil, os profissionais respons\u00e1veis por sua opera\u00e7\u00e3o enfrentavam grandes dificuldades para terem seu trabalho reconhecido.<\/p>\n\n\n\n<p>Isso porque a <strong>carteira profissional de radialista\u00a0<\/strong>dependia exclusivamente de emiss\u00e3o sindical, o que impedia o acesso de trabalhadores n\u00e3o sindicalizados ao documento. Contudo, na \u00faltima sexta-feira (9), o governo federal promoveu grandes mudan\u00e7as para o setor.<\/p>\n\n\n\n<p>Isso porque o presidente Luiz In\u00e1cio Lula da Silva (PT) sancionou a <strong>Lei 15.335\/2026<\/strong>, que j\u00e1 foi publicada no Di\u00e1rio Oficial da Uni\u00e3o (DOU) e permite que radialistas tamb\u00e9m emitam a carteira junto ao Minist\u00e9rio do Trabalho e Emprego, pela <strong>Federa\u00e7\u00e3o dos Trabalhadores de Radiodifus\u00e3o e TV (Fitert)<\/strong>.<\/p>\n\n\n\n<p>Para isso, \u00e9 importante que os profissionais verifiquem se est\u00e3o devidamente registrados no \u00f3rg\u00e3o regional da pasta. Caso positivo, basta seguir com a solicita\u00e7\u00e3o normalmente para emitir o documento.<\/p>\n\n\n\n<h2 class=\"wp-block-heading\">Lei padroniza modelo e validade de documento<\/h2>\n\n\n\n<p>Al\u00e9m de ampliar o acesso ao documento, a Lei 15.335\/2026 tamb\u00e9m <strong>padronizou a validade <\/strong>da carteira profissional de radialista, reconhecendo-a como uma prova de identidade para a categoria em todo o territ\u00f3rio nacional.<\/p>\n\n\n\n<p>Desta forma, a nova norma garante mais seguran\u00e7a jur\u00eddica sobre a aceita\u00e7\u00e3o do documento, reduzindo assim a chance de que ocorram problemas de reconhecimento entre estados e institui\u00e7\u00f5es.<\/p>\n\n\n\n<p>Quanto \u00e0 padroniza\u00e7\u00e3o de modelo, o texto define que a carteira deve conter informa\u00e7\u00f5es como o n\u00famero da Carteira de Trabalho e Previd\u00eancia Social, n\u00famero do registro profissional e o cargo espec\u00edfico do radialista, al\u00e9m de uma fotografia e outras informa\u00e7\u00f5es pessoais.<\/p>\n\n\n\n<p>Para solicitar a carteira profissional, o radialista deve preencher o formul\u00e1rio de solicita\u00e7\u00e3o do registro profissional no sistema SIRPWEB e, posteriormente, protocolar sua documenta\u00e7\u00e3o no MTE em at\u00e9 30 dias. O processo poder\u00e1 ser acompanhado atrav\u00e9s dos portais oficiais de ambas as entidades.<\/p>\n","protected":false},"excerpt":{"rendered":"<p>Embora o r\u00e1dio continue sendo um dos meios de comunica\u00e7\u00e3o de maior relev\u00e2ncia no Brasil, os profissionais respons\u00e1veis por sua opera\u00e7\u00e3o enfrentavam grandes dificuldades para terem seu trabalho reconhecido. Isso porque a carteira profissional de radialista\u00a0dependia exclusivamente de emiss\u00e3o sindical, o que impedia o acesso de trabalhadores n\u00e3o sindicalizados ao documento. Contudo, na \u00faltima sexta-feira [&hellip;]<\/p>\n","protected":false},"author":15,"featured_media":13638,"comment_status":"open","ping_status":"open","sticky":false,"template":"","format":"standard","meta":{"jnews-multi-image_gallery":[],"jnews_single_post":{"format":"standard"},"jnews_primary_category":[],"jnews_social_meta":[],"jnews_post_split":[],"footnotes":""},"categories":[1],"tags":[],"class_list":["post-13637","post","type-post","status-publish","format-standard","has-post-thumbnail","hentry","category-uncategorized"],"_links":{"self":[{"href":"https:\/\/diariodepernambuco.audiencelabs.com.br\/wp-json\/wp\/v2\/posts\/13637","targetHints":{"allow":["GET"]}}],"collection":[{"href":"https:\/\/diariodepernambuco.audiencelabs.com.br\/wp-json\/wp\/v2\/posts"}],"about":[{"href":"https:\/\/diariodepernambuco.audiencelabs.com.br\/wp-json\/wp\/v2\/types\/post"}],"author":[{"embeddable":true,"href":"https:\/\/diariodepernambuco.audiencelabs.com.br\/wp-json\/wp\/v2\/users\/15"}],"replies":[{"embeddable":true,"href":"https:\/\/diariodepernambuco.audiencelabs.com.br\/wp-json\/wp\/v2\/comments?post=13637"}],"version-history":[{"count":1,"href":"https:\/\/diariodepernambuco.audiencelabs.com.br\/wp-json\/wp\/v2\/posts\/13637\/revisions"}],"predecessor-version":[{"id":13639,"href":"https:\/\/diariodepernambuco.audiencelabs.com.br\/wp-json\/wp\/v2\/posts\/13637\/revisions\/13639"}],"wp:featuredmedia":[{"embeddable":true,"href":"https:\/\/diariodepernambuco.audiencelabs.com.br\/wp-json\/wp\/v2\/media\/13638"}],"wp:attachment":[{"href":"https:\/\/diariodepernambuco.audiencelabs.com.br\/wp-json\/wp\/v2\/media?parent=13637"}],"wp:term":[{"taxonomy":"category","embeddable":true,"href":"https:\/\/diariodepernambuco.audiencelabs.com.br\/wp-json\/wp\/v2\/categories?post=13637"},{"taxonomy":"post_tag","embeddable":true,"href":"https:\/\/diariodepernambuco.audiencelabs.com.br\/wp-json\/wp\/v2\/tags?post=13637"}],"curies":[{"name":"wp","href":"https:\/\/api.w.org\/{rel}","templated":true}]}}