{"id":13658,"date":"2026-01-15T16:30:00","date_gmt":"2026-01-15T19:30:00","guid":{"rendered":"https:\/\/diariodepernambuco.audiencelabs.com.br\/?p=13658"},"modified":"2026-01-14T14:50:30","modified_gmt":"2026-01-14T17:50:30","slug":"melhores-profissoes-para-trabalhar-em-2026-foram-descobertas","status":"publish","type":"post","link":"https:\/\/diariodepernambuco.audiencelabs.com.br\/melhores-profissoes-para-trabalhar-em-2026-foram-descobertas\/","title":{"rendered":"Melhores profiss\u00f5es para trabalhar em 2026 foram descobertas"},"content":{"rendered":"\n<p>As transforma\u00e7\u00f5es aceleradas no mercado de trabalho, impulsionadas pela tecnologia, pela digitaliza\u00e7\u00e3o e por novas demandas sociais, j\u00e1 permitem identificar quais carreiras devem ganhar mais espa\u00e7o nos pr\u00f3ximos anos. O cen\u00e1rio global do mercado de trabalho para 2026 indica, de forma consistente, uma expans\u00e3o acelerada de cargos que unem tecnologia, estrat\u00e9gia e impacto socioambiental.<\/p>\n\n\n\n<p>De acordo com um levantamento recente divulgado pelo LinkedIn \u2014 a maior rede profissional do mundo \u2014, \u00e1reas relacionadas \u00e0 intelig\u00eancia artificial, ci\u00eancia de dados, sustentabilidade, finan\u00e7as digitais e lideran\u00e7a de equipes remotas est\u00e3o entre as que mais registram crescimento no n\u00famero de vagas e contrata\u00e7\u00f5es em n\u00edvel global.<\/p>\n\n\n\n<p>Esse novo cen\u00e1rio tamb\u00e9m impacta a forma como o trabalho \u00e9 organizado. O LinkedIn aponta que a expans\u00e3o dos modelos h\u00edbrido e remoto ampliou a concorr\u00eancia global por talentos, levando profissionais da Am\u00e9rica Latina, incluindo o Brasil, a disputar oportunidades com candidatos da Europa, dos Estados Unidos e da \u00c1sia.<\/p>\n\n\n\n<p>Segundo o LinkedIn Economic Graph, ferramenta que acompanha em tempo real a din\u00e2mica do mercado de trabalho em mais de 200 pa\u00edses, a demanda por profissionais de Big Data, Machine Learning, UX\/UI, FinTech, ciberseguran\u00e7a e sustentabilidade vem crescendo de maneira consistente nos \u00faltimos anos.<\/p>\n\n\n\n<h2 class=\"wp-block-heading\">Habilidades mais valorizadas e disputa global por vagas<\/h2>\n\n\n\n<p>Al\u00e9m da forma\u00e7\u00e3o t\u00e9cnica, o mercado de trabalho em 2026 tende a valorizar cada vez mais habilidades comportamentais e estrat\u00e9gicas, como pensamento anal\u00edtico, capacidade de adapta\u00e7\u00e3o, comunica\u00e7\u00e3o clara e lideran\u00e7a em ambientes digitais. Profissionais que conseguem unir conhecimento t\u00e9cnico a uma vis\u00e3o ampla de neg\u00f3cios e impacto social saem na frente na disputa por oportunidades.<\/p>\n\n\n\n<p>Com a consolida\u00e7\u00e3o do trabalho remoto e h\u00edbrido, as fronteiras geogr\u00e1ficas deixaram de ser um limite para contrata\u00e7\u00f5es. Isso amplia as possibilidades de carreira, mas tamb\u00e9m eleva o n\u00edvel de exig\u00eancia, j\u00e1 que empresas podem recrutar talentos em qualquer parte do mundo.<\/p>\n\n\n\n<p><\/p>\n","protected":false},"excerpt":{"rendered":"<p>As transforma\u00e7\u00f5es aceleradas no mercado de trabalho, impulsionadas pela tecnologia, pela digitaliza\u00e7\u00e3o e por novas demandas sociais, j\u00e1 permitem identificar quais carreiras devem ganhar mais espa\u00e7o nos pr\u00f3ximos anos. O cen\u00e1rio global do mercado de trabalho para 2026 indica, de forma consistente, uma expans\u00e3o acelerada de cargos que unem tecnologia, estrat\u00e9gia e impacto socioambiental. De [&hellip;]<\/p>\n","protected":false},"author":4,"featured_media":13671,"comment_status":"open","ping_status":"open","sticky":false,"template":"","format":"standard","meta":{"jnews-multi-image_gallery":[],"jnews_single_post":{"format":"standard","jnews_video_option_group":[[]],"override":[{"template":"1","parallax":"1","fullscreen":"1","layout":"right-sidebar","sidebar":"default-sidebar","second_sidebar":"default-sidebar","share_position":"hide","share_float_style":"share-monocrhome","show_share_counter":"1","show_view_counter":"1","show_featured":"1","show_post_meta":"1","show_post_author":"1","show_post_date":"1","post_date_format":"default","post_date_format_custom":"Y\/m\/d","show_post_reading_time":"0","post_reading_time_wpm":"300","post_calculate_word_method":"str_word_count","show_zoom_button":"0","zoom_button_out_step":"2","zoom_button_in_step":"3","number_popup_post":"1","show_author_box":"1","show_post_related":"0","show_inline_post_related":"0"}],"image_override":[{"single_post_thumbnail_size":"crop-500","single_post_gallery_size":"crop-500"}],"trending_post_position":"meta","trending_post_label":"Trending","sponsored_post_label":"Sponsored by","disable_ad":"0"},"jnews_primary_category":[],"jnews_social_meta":[],"jnews_post_split":{"post_split":[{"template":"1","tag":"h2","numbering":"asc","mode":"normal","first":"0","enable_toc":"0","toc_type":"normal"}]},"footnotes":""},"categories":[1],"tags":[],"class_list":["post-13658","post","type-post","status-publish","format-standard","has-post-thumbnail","hentry","category-uncategorized"],"_links":{"self":[{"href":"https:\/\/diariodepernambuco.audiencelabs.com.br\/wp-json\/wp\/v2\/posts\/13658","targetHints":{"allow":["GET"]}}],"collection":[{"href":"https:\/\/diariodepernambuco.audiencelabs.com.br\/wp-json\/wp\/v2\/posts"}],"about":[{"href":"https:\/\/diariodepernambuco.audiencelabs.com.br\/wp-json\/wp\/v2\/types\/post"}],"author":[{"embeddable":true,"href":"https:\/\/diariodepernambuco.audiencelabs.com.br\/wp-json\/wp\/v2\/users\/4"}],"replies":[{"embeddable":true,"href":"https:\/\/diariodepernambuco.audiencelabs.com.br\/wp-json\/wp\/v2\/comments?post=13658"}],"version-history":[{"count":2,"href":"https:\/\/diariodepernambuco.audiencelabs.com.br\/wp-json\/wp\/v2\/posts\/13658\/revisions"}],"predecessor-version":[{"id":13672,"href":"https:\/\/diariodepernambuco.audiencelabs.com.br\/wp-json\/wp\/v2\/posts\/13658\/revisions\/13672"}],"wp:featuredmedia":[{"embeddable":true,"href":"https:\/\/diariodepernambuco.audiencelabs.com.br\/wp-json\/wp\/v2\/media\/13671"}],"wp:attachment":[{"href":"https:\/\/diariodepernambuco.audiencelabs.com.br\/wp-json\/wp\/v2\/media?parent=13658"}],"wp:term":[{"taxonomy":"category","embeddable":true,"href":"https:\/\/diariodepernambuco.audiencelabs.com.br\/wp-json\/wp\/v2\/categories?post=13658"},{"taxonomy":"post_tag","embeddable":true,"href":"https:\/\/diariodepernambuco.audiencelabs.com.br\/wp-json\/wp\/v2\/tags?post=13658"}],"curies":[{"name":"wp","href":"https:\/\/api.w.org\/{rel}","templated":true}]}}