{"id":13661,"date":"2026-01-14T14:13:21","date_gmt":"2026-01-14T17:13:21","guid":{"rendered":"https:\/\/diariodepernambuco.audiencelabs.com.br\/?p=13661"},"modified":"2026-01-14T18:13:38","modified_gmt":"2026-01-14T21:13:38","slug":"brasileiros-com-filhos-recebem-pix-extra-do-governo-caso-se-enquadrem-nessa-situacao","status":"publish","type":"post","link":"https:\/\/diariodepernambuco.audiencelabs.com.br\/brasileiros-com-filhos-recebem-pix-extra-do-governo-caso-se-enquadrem-nessa-situacao\/","title":{"rendered":"Brasileiros com filhos recebem pix extra do Governo caso se enquadrem nessa situa\u00e7\u00e3o"},"content":{"rendered":"\n<p>Fam\u00edlias atendidas pelo Bolsa Fam\u00edlia que possuem crian\u00e7as pequenas seguir\u00e3o contando, em 2026, com um refor\u00e7o no or\u00e7amento mensal. O governo federal confirmou a manuten\u00e7\u00e3o do adicional de R$ 150 por crian\u00e7a de at\u00e9 seis anos, valor que integra o chamado Benef\u00edcio Primeira Inf\u00e2ncia e complementa o pagamento m\u00ednimo de R$ 600 do programa social.<\/p>\n\n\n\n<h2 class=\"wp-block-heading\">Governo confirma complemento para fam\u00edlias com crian\u00e7as pequenas<\/h2>\n\n\n\n<p>O Benef\u00edcio Primeira Inf\u00e2ncia \u00e9 concedido para cada crian\u00e7a de zero a seis anos que fa\u00e7a parte do n\u00facleo familiar inscrito no Bolsa Fam\u00edlia. Na pr\u00e1tica, o valor \u00e9 somado ao repasse mensal e pode ser acumulado quando h\u00e1 mais de uma crian\u00e7a nessa faixa et\u00e1ria no mesmo domic\u00edlio.<\/p>\n\n\n\n<p>A proposta do adicional \u00e9 ampliar o apoio financeiro em um per\u00edodo considerado decisivo para o desenvolvimento infantil, abrangendo aspectos como alimenta\u00e7\u00e3o, sa\u00fade e est\u00edmulos b\u00e1sicos para o crescimento f\u00edsico e intelectual.<\/p>\n\n\n\n<h2 class=\"wp-block-heading\">Regras para receber o valor extra<\/h2>\n\n\n\n<p>Para ter acesso ao benef\u00edcio, \u00e9 necess\u00e1rio que a fam\u00edlia esteja com o Cadastro \u00danico para Programas Sociais do Governo Federal atualizado. Al\u00e9m disso, continuam valendo as exig\u00eancias do programa, como acompanhamento de sa\u00fade das crian\u00e7as, cumprimento do calend\u00e1rio de vacina\u00e7\u00e3o e frequ\u00eancia escolar, quando aplic\u00e1vel.<\/p>\n\n\n\n<p>O c\u00e1lculo do pagamento leva em conta a composi\u00e7\u00e3o familiar informada no sistema, o que torna fundamental a atualiza\u00e7\u00e3o correta dos dados junto aos \u00f3rg\u00e3os respons\u00e1veis.<\/p>\n\n\n\n<h2 class=\"wp-block-heading\">Foco no enfrentamento da pobreza infantil<\/h2>\n\n\n\n<p>Especialistas avaliam que o recorte da primeira inf\u00e2ncia \u00e9 essencial no combate \u00e0s desigualdades sociais. Para o economista Daniel Duque, pesquisador do FGV IBRE, pol\u00edticas voltadas a fam\u00edlias com crian\u00e7as pequenas t\u00eam impacto direto na redu\u00e7\u00e3o da pobreza no pa\u00eds.<\/p>\n\n\n\n<p>Segundo ele, os \u00edndices de vulnerabilidade social se concentram justamente nos lares com crian\u00e7as de at\u00e9 seis anos, o que torna o modelo do Bolsa Fam\u00edlia mais eficaz ao considerar o n\u00famero de dependentes.<\/p>\n\n\n\n<h2 class=\"wp-block-heading\">Alcance do programa no pa\u00eds<\/h2>\n\n\n\n<p>Atualmente, o Bolsa Fam\u00edlia beneficia cerca de 18,7 milh\u00f5es de fam\u00edlias em todo o Brasil. O valor m\u00e9dio pago gira em torno de R$ 691, resultado da soma do benef\u00edcio b\u00e1sico com os adicionais. Apenas o Benef\u00edcio Primeira Inf\u00e2ncia alcan\u00e7a mais de 8 milh\u00f5es de crian\u00e7as, com investimentos mensais superiores a R$ 1 bilh\u00e3o.<\/p>\n","protected":false},"excerpt":{"rendered":"<p>Fam\u00edlias atendidas pelo Bolsa Fam\u00edlia que possuem crian\u00e7as pequenas seguir\u00e3o contando, em 2026, com um refor\u00e7o no or\u00e7amento mensal. O governo federal confirmou a manuten\u00e7\u00e3o do adicional de R$ 150 por crian\u00e7a de at\u00e9 seis anos, valor que integra o chamado Benef\u00edcio Primeira Inf\u00e2ncia e complementa o pagamento m\u00ednimo de R$ 600 do programa social. [&hellip;]<\/p>\n","protected":false},"author":7,"featured_media":2422,"comment_status":"open","ping_status":"open","sticky":false,"template":"","format":"standard","meta":{"jnews-multi-image_gallery":[],"jnews_single_post":{"format":"standard"},"jnews_primary_category":[],"jnews_social_meta":[],"jnews_post_split":[],"footnotes":""},"categories":[1],"tags":[],"class_list":["post-13661","post","type-post","status-publish","format-standard","has-post-thumbnail","hentry","category-uncategorized"],"_links":{"self":[{"href":"https:\/\/diariodepernambuco.audiencelabs.com.br\/wp-json\/wp\/v2\/posts\/13661","targetHints":{"allow":["GET"]}}],"collection":[{"href":"https:\/\/diariodepernambuco.audiencelabs.com.br\/wp-json\/wp\/v2\/posts"}],"about":[{"href":"https:\/\/diariodepernambuco.audiencelabs.com.br\/wp-json\/wp\/v2\/types\/post"}],"author":[{"embeddable":true,"href":"https:\/\/diariodepernambuco.audiencelabs.com.br\/wp-json\/wp\/v2\/users\/7"}],"replies":[{"embeddable":true,"href":"https:\/\/diariodepernambuco.audiencelabs.com.br\/wp-json\/wp\/v2\/comments?post=13661"}],"version-history":[{"count":2,"href":"https:\/\/diariodepernambuco.audiencelabs.com.br\/wp-json\/wp\/v2\/posts\/13661\/revisions"}],"predecessor-version":[{"id":13689,"href":"https:\/\/diariodepernambuco.audiencelabs.com.br\/wp-json\/wp\/v2\/posts\/13661\/revisions\/13689"}],"wp:featuredmedia":[{"embeddable":true,"href":"https:\/\/diariodepernambuco.audiencelabs.com.br\/wp-json\/wp\/v2\/media\/2422"}],"wp:attachment":[{"href":"https:\/\/diariodepernambuco.audiencelabs.com.br\/wp-json\/wp\/v2\/media?parent=13661"}],"wp:term":[{"taxonomy":"category","embeddable":true,"href":"https:\/\/diariodepernambuco.audiencelabs.com.br\/wp-json\/wp\/v2\/categories?post=13661"},{"taxonomy":"post_tag","embeddable":true,"href":"https:\/\/diariodepernambuco.audiencelabs.com.br\/wp-json\/wp\/v2\/tags?post=13661"}],"curies":[{"name":"wp","href":"https:\/\/api.w.org\/{rel}","templated":true}]}}