{"id":13665,"date":"2026-01-14T14:16:10","date_gmt":"2026-01-14T17:16:10","guid":{"rendered":"https:\/\/diariodepernambuco.audiencelabs.com.br\/?p=13665"},"modified":"2026-01-14T18:12:42","modified_gmt":"2026-01-14T21:12:42","slug":"mulheres-que-trabalham-como-domesticas-ganham-r-2-057-apos-aprovacao-do-governo","status":"publish","type":"post","link":"https:\/\/diariodepernambuco.audiencelabs.com.br\/mulheres-que-trabalham-como-domesticas-ganham-r-2-057-apos-aprovacao-do-governo\/","title":{"rendered":"Mulheres que trabalham como dom\u00e9sticas ganham R$ 2.057 ap\u00f3s aprova\u00e7\u00e3o do Governo"},"content":{"rendered":"\n<p>Uma altera\u00e7\u00e3o nas regras salariais em vigor no Paran\u00e1 passou a valer a partir de 2025 e trouxe reflexos diretos para milhares de trabalhadores. Entre os grupos contemplados est\u00e1 o das empregadas dom\u00e9sticas, categoria fundamental no cotidiano de muitas fam\u00edlias e que agora passa a contar com um rendimento m\u00ednimo mais elevado no estado.<\/p>\n\n\n\n<h2 class=\"wp-block-heading\">Reajuste entra em vigor no Paran\u00e1<\/h2>\n\n\n\n<p>O governo paranaense oficializou um novo piso regional por meio da Resolu\u00e7\u00e3o CETER n\u00ba 574\/2025, v\u00e1lida desde 1\u00ba de janeiro. Com a mudan\u00e7a, o sal\u00e1rio m\u00ednimo regional destinado \u00e0s empregadas dom\u00e9sticas foi fixado em R$ 2.057,59. O valor representa uma diferen\u00e7a significativa em rela\u00e7\u00e3o ao sal\u00e1rio m\u00ednimo nacional, atualmente em R$ 1.518, e busca acompanhar o custo de vida local.<\/p>\n\n\n\n<p>A atualiza\u00e7\u00e3o integra uma pol\u00edtica estadual voltada \u00e0 recomposi\u00e7\u00e3o do poder de compra dos trabalhadores, considerando a infla\u00e7\u00e3o acumulada e a eleva\u00e7\u00e3o dos pre\u00e7os de itens essenciais, como alimenta\u00e7\u00e3o, transporte e moradia.<\/p>\n\n\n\n<h2 class=\"wp-block-heading\">Categorias inclu\u00eddas no novo piso<\/h2>\n\n\n<style>@media (min-width: 992px) {\n    .recomendadorV2Area1 {\n        width: 280px;\n    }\n    .recomendadorV2Area2 {\n        padding: 0px 20px;\n        width: calc(100% - 280px);\n    }\n}\n\n@media (max-width: 992px) {\n    .recomendadorV2Button {\n        margin: 0 auto;\n    }\n    .recomendadorV2Area {\n        flex-direction: column;\n        text-align: center;\n    }\n    .recomendadorV2Area2 {\n        padding: 0px 20px;\n    }\n}\n\n.recomendadorV2Area {\n    background: #eeeeee3d;\n    border-radius: 10px;\n    padding: 15px;\n    display: flex;\n    margin: 15px auto;\n    border: 1px solid #00000014;\n    max-width: 800px;\n}\n\n.recomendadorV2Area1 img {\n    width: 280px;\n    height: auto;\n    border-radius: 8px;\n}\n\n.linkrecomendadorv2 {\n    text-decoration: none !important;\n}\n\n.recomendadorV2Area2 .recomendadorV2Type {\n    text-transform: uppercase;\n    font-weight: 500;\n    font-size: 11px;\n    letter-spacing: 2px;\n    color: #666;\n    margin: 12px 0;\n    display: block;\n}\n\n.recomendadorV2Title h2 {\n    padding-top: 0px !important;\n    margin: 0px !important;\n    border-left: none !important;\n    padding-left: 0px !important;\n    line-height: 1.3;\n    color: #000 !important;\n    font-size: 24px;\n    margin-bottom: 12px !important;\n}\n\n.recomendadorV2Desc {\n    color: #333;\n    margin: 12px 0px !important;\n    font-size: 15px;\n    line-height: 1.5;\n}\n\n.recomendadorV2Button {\n    width: auto;\n    max-width: 200px;\n    margin: 0;\n    display: inline-flex;\n    align-items: center;\n    background: #1D3557;\n    border-radius: 8px;\n    color: #fff;\n    height: 36px;\n    justify-content: center;\n    text-align: center;\n    font-size: 14px;\n    padding: 0 20px;\n    transition: background-color 0.2s ease;\n}\n\n.recomendadorV2Button:hover {\n    background: #2a4d7a;\n}\n\n.recomendadorV2Button:after {\n    margin-top: -2px;\n    content: \"\u2192\";\n    padding: 0px 0px 0px 8px;\n}\n\n.recomendadorV2Alert {\n    text-align: left;\n    font-size: 11px;\n    margin-top: 8px;\n    color: #666;\n}\n\n.recomendadorFixedArea {\n    width: 100%;\n    display: flex;\n    justify-content: center;\n    align-items: center;\n}\n\n@media (min-width: 992px) {\n    #recomendadorFixed {\n        width: 32% !important;\n        left: 5%;\n    }\n    .recomendadorCloseFixed{\n        right: inherit !important;\n        left: 378px !important;\n    }\n}\n\n#recomendadorFixed {\n    width: 90%;\n    box-shadow: 0 10px 20px 0px #00000057;\n    display: none;\n    height: 90px;\n    background: #F6F6F6;\n    position: fixed;\n    flex-direction: row;\n    bottom: 10px;\n    z-index: 9999;\n    border-radius: 16px;\n    padding: 7px 10px;\n}\n\n.recomendadorLeftArea {\n    width: 160px;\n}\n\n.recomendadorRightArea h2 {\n    padding-top: 0px;\n    margin: 2px 0px 4px 0px !important;\n    font-weight: 400;\n    text-align: center;\n    padding-left: 0px !important;\n    color: #000 !important;\n    border-left: none !important;\n    line-height: 20px;\n    font-size: 12px !important;\n}\n\n.recomendadorImgFixed {\n    overflow: hidden;\n    padding: 8px 6px;\n    height: 100%;\n}\n\n.recomendadorImgFixed img {\n    height: 100% !important;\n    border-radius: 16px;\n}\n\n.recomendadorRightArea {\n    padding-top: 6px;\n    display: flex;\n    width: calc(100% - 130px);\n    justify-content: space-between;\n    align-items: center;\n    flex-direction: column;\n}\n\n.recomendadorButtonFixed {\n    margin: 0 auto;\n    background: #1D3557;\n    width: 80%;\n    text-align: center;\n    font-size: 10px;\n    color: #FFF;\n    padding: 2px 10px;\n    border-radius: 3px;\n}\n\n.recomendadorButtonFixed:after {\n    margin-top: -3px;\n    content: \"\u2192\";\n    padding: 0px 0px 0px 10px;\n}\n\n.recomendadorAlertFixed {\n    font-weight: 400;\n    text-align: center;\n    color: #484848;\n    font-size: 8px;\n}\n\n.recomendadorCloseFixed {\n    z-index: 99999;\n    display: none;\n    right: 0px;\n    left: inherit;\n    bottom: 99px;\n    position: fixed;\n    justify-content: center;\n    background: #F6F6F6;\n    width: 25px;\n    align-items: center;\n    height: 25px;\n    font-weight: 800;\n    border-radius: 50%;\n    border: 1px solid #EBEBEB;\n}\n\n.recomendadorV2Desc{\n    color: #000000;\n    margin: 20px 0px;\n}\n\n@media (max-width: 576px) {\n    .recomendadorV2Area {\n      padding: 10px;\n      max-width: 100%;\n    }\n  \n    .recomendadorV2Area1 img {\n      width: 100%;\n      border-radius: 6px;\n    }\n  \n    .recomendadorV2Area2 .recomendadorV2Type {\n      font-size: 9px;\n      letter-spacing: 1px;\n      margin: 8px 0;\n    }\n  \n    .recomendadorV2Title h2 {\n      font-size: 18px !important;\n      margin-bottom: 8px !important;\n      line-height: 1.2;\n    }\n  \n    .recomendadorV2Desc {\n      font-size: 14px;\n      margin: 8px 0 !important;\n      line-height: 1.4;\n    }\n  \n    .recomendadorV2Button {\n      font-size: 12px;\n      height: 30px;\n      padding: 0 12px;\n      max-width: 160px;\n    }\n  \n    .recomendadorV2Button:after {\n      padding-left: 6px;\n    }\n  }\n  <\/style>\n        <div class=\"lazyblock-recomendador-v2-2jDGz wp-block-lazyblock-recomendador-v2\">\n        <a class=\"linkrecomendadorv2\" href=\"https:\/\/diariodepernambuco.com.br\/dpmais\/brasileiros-com-filhos-recebem-pix-extra-do-governo-caso-se-enquadrem-nessa-situacao\/?utm_source=lazy\" target=\"_blank\" rel=\"noopener\">\n            <div class=\"recomendadorV2Area\">\n            <div class=\"recomendadorV2Area1\">\n                <div class=\"recomendadorV2Img\">\n                <img class=\"lazyloaded\" decoding=\"async\" src=\"https:\/\/diariodepernambuco.com.br\/dpmais\/wp-content\/uploads\/2025\/09\/money-2180330_640-640x375.jpg\" data-src=\"https:\/\/diariodepernambuco.com.br\/dpmais\/wp-content\/uploads\/2025\/09\/money-2180330_640-640x375.jpg\" alt=\"\">\n                <\/div>\n            <\/div>\n            <div class=\"recomendadorV2Area2\">\n                <div class=\"recomendadorV2Type\">\n                    <span>Aux\u00edlio Governo<\/span>\n                <\/div>\n                <div class=\"recomendadorV2Title\">\n                <h2><span>Pix extra \ud83d\udc68\u200d\ud83d\udc69\u200d\ud83d\udc67<\/span><\/h2>\n                <\/div>\n                <div class=\"recomendadorV2Desc\">\n                <span>Fam\u00edlias podem receber Pix do governo<\/span>\n                <\/div>\n                <div class=\"recomendadorV2Button\">Veja se tem direito<\/div>\n                <div class=\"recomendadorV2Alert\"><\/div>\n            <\/div>\n            <\/div>\n        <\/a>\n        <div>\n            <div style=\"z-index:99999;\" id=\"buttonClose\" onclick=\"closeRecomendadorFixed()\">\n            <div class=\"recomendadorCloseFixed\">X<\/div>\n            <\/div>\n            <a href=\"https:\/\/diariodepernambuco.com.br\/dpmais\/brasileiros-com-filhos-recebem-pix-extra-do-governo-caso-se-enquadrem-nessa-situacao\/?utm_source=lazy\" target=\"_blank\" rel=\"noopener\">\n            <div class=\"recomendadorFixedArea\">\n                <div id=\"recomendadorFixed\">\n                <div class=\"recomendadorLeftArea\">\n                    <div class=\"recomendadorImgFixed\">\n                    <img class=\"lazyload\" decoding=\"async\" src=\"https:\/\/diariodepernambuco.com.br\/dpmais\/wp-content\/uploads\/2025\/09\/money-2180330_640-640x375.jpg\" alt=\"\">\n                    <\/div>\n                <\/div>\n                <div class=\"recomendadorRightArea\">\n                    <div class=\"recomendadorTitleFixed\">\n                    <h2><span>Pix extra \ud83d\udc68\u200d\ud83d\udc69\u200d\ud83d\udc67<\/span><\/h2>\n                    <\/div>\n                    <div class=\"recomendadorButtonFixed\">Veja se tem direito<\/div>\n                    <div class=\"recomendadorAlertFixed\"><\/div>\n                <\/div>\n                <\/div>\n            <\/div>\n            <\/a>\n        <\/div>\n        <\/div>\n\n\n\n<p>Al\u00e9m das trabalhadoras dom\u00e9sticas, o piso regional tamb\u00e9m se aplica a outras fun\u00e7\u00f5es, como profissionais do com\u00e9rcio, trabalhadores administrativos e empregados da \u00e1rea de manuten\u00e7\u00e3o. A l\u00f3gica do sal\u00e1rio regional \u00e9 reduzir distor\u00e7\u00f5es entre o rendimento m\u00ednimo nacional e as realidades econ\u00f4micas espec\u00edficas de cada estado.<\/p>\n\n\n\n<p>A legisla\u00e7\u00e3o que autoriza esse tipo de pol\u00edtica \u00e9 a Lei Complementar n\u00ba 103\/2000, que permite aos governos estaduais estabelecer valores pr\u00f3prios, desde que superiores ao m\u00ednimo federal. O Paran\u00e1 segue o mesmo caminho de estados como S\u00e3o Paulo, Rio de Janeiro e Santa Catarina, que adotam pisos regionais h\u00e1 anos.<\/p>\n\n\n\n<h2 class=\"wp-block-heading\">Diferen\u00e7as entre estados brasileiros<\/h2>\n\n\n\n<p>Atualmente, S\u00e3o Paulo mant\u00e9m um piso regional de R$ 1.640, enquanto Santa Catarina adota valores que chegam a R$ 1.612,26, dependendo da categoria. Esses n\u00fameros evidenciam que o sal\u00e1rio m\u00ednimo nacional nem sempre reflete o custo de vida em determinadas regi\u00f5es do pa\u00eds.<\/p>\n\n\n\n<h2 class=\"wp-block-heading\">Reflexos na economia e no mercado de trabalho<\/h2>\n\n\n\n<p>A eleva\u00e7\u00e3o do piso salarial tende a gerar impactos positivos na economia local, com maior circula\u00e7\u00e3o de renda e est\u00edmulo ao consumo. Para as empregadas dom\u00e9sticas, o reajuste representa avan\u00e7o na valoriza\u00e7\u00e3o profissional e mais seguran\u00e7a financeira. O governo estadual avalia que a medida tamb\u00e9m pode incentivar a formaliza\u00e7\u00e3o dos v\u00ednculos de trabalho e abrir espa\u00e7o para novos debates salariais ao longo de 2025.<\/p>\n","protected":false},"excerpt":{"rendered":"<p>Uma altera\u00e7\u00e3o nas regras salariais em vigor no Paran\u00e1 passou a valer a partir de 2025 e trouxe reflexos diretos para milhares de trabalhadores. Entre os grupos contemplados est\u00e1 o das empregadas dom\u00e9sticas, categoria fundamental no cotidiano de muitas fam\u00edlias e que agora passa a contar com um rendimento m\u00ednimo mais elevado no estado. Reajuste [&hellip;]<\/p>\n","protected":false},"author":7,"featured_media":13666,"comment_status":"open","ping_status":"open","sticky":false,"template":"","format":"standard","meta":{"jnews-multi-image_gallery":[],"jnews_single_post":{"format":"standard"},"jnews_primary_category":[],"jnews_social_meta":[],"jnews_post_split":[],"footnotes":""},"categories":[1],"tags":[],"class_list":["post-13665","post","type-post","status-publish","format-standard","has-post-thumbnail","hentry","category-uncategorized"],"_links":{"self":[{"href":"https:\/\/diariodepernambuco.audiencelabs.com.br\/wp-json\/wp\/v2\/posts\/13665","targetHints":{"allow":["GET"]}}],"collection":[{"href":"https:\/\/diariodepernambuco.audiencelabs.com.br\/wp-json\/wp\/v2\/posts"}],"about":[{"href":"https:\/\/diariodepernambuco.audiencelabs.com.br\/wp-json\/wp\/v2\/types\/post"}],"author":[{"embeddable":true,"href":"https:\/\/diariodepernambuco.audiencelabs.com.br\/wp-json\/wp\/v2\/users\/7"}],"replies":[{"embeddable":true,"href":"https:\/\/diariodepernambuco.audiencelabs.com.br\/wp-json\/wp\/v2\/comments?post=13665"}],"version-history":[{"count":2,"href":"https:\/\/diariodepernambuco.audiencelabs.com.br\/wp-json\/wp\/v2\/posts\/13665\/revisions"}],"predecessor-version":[{"id":13690,"href":"https:\/\/diariodepernambuco.audiencelabs.com.br\/wp-json\/wp\/v2\/posts\/13665\/revisions\/13690"}],"wp:featuredmedia":[{"embeddable":true,"href":"https:\/\/diariodepernambuco.audiencelabs.com.br\/wp-json\/wp\/v2\/media\/13666"}],"wp:attachment":[{"href":"https:\/\/diariodepernambuco.audiencelabs.com.br\/wp-json\/wp\/v2\/media?parent=13665"}],"wp:term":[{"taxonomy":"category","embeddable":true,"href":"https:\/\/diariodepernambuco.audiencelabs.com.br\/wp-json\/wp\/v2\/categories?post=13665"},{"taxonomy":"post_tag","embeddable":true,"href":"https:\/\/diariodepernambuco.audiencelabs.com.br\/wp-json\/wp\/v2\/tags?post=13665"}],"curies":[{"name":"wp","href":"https:\/\/api.w.org\/{rel}","templated":true}]}}