{"id":13673,"date":"2026-01-15T23:50:00","date_gmt":"2026-01-16T02:50:00","guid":{"rendered":"https:\/\/diariodepernambuco.audiencelabs.com.br\/?p=13673"},"modified":"2026-01-14T16:35:31","modified_gmt":"2026-01-14T19:35:31","slug":"alimentos-famosos-na-mesa-dos-brasileiros-vao-ter-que-mudar-de-nome","status":"publish","type":"post","link":"https:\/\/diariodepernambuco.audiencelabs.com.br\/alimentos-famosos-na-mesa-dos-brasileiros-vao-ter-que-mudar-de-nome\/","title":{"rendered":"Alimentos famosos na mesa dos brasileiros v\u00e3o ter que mudar de nome"},"content":{"rendered":"\n<p>Neste s\u00e1bado (17), o Mercosul e a Uni\u00e3o Europeia podem firmar um importante acordo comercial que possui como objetivo central aliviar as tarifas de uma grande parcela dos produtos intercambiados pelos dois lados. Mas este pode n\u00e3o ser o \u00fanico impacto causado.<\/p>\n\n\n\n<p>Afinal, a resolu\u00e7\u00e3o tamb\u00e9m deve provocar grandes mudan\u00e7as para as g\u00f4ndolas dos supermercados sul-americanos, j\u00e1 que produtores do continente <strong>n\u00e3o poder\u00e3o mais utilizar nomes de produtos vinculados a regi\u00f5es espec\u00edficas da Europa<\/strong> nos itens que comercializam.<\/p>\n\n\n\n<p>Sendo assim, produtos adorados pelos brasileiros, como<strong> o &#8220;presunto parma&#8221; e o &#8220;conhaque&#8221;<\/strong> devem ter seus nomes alterados, uma vez que somente os itens originais ter\u00e3o o direito de ser chamados desta forma.<\/p>\n\n\n\n<p>\u00c9 importante destacar que<strong> as restri\u00e7\u00f5es se aplicam somente aos nomes<\/strong>, e n\u00e3o \u00e0 fabrica\u00e7\u00e3o ou comercializa\u00e7\u00e3o dos produtos. Ou seja, eles ainda poder\u00e3o ser encontrados nas prateleiras, mas receber\u00e3o outra alcunha.<\/p>\n\n\n\n<p>E \u00e9 prov\u00e1vel que os nomes sejam totalmente in\u00e9ditos, pois a nova norma <strong>tamb\u00e9m impede o uso de tradu\u00e7\u00f5es ou express\u00f5es<\/strong> como &#8220;tipo parma&#8221; ou &#8220;estilo champanhe&#8221;. As mudan\u00e7as devem ser iniciadas ainda este ano.<\/p>\n\n\n\n<h2 class=\"wp-block-heading\">Brasil negocia exce\u00e7\u00e3o para nomes de queijos<\/h2>\n\n\n\n<p>Apesar da rigidez da exig\u00eancia, que estabeleceu prote\u00e7\u00f5es para mais de 500 produtos, o Brasil ainda<strong> conseguiu negociar exce\u00e7\u00f5es para sete tipos de queijos<\/strong> que j\u00e1 possuem produ\u00e7\u00f5es consolidadas no pa\u00eds.<\/p>\n\n\n\n<p>Sendo assim, os nomes <strong>gorgonzola, parmes\u00e3o, grana padano, gruy\u00e8re, fontina, steinh\u00e4ger e genever <\/strong>ainda poder\u00e3o ser utilizados pelos produtores. Entretanto, foram impostas as seguintes condi\u00e7\u00f5es:<\/p>\n\n\n\n<ul class=\"wp-block-list\">\n<li>As embalagens n\u00e3o poder\u00e3o conter bandeiras ou imagens que remetam \u00e0 origem europeia;<\/li>\n\n\n\n<li>O nome da marca deve aparecer com uma fonte substancialmente maior do que a da indica\u00e7\u00e3o geogr\u00e1fica;<\/li>\n\n\n\n<li>Assegurar que o consumidor entenda que o produto n\u00e3o \u00e9 importado da regi\u00e3o original.<\/li>\n<\/ul>\n\n\n\n<p>Vale ressaltar que o Mercosul tamb\u00e9m garantiu prote\u00e7\u00e3o para mais de 200 itens no acordo, com 37 deles sendo exclusivos do Brasil, incluindo a cacha\u00e7a e o queijo canastra. Desta forma, altera\u00e7\u00f5es tamb\u00e9m dever\u00e3o ocorrer no exterior.<\/p>\n","protected":false},"excerpt":{"rendered":"<p>Neste s\u00e1bado (17), o Mercosul e a Uni\u00e3o Europeia podem firmar um importante acordo comercial que possui como objetivo central aliviar as tarifas de uma grande parcela dos produtos intercambiados pelos dois lados. Mas este pode n\u00e3o ser o \u00fanico impacto causado. Afinal, a resolu\u00e7\u00e3o tamb\u00e9m deve provocar grandes mudan\u00e7as para as g\u00f4ndolas dos supermercados [&hellip;]<\/p>\n","protected":false},"author":15,"featured_media":13674,"comment_status":"open","ping_status":"open","sticky":false,"template":"","format":"standard","meta":{"jnews-multi-image_gallery":[],"jnews_single_post":{"format":"standard"},"jnews_primary_category":[],"jnews_social_meta":[],"jnews_post_split":[],"footnotes":""},"categories":[1],"tags":[],"class_list":["post-13673","post","type-post","status-publish","format-standard","has-post-thumbnail","hentry","category-uncategorized"],"_links":{"self":[{"href":"https:\/\/diariodepernambuco.audiencelabs.com.br\/wp-json\/wp\/v2\/posts\/13673","targetHints":{"allow":["GET"]}}],"collection":[{"href":"https:\/\/diariodepernambuco.audiencelabs.com.br\/wp-json\/wp\/v2\/posts"}],"about":[{"href":"https:\/\/diariodepernambuco.audiencelabs.com.br\/wp-json\/wp\/v2\/types\/post"}],"author":[{"embeddable":true,"href":"https:\/\/diariodepernambuco.audiencelabs.com.br\/wp-json\/wp\/v2\/users\/15"}],"replies":[{"embeddable":true,"href":"https:\/\/diariodepernambuco.audiencelabs.com.br\/wp-json\/wp\/v2\/comments?post=13673"}],"version-history":[{"count":1,"href":"https:\/\/diariodepernambuco.audiencelabs.com.br\/wp-json\/wp\/v2\/posts\/13673\/revisions"}],"predecessor-version":[{"id":13675,"href":"https:\/\/diariodepernambuco.audiencelabs.com.br\/wp-json\/wp\/v2\/posts\/13673\/revisions\/13675"}],"wp:featuredmedia":[{"embeddable":true,"href":"https:\/\/diariodepernambuco.audiencelabs.com.br\/wp-json\/wp\/v2\/media\/13674"}],"wp:attachment":[{"href":"https:\/\/diariodepernambuco.audiencelabs.com.br\/wp-json\/wp\/v2\/media?parent=13673"}],"wp:term":[{"taxonomy":"category","embeddable":true,"href":"https:\/\/diariodepernambuco.audiencelabs.com.br\/wp-json\/wp\/v2\/categories?post=13673"},{"taxonomy":"post_tag","embeddable":true,"href":"https:\/\/diariodepernambuco.audiencelabs.com.br\/wp-json\/wp\/v2\/tags?post=13673"}],"curies":[{"name":"wp","href":"https:\/\/api.w.org\/{rel}","templated":true}]}}