{"id":13692,"date":"2026-01-15T17:30:00","date_gmt":"2026-01-15T20:30:00","guid":{"rendered":"https:\/\/diariodepernambuco.audiencelabs.com.br\/?p=13692"},"modified":"2026-01-14T18:35:38","modified_gmt":"2026-01-14T21:35:38","slug":"enfermeira-vai-receber-indenizacao-de-r-10-mil-apos-sofrer-dano-moral","status":"publish","type":"post","link":"https:\/\/diariodepernambuco.audiencelabs.com.br\/enfermeira-vai-receber-indenizacao-de-r-10-mil-apos-sofrer-dano-moral\/","title":{"rendered":"Enfermeira vai receber indeniza\u00e7\u00e3o de R$ 10 mil ap\u00f3s sofrer dano moral"},"content":{"rendered":"\n<p>A ju\u00edza Rachel Albuquerque de Medeiros Mello, da 16\u00aa Vara do Trabalho de Porto Alegre, determinou que uma empresa do setor de sa\u00fade pague R$ 10 mil por danos morais a uma enfermeira, que teve a contrata\u00e7\u00e3o cancelada logo ap\u00f3s informar que estava gr\u00e1vida.<\/p>\n\n\n\n<p>De acordo com a decis\u00e3o, o processo seletivo encontrava-se em fase final quando a interrup\u00e7\u00e3o das tratativas ocorreu imediatamente ap\u00f3s a comunica\u00e7\u00e3o da gesta\u00e7\u00e3o. A profissional contou que havia participado do processo para a vaga de enfermeira supervisora administrativa, divulgado em uma plataforma de recrutamento on-line.<\/p>\n\n\n\n<p>Ap\u00f3s participar de entrevistas presenciais e virtuais, a profissional afirmou ter sido aprovada, recebendo a confirma\u00e7\u00e3o de que havia sido selecionada para o cargo. Segundo ela, a empresa passou a solicitar documentos admissionais, formul\u00e1rios, dados sens\u00edveis, informa\u00e7\u00f5es sobre dependentes, ades\u00e3o a benef\u00edcios e a realiza\u00e7\u00e3o do exame m\u00e9dico admissional.<\/p>\n\n\n\n<p>A contrata\u00e7\u00e3o dependia apenas da conclus\u00e3o do exame e da assinatura da carteira de trabalho. Nesse cen\u00e1rio, a trabalhadora comunicou estar gr\u00e1vida. Ap\u00f3s essa informa\u00e7\u00e3o, segundo seu relato, a postura da empresa mudou abruptamente: as tratativas foram suspensas, o exame n\u00e3o foi realizado e a contrata\u00e7\u00e3o foi cancelada.<\/p>\n\n\n\n<h2 class=\"wp-block-heading\">Decis\u00e3o judicial refor\u00e7a prote\u00e7\u00e3o a gestantes<\/h2>\n\n\n\n<p>O caso evidencia a import\u00e2ncia da legisla\u00e7\u00e3o trabalhista na prote\u00e7\u00e3o de mulheres gr\u00e1vidas contra discrimina\u00e7\u00e3o. A Justi\u00e7a reconheceu que a empresa agiu de forma abrupta e injustificada ao cancelar a contrata\u00e7\u00e3o logo ap\u00f3s a comunicac\u0327a\u0303o da gesta\u00e7\u00e3o, caracterizando dano moral \u00e0 profissional.<\/p>\n\n\n\n<p>Al\u00e9m da indeniza\u00e7\u00e3o de R$ 10 mil, a decis\u00e3o refor\u00e7a que processos seletivos devem seguir princ\u00edpios de igualdade e transpar\u00eancia, garantindo que a condi\u00e7\u00e3o de gravidez n\u00e3o seja motivo para exclus\u00e3o ou tratamento discriminat\u00f3rio. O caso serve como alerta para empregadores sobre a necessidade de respeitar direitos trabalhistas e promover um ambiente inclusivo.<\/p>\n\n\n\n<p><\/p>\n","protected":false},"excerpt":{"rendered":"<p>A ju\u00edza Rachel Albuquerque de Medeiros Mello, da 16\u00aa Vara do Trabalho de Porto Alegre, determinou que uma empresa do setor de sa\u00fade pague R$ 10 mil por danos morais a uma enfermeira, que teve a contrata\u00e7\u00e3o cancelada logo ap\u00f3s informar que estava gr\u00e1vida. De acordo com a decis\u00e3o, o processo seletivo encontrava-se em fase [&hellip;]<\/p>\n","protected":false},"author":4,"featured_media":13695,"comment_status":"open","ping_status":"open","sticky":false,"template":"","format":"standard","meta":{"jnews-multi-image_gallery":[],"jnews_single_post":{"format":"standard"},"jnews_primary_category":[],"jnews_social_meta":[],"jnews_post_split":[],"footnotes":""},"categories":[1],"tags":[],"class_list":["post-13692","post","type-post","status-publish","format-standard","has-post-thumbnail","hentry","category-uncategorized"],"_links":{"self":[{"href":"https:\/\/diariodepernambuco.audiencelabs.com.br\/wp-json\/wp\/v2\/posts\/13692","targetHints":{"allow":["GET"]}}],"collection":[{"href":"https:\/\/diariodepernambuco.audiencelabs.com.br\/wp-json\/wp\/v2\/posts"}],"about":[{"href":"https:\/\/diariodepernambuco.audiencelabs.com.br\/wp-json\/wp\/v2\/types\/post"}],"author":[{"embeddable":true,"href":"https:\/\/diariodepernambuco.audiencelabs.com.br\/wp-json\/wp\/v2\/users\/4"}],"replies":[{"embeddable":true,"href":"https:\/\/diariodepernambuco.audiencelabs.com.br\/wp-json\/wp\/v2\/comments?post=13692"}],"version-history":[{"count":3,"href":"https:\/\/diariodepernambuco.audiencelabs.com.br\/wp-json\/wp\/v2\/posts\/13692\/revisions"}],"predecessor-version":[{"id":13697,"href":"https:\/\/diariodepernambuco.audiencelabs.com.br\/wp-json\/wp\/v2\/posts\/13692\/revisions\/13697"}],"wp:featuredmedia":[{"embeddable":true,"href":"https:\/\/diariodepernambuco.audiencelabs.com.br\/wp-json\/wp\/v2\/media\/13695"}],"wp:attachment":[{"href":"https:\/\/diariodepernambuco.audiencelabs.com.br\/wp-json\/wp\/v2\/media?parent=13692"}],"wp:term":[{"taxonomy":"category","embeddable":true,"href":"https:\/\/diariodepernambuco.audiencelabs.com.br\/wp-json\/wp\/v2\/categories?post=13692"},{"taxonomy":"post_tag","embeddable":true,"href":"https:\/\/diariodepernambuco.audiencelabs.com.br\/wp-json\/wp\/v2\/tags?post=13692"}],"curies":[{"name":"wp","href":"https:\/\/api.w.org\/{rel}","templated":true}]}}