{"id":13724,"date":"2026-01-18T12:30:00","date_gmt":"2026-01-18T15:30:00","guid":{"rendered":"https:\/\/diariodepernambuco.audiencelabs.com.br\/?p=13724"},"modified":"2026-01-14T21:09:12","modified_gmt":"2026-01-15T00:09:12","slug":"mes-de-fevereiro-e-especial-e-vai-se-repetir-apenas-em-2037","status":"publish","type":"post","link":"https:\/\/diariodepernambuco.audiencelabs.com.br\/mes-de-fevereiro-e-especial-e-vai-se-repetir-apenas-em-2037\/","title":{"rendered":"M\u00eas de fevereiro \u00e9 especial e vai se repetir apenas em 2037"},"content":{"rendered":"\n<p>Fevereiro de 2026 virou assunto frequente nas redes sociais por apresentar um arranjo curioso no calend\u00e1rio: o m\u00eas come\u00e7a em um domingo e termina em um s\u00e1bado, com quatro ocorr\u00eancias de cada dia da semana. Em publica\u00e7\u00f5es que circulam na internet, esse formato tem sido tratado como algo excepcional, descrito como um \u201cfevereiro exato\u201d que s\u00f3 voltaria a se repetir depois de muitos s\u00e9culos. Especialistas, no entanto, afirmam que n\u00e3o h\u00e1 nada de extraordin\u00e1rio no fen\u00f4meno.<\/p>\n\n\n\n<h2 class=\"wp-block-heading\">Por que fevereiro chama aten\u00e7\u00e3o em 2026<\/h2>\n\n\n\n<p>Segundo o astr\u00f4nomo Fernando Roig, diretor substituto do Observat\u00f3rio Nacional, a explica\u00e7\u00e3o \u00e9 simples e matem\u00e1tica. Todo fevereiro de um ano que n\u00e3o \u00e9 bissexto tem 28 dias. Como a semana \u00e9 formada por sete dias, o resultado \u00e9 previs\u00edvel: quatro semanas completas, com a mesma quantidade de domingos, segundas, ter\u00e7as e assim por diante. Sempre que fevereiro come\u00e7a em um domingo, esse padr\u00e3o se repete automaticamente.<\/p>\n\n\n\n<h2 class=\"wp-block-heading\">Erros sobre o ciclo da Lua<\/h2>\n\n\n\n<p>Outro ponto bastante difundido nas redes \u00e9 a associa\u00e7\u00e3o entre fevereiro de 2026 e um suposto ciclo lunar perfeito. Roig esclarece que essa rela\u00e7\u00e3o n\u00e3o se sustenta. O intervalo entre duas luas cheias, conhecido como m\u00eas sin\u00f3dico, dura cerca de 29 dias e meio, e n\u00e3o 28. Por isso, n\u00e3o \u00e9 poss\u00edvel que um ciclo lunar completo caiba exatamente dentro do m\u00eas de fevereiro, ainda que algumas datas possam coincidir de forma aproximada.<\/p>\n\n\n\n<h2 class=\"wp-block-heading\">Repeti\u00e7\u00f5es no calend\u00e1rio civil<\/h2>\n\n\n\n<p>O que ocorre em 2026 faz parte de um padr\u00e3o conhecido do calend\u00e1rio gregoriano. Um fevereiro com quatro semanas completas costuma se repetir em intervalos de seis ou 11 anos, dependendo da posi\u00e7\u00e3o dos anos bissextos. A sequ\u00eancia mais comum segue a l\u00f3gica 11, 6, 11 anos, o que leva a uma repeti\u00e7\u00e3o total a cada 28 anos. Assim, o mesmo arranjo visto em 2026 voltar\u00e1 a ocorrer em 2037.<\/p>\n\n\n\n<h2 class=\"wp-block-heading\">Lua cheia no primeiro dia do m\u00eas<\/h2>\n\n\n\n<p>Em 2026, fevereiro tamb\u00e9m come\u00e7a com lua cheia, o que acrescenta um detalhe curioso, mas igualmente explic\u00e1vel. Esse tipo de coincid\u00eancia se relaciona ao chamado ciclo met\u00f4nico, que se repete aproximadamente a cada 19 anos. Ainda assim, n\u00e3o h\u00e1 qualquer car\u00e1ter m\u00edstico ou \u00fanico nesse encontro entre calend\u00e1rio e astronomia.<\/p>\n\n\n\n<p>Para os especialistas, a conclus\u00e3o \u00e9 direta: fevereiro de 2026 pode ser interessante do ponto de vista do calend\u00e1rio, mas est\u00e1 longe de ser um evento raro ou extraordin\u00e1rio.<\/p>\n","protected":false},"excerpt":{"rendered":"<p>Fevereiro de 2026 virou assunto frequente nas redes sociais por apresentar um arranjo curioso no calend\u00e1rio: o m\u00eas come\u00e7a em um domingo e termina em um s\u00e1bado, com quatro ocorr\u00eancias de cada dia da semana. Em publica\u00e7\u00f5es que circulam na internet, esse formato tem sido tratado como algo excepcional, descrito como um \u201cfevereiro exato\u201d que [&hellip;]<\/p>\n","protected":false},"author":7,"featured_media":13725,"comment_status":"open","ping_status":"open","sticky":false,"template":"","format":"standard","meta":{"jnews-multi-image_gallery":[],"jnews_single_post":{"format":"standard"},"jnews_primary_category":[],"jnews_social_meta":[],"jnews_post_split":[],"footnotes":""},"categories":[1],"tags":[],"class_list":["post-13724","post","type-post","status-publish","format-standard","has-post-thumbnail","hentry","category-uncategorized"],"_links":{"self":[{"href":"https:\/\/diariodepernambuco.audiencelabs.com.br\/wp-json\/wp\/v2\/posts\/13724","targetHints":{"allow":["GET"]}}],"collection":[{"href":"https:\/\/diariodepernambuco.audiencelabs.com.br\/wp-json\/wp\/v2\/posts"}],"about":[{"href":"https:\/\/diariodepernambuco.audiencelabs.com.br\/wp-json\/wp\/v2\/types\/post"}],"author":[{"embeddable":true,"href":"https:\/\/diariodepernambuco.audiencelabs.com.br\/wp-json\/wp\/v2\/users\/7"}],"replies":[{"embeddable":true,"href":"https:\/\/diariodepernambuco.audiencelabs.com.br\/wp-json\/wp\/v2\/comments?post=13724"}],"version-history":[{"count":1,"href":"https:\/\/diariodepernambuco.audiencelabs.com.br\/wp-json\/wp\/v2\/posts\/13724\/revisions"}],"predecessor-version":[{"id":13726,"href":"https:\/\/diariodepernambuco.audiencelabs.com.br\/wp-json\/wp\/v2\/posts\/13724\/revisions\/13726"}],"wp:featuredmedia":[{"embeddable":true,"href":"https:\/\/diariodepernambuco.audiencelabs.com.br\/wp-json\/wp\/v2\/media\/13725"}],"wp:attachment":[{"href":"https:\/\/diariodepernambuco.audiencelabs.com.br\/wp-json\/wp\/v2\/media?parent=13724"}],"wp:term":[{"taxonomy":"category","embeddable":true,"href":"https:\/\/diariodepernambuco.audiencelabs.com.br\/wp-json\/wp\/v2\/categories?post=13724"},{"taxonomy":"post_tag","embeddable":true,"href":"https:\/\/diariodepernambuco.audiencelabs.com.br\/wp-json\/wp\/v2\/tags?post=13724"}],"curies":[{"name":"wp","href":"https:\/\/api.w.org\/{rel}","templated":true}]}}