{"id":13777,"date":"2026-01-16T10:30:00","date_gmt":"2026-01-16T13:30:00","guid":{"rendered":"https:\/\/diariodepernambuco.audiencelabs.com.br\/?p=13777"},"modified":"2026-01-15T12:11:31","modified_gmt":"2026-01-15T15:11:31","slug":"brasileiros-que-querem-fazer-carreira-na-europa-ganham-presentao-da-uniao-europeia","status":"publish","type":"post","link":"https:\/\/diariodepernambuco.audiencelabs.com.br\/brasileiros-que-querem-fazer-carreira-na-europa-ganham-presentao-da-uniao-europeia\/","title":{"rendered":"Brasileiros que querem fazer carreira na Europa ganham present\u00e3o da Uni\u00e3o Europeia"},"content":{"rendered":"\n<p>A Uni\u00e3o Europeia aprovou uma nova lei que promete facilitar a vida de brasileiros que vivem no continente. Em breve, estrangeiros residentes em um dos pa\u00edses do bloco poder\u00e3o morar e trabalhar em qualquer outra na\u00e7\u00e3o europeia por meio de uma autoriza\u00e7\u00e3o \u00fanica, sem a necessidade de enfrentar longos e complexos tr\u00e2mites burocr\u00e1ticos.<\/p>\n\n\n\n<p>A medida decorre da Diretiva (UE) 2024\/1233, que unifica os pedidos de resid\u00eancia e trabalho para cidad\u00e3os de pa\u00edses fora da UE e passa a valer a partir de maio. \u00c9 o caso do Brasil, integrante do Mercosul. Assim, um brasileiro que mora legalmente em Portugal \u2014 principal destino dos imigrantes \u2014 e deseje se mudar para a Holanda, por exemplo, poder\u00e1 solicitar essa autoriza\u00e7\u00e3o.<\/p>\n\n\n\n<p>Vale ressaltar, no entanto, que \u00e9 necess\u00e1rio acompanhar a posi\u00e7\u00e3o de cada pa\u00eds em rela\u00e7\u00e3o \u00e0 nova norma. Dentro da Uni\u00e3o Europeia, existe um tratado que permite aos Estados-membros optarem por n\u00e3o aderir a determinadas pol\u00edticas migrat\u00f3rias. Al\u00e9m disso, a legisla\u00e7\u00e3o n\u00e3o garante mobilidade autom\u00e1tica entre todos os pa\u00edses do bloco.<\/p>\n\n\n\n<p>Neste s\u00e1bado (17), a presidente da Uni\u00e3o Europeia, Ursula von der Leyen, deve assinar o acordo de livre-com\u00e9rcio entre o bloco europeu e o Mercosul. Ap\u00f3s o alinhamento recente entre as partes, os trabalhos agora avan\u00e7am para a oficializa\u00e7\u00e3o do tratado. A uni\u00e3o dos dois blocos criar\u00e1 uma \u00e1rea de livre-com\u00e9rcio que abranger\u00e1 cerca de 718 milh\u00f5es de pessoas.<\/p>\n\n\n\n<h2 class=\"wp-block-heading\">O que muda na pr\u00e1tica para brasileiros que desejam trabalhar na Europa<\/h2>\n\n\n\n<p>Na pr\u00e1tica, a nova autoriza\u00e7\u00e3o \u00fanica tende a reduzir custos, prazos e burocracias para brasileiros que j\u00e1 vivem legalmente em um pa\u00eds da Uni\u00e3o Europeia e buscam novas oportunidades profissionais em outras na\u00e7\u00f5es do bloco. A medida amplia as possibilidades de carreira, facilita a mobilidade laboral e torna o mercado europeu mais acess\u00edvel para profissionais estrangeiros qualificados.<\/p>\n\n\n\n<p>Apesar do avan\u00e7o, especialistas recomendam cautela e planejamento. Cada pa\u00eds poder\u00e1 adotar regras espec\u00edficas para aplicar a diretiva, o que significa que exig\u00eancias como contratos de trabalho, comprova\u00e7\u00e3o de renda e valida\u00e7\u00e3o de diplomas ainda podem variar.<\/p>\n\n\n\n<p><\/p>\n","protected":false},"excerpt":{"rendered":"<p>A Uni\u00e3o Europeia aprovou uma nova lei que promete facilitar a vida de brasileiros que vivem no continente. Em breve, estrangeiros residentes em um dos pa\u00edses do bloco poder\u00e3o morar e trabalhar em qualquer outra na\u00e7\u00e3o europeia por meio de uma autoriza\u00e7\u00e3o \u00fanica, sem a necessidade de enfrentar longos e complexos tr\u00e2mites burocr\u00e1ticos. A medida [&hellip;]<\/p>\n","protected":false},"author":4,"featured_media":13780,"comment_status":"open","ping_status":"open","sticky":false,"template":"","format":"standard","meta":{"jnews-multi-image_gallery":[],"jnews_single_post":{"format":"standard"},"jnews_primary_category":[],"jnews_social_meta":[],"jnews_post_split":[],"footnotes":""},"categories":[1],"tags":[],"class_list":["post-13777","post","type-post","status-publish","format-standard","has-post-thumbnail","hentry","category-uncategorized"],"_links":{"self":[{"href":"https:\/\/diariodepernambuco.audiencelabs.com.br\/wp-json\/wp\/v2\/posts\/13777","targetHints":{"allow":["GET"]}}],"collection":[{"href":"https:\/\/diariodepernambuco.audiencelabs.com.br\/wp-json\/wp\/v2\/posts"}],"about":[{"href":"https:\/\/diariodepernambuco.audiencelabs.com.br\/wp-json\/wp\/v2\/types\/post"}],"author":[{"embeddable":true,"href":"https:\/\/diariodepernambuco.audiencelabs.com.br\/wp-json\/wp\/v2\/users\/4"}],"replies":[{"embeddable":true,"href":"https:\/\/diariodepernambuco.audiencelabs.com.br\/wp-json\/wp\/v2\/comments?post=13777"}],"version-history":[{"count":2,"href":"https:\/\/diariodepernambuco.audiencelabs.com.br\/wp-json\/wp\/v2\/posts\/13777\/revisions"}],"predecessor-version":[{"id":13781,"href":"https:\/\/diariodepernambuco.audiencelabs.com.br\/wp-json\/wp\/v2\/posts\/13777\/revisions\/13781"}],"wp:featuredmedia":[{"embeddable":true,"href":"https:\/\/diariodepernambuco.audiencelabs.com.br\/wp-json\/wp\/v2\/media\/13780"}],"wp:attachment":[{"href":"https:\/\/diariodepernambuco.audiencelabs.com.br\/wp-json\/wp\/v2\/media?parent=13777"}],"wp:term":[{"taxonomy":"category","embeddable":true,"href":"https:\/\/diariodepernambuco.audiencelabs.com.br\/wp-json\/wp\/v2\/categories?post=13777"},{"taxonomy":"post_tag","embeddable":true,"href":"https:\/\/diariodepernambuco.audiencelabs.com.br\/wp-json\/wp\/v2\/tags?post=13777"}],"curies":[{"name":"wp","href":"https:\/\/api.w.org\/{rel}","templated":true}]}}