{"id":13785,"date":"2026-01-15T13:00:53","date_gmt":"2026-01-15T16:00:53","guid":{"rendered":"https:\/\/diariodepernambuco.audiencelabs.com.br\/?p=13785"},"modified":"2026-01-15T15:47:23","modified_gmt":"2026-01-15T18:47:23","slug":"lei-aprovada-pelo-governo-vai-mudar-nome-de-varias-ruas-do-brasil-que-tenham-referencia-a-pessoas-preconceituosas","status":"publish","type":"post","link":"https:\/\/diariodepernambuco.audiencelabs.com.br\/lei-aprovada-pelo-governo-vai-mudar-nome-de-varias-ruas-do-brasil-que-tenham-referencia-a-pessoas-preconceituosas\/","title":{"rendered":"Lei aprovada pelo Governo vai mudar nome de v\u00e1rias ruas do Brasil que tenham refer\u00eancia a pessoas preconceituosas"},"content":{"rendered":"\n<p>Definidos por vereadores por meio de projetos de lei, os nomes de ruas podem<strong> fazer refer\u00eancia a locais, datas c\u00edvicas, seguir padr\u00f5es tem\u00e1ticos (como fauna ou flora) ou homenagear personalidades hist\u00f3ricas<\/strong>, sendo esta \u00faltima a op\u00e7\u00e3o mais adotada.<\/p>\n\n\n\n<p>Todavia, vale lembrar que embora a hist\u00f3ria do Brasil seja repleta de personalidades importantes dos mais variados segmentos, algumas figuras possuem trajet\u00f3rias nebulosas, relacionadas a atos como <strong>preconceito e de viola\u00e7\u00e3o a direitos humanos<\/strong>.<\/p>\n\n\n\n<p>Por conta disso, o governador de Minas Gerais, Romeu Zema (Novo), sancionou nesta ter\u00e7a-feira (13) <strong>a Lei n\u00aa 25.695\/2026<\/strong>, que passa a proibir a denomina\u00e7\u00e3o de espa\u00e7os p\u00fablicos com homenagens a pessoas que tenham participado de crimes como atos dicriminat\u00f3rios, tortura, tr\u00e1fico e escravid\u00e3o de pessoas negras e ind\u00edgenas, entre outros.<\/p>\n\n\n\n<p>A normativa foi aprovada pela Assembleia Legislativa de Minas ainda em dezembro, mas s\u00f3 entrou em vigor a partir desta semana. E \u00e9 importante ressaltar que, de acordo com os parlamentares respons\u00e1veis por sua autoria, ela n\u00e3o tem o intuito de apagar a hist\u00f3ria.<\/p>\n\n\n\n<p>Em discurso feito durante vota\u00e7\u00e3o, a deputada Andr\u00e9ia de Jesus (PT-MG) ressaltou que a principal inten\u00e7\u00e3o \u00e9 assegurar que espa\u00e7os p\u00fablicos homenageiem personalidades que representem a luta por liberdade, democracia e direitos.<\/p>\n\n\n\n<h2 class=\"wp-block-heading\">Nomes de ruas que podem ser alterados em breve<\/h2>\n\n\n\n<p>Conforme divulgado pelo portal <em>Itatiaia<\/em>, com a san\u00e7\u00e3o da nova lei, \u00e9 prov\u00e1vel que as mudan\u00e7as de nome de ruas <strong>sejam iniciadas a partir desta semana<\/strong>. Com isso, os seguintes endere\u00e7os podem ser afetados:<\/p>\n\n\n\n<ul class=\"wp-block-list\">\n<li><strong>Rua Monteiro Lobato: <\/strong>apesar se ser conhecido por suas contribui\u00e7\u00f5es para a literatura infantil com obras como S\u00edtio do Pica-Pau Amarelo, integrou a Sociedade Eug\u00eanica de S\u00e3o Paulo e tinha opini\u00f5es racistas;<\/li>\n\n\n\n<li><strong>Rua Borba Gato e Fern\u00e3o Dias:<\/strong> ambos bandeirantes, foram respons\u00e1veis pela morte de diversos ind\u00edgenas;<\/li>\n\n\n\n<li><strong>Rua Castelo Branco:<\/strong> militar e pol\u00edtico brasileiro, foi um dos articuladores do golpe militar de 1964, ascendendo ao poder no per\u00edodo, e respons\u00e1vel por torturas praticadas pelo regime.<\/li>\n<\/ul>\n","protected":false},"excerpt":{"rendered":"<p>Definidos por vereadores por meio de projetos de lei, os nomes de ruas podem fazer refer\u00eancia a locais, datas c\u00edvicas, seguir padr\u00f5es tem\u00e1ticos (como fauna ou flora) ou homenagear personalidades hist\u00f3ricas, sendo esta \u00faltima a op\u00e7\u00e3o mais adotada. Todavia, vale lembrar que embora a hist\u00f3ria do Brasil seja repleta de personalidades importantes dos mais variados [&hellip;]<\/p>\n","protected":false},"author":15,"featured_media":13787,"comment_status":"open","ping_status":"open","sticky":false,"template":"","format":"standard","meta":{"jnews-multi-image_gallery":[],"jnews_single_post":{"format":"standard"},"jnews_primary_category":[],"jnews_social_meta":[],"jnews_post_split":[],"footnotes":""},"categories":[1],"tags":[],"class_list":["post-13785","post","type-post","status-publish","format-standard","has-post-thumbnail","hentry","category-uncategorized"],"_links":{"self":[{"href":"https:\/\/diariodepernambuco.audiencelabs.com.br\/wp-json\/wp\/v2\/posts\/13785","targetHints":{"allow":["GET"]}}],"collection":[{"href":"https:\/\/diariodepernambuco.audiencelabs.com.br\/wp-json\/wp\/v2\/posts"}],"about":[{"href":"https:\/\/diariodepernambuco.audiencelabs.com.br\/wp-json\/wp\/v2\/types\/post"}],"author":[{"embeddable":true,"href":"https:\/\/diariodepernambuco.audiencelabs.com.br\/wp-json\/wp\/v2\/users\/15"}],"replies":[{"embeddable":true,"href":"https:\/\/diariodepernambuco.audiencelabs.com.br\/wp-json\/wp\/v2\/comments?post=13785"}],"version-history":[{"count":2,"href":"https:\/\/diariodepernambuco.audiencelabs.com.br\/wp-json\/wp\/v2\/posts\/13785\/revisions"}],"predecessor-version":[{"id":13810,"href":"https:\/\/diariodepernambuco.audiencelabs.com.br\/wp-json\/wp\/v2\/posts\/13785\/revisions\/13810"}],"wp:featuredmedia":[{"embeddable":true,"href":"https:\/\/diariodepernambuco.audiencelabs.com.br\/wp-json\/wp\/v2\/media\/13787"}],"wp:attachment":[{"href":"https:\/\/diariodepernambuco.audiencelabs.com.br\/wp-json\/wp\/v2\/media?parent=13785"}],"wp:term":[{"taxonomy":"category","embeddable":true,"href":"https:\/\/diariodepernambuco.audiencelabs.com.br\/wp-json\/wp\/v2\/categories?post=13785"},{"taxonomy":"post_tag","embeddable":true,"href":"https:\/\/diariodepernambuco.audiencelabs.com.br\/wp-json\/wp\/v2\/tags?post=13785"}],"curies":[{"name":"wp","href":"https:\/\/api.w.org\/{rel}","templated":true}]}}