{"id":13843,"date":"2026-01-18T14:20:00","date_gmt":"2026-01-18T17:20:00","guid":{"rendered":"https:\/\/diariodepernambuco.audiencelabs.com.br\/?p=13843"},"modified":"2026-01-15T18:24:23","modified_gmt":"2026-01-15T21:24:23","slug":"mansao-gigante-no-valor-de-quase-r-10-milhoes-tem-quartos-de-luxo-e-pertence-a-apresentadora-de-tv","status":"publish","type":"post","link":"https:\/\/diariodepernambuco.audiencelabs.com.br\/mansao-gigante-no-valor-de-quase-r-10-milhoes-tem-quartos-de-luxo-e-pertence-a-apresentadora-de-tv\/","title":{"rendered":"Mans\u00e3o gigante no valor de quase R$ 10 milh\u00f5es tem quartos de luxo e pertence \u00e0 apresentadora de TV"},"content":{"rendered":"\n<p>Presente na televis\u00e3o brasileira desde a inf\u00e2ncia, Eliana construiu uma trajet\u00f3ria que atravessa gera\u00e7\u00f5es e extrapola o sucesso diante das c\u00e2meras. Ao longo de mais de tr\u00eas d\u00e9cadas de carreira, a apresentadora consolidou n\u00e3o apenas uma imagem popular, mas tamb\u00e9m um patrim\u00f4nio que reflete const\u00e2ncia profissional e decis\u00f5es bem calculadas. Fora dos est\u00fadios, ela leva uma rotina discreta em Alphaville, na Grande S\u00e3o Paulo, onde vive h\u00e1 mais de 20 anos em uma mans\u00e3o avaliada em cerca de R$ 7,7 milh\u00f5es.<\/p>\n\n\n\n<h2 class=\"wp-block-heading\">Alphaville como ref\u00fagio longe dos holofotes<\/h2>\n\n\n\n<p>A escolha por Alphaville acompanha o perfil reservado da apresentadora. A regi\u00e3o \u00e9 conhecida por reunir condom\u00ednios fechados, seguran\u00e7a refor\u00e7ada e ampla infraestrutura, atraindo empres\u00e1rios, executivos e personalidades p\u00fablicas. No caso de Eliana, o endere\u00e7o funciona como um espa\u00e7o de prote\u00e7\u00e3o \u00e0 vida familiar, distante da exposi\u00e7\u00e3o constante que marcou sua carreira na TV.<\/p>\n\n\n\n<p>Com aproximadamente 1.200 metros quadrados de \u00e1rea constru\u00edda, a resid\u00eancia chama aten\u00e7\u00e3o pela dimens\u00e3o e pelo padr\u00e3o elevado, ainda que esteja abaixo dos valores m\u00e1ximos praticados na regi\u00e3o. No mercado local, im\u00f3veis semelhantes podem ultrapassar os R$ 30 milh\u00f5es, dependendo da localiza\u00e7\u00e3o e dos diferenciais do projeto, o que refor\u00e7a a op\u00e7\u00e3o da apresentadora por um luxo mais discreto.<\/p>\n\n\n\n<h2 class=\"wp-block-heading\">Conforto, lazer e funcionalidade em destaque<\/h2>\n\n\n\n<p>A casa foi pensada para integrar ambientes amplos e bem iluminados, favorecendo a conviv\u00eancia e o conforto do dia a dia. S\u00e3o v\u00e1rias su\u00edtes, \u00e1reas sociais generosas e espa\u00e7os voltados tanto ao descanso quanto a encontros mais reservados. Na parte externa, piscina, jardim e \u00e1rea de lazer comp\u00f5em um cen\u00e1rio de tranquilidade em meio \u00e0 urbaniza\u00e7\u00e3o intensa da Grande S\u00e3o Paulo.<\/p>\n\n\n\n<p>O condom\u00ednio oferece ainda controle rigoroso de acesso e \u00e1reas verdes preservadas, fatores decisivos para moradores que priorizam privacidade. A localiza\u00e7\u00e3o estrat\u00e9gica, pr\u00f3xima a escolas, centros empresariais e rodovias, mant\u00e9m Alphaville entre os endere\u00e7os mais valorizados do estado.<\/p>\n\n\n\n<h2 class=\"wp-block-heading\">Fortuna constru\u00edda al\u00e9m da televis\u00e3o<\/h2>\n\n\n\n<p>A mans\u00e3o \u00e9 apenas uma fra\u00e7\u00e3o do patrim\u00f4nio de Eliana. Estimativas do mercado financeiro apontam que sua fortuna supera os R$ 140 milh\u00f5es, resultado de contratos publicit\u00e1rios, licenciamentos de marca e investimentos fora da TV. Ela tamb\u00e9m possui um apartamento no Rio de Janeiro, avaliado em cerca de R$ 6 milh\u00f5es, utilizado durante compromissos profissionais.<\/p>\n\n\n\n<p>Mesmo com n\u00fameros expressivos, a apresentadora mant\u00e9m uma postura discreta. Sua trajet\u00f3ria revela uma carreira s\u00f3lida, marcada por planejamento, diversifica\u00e7\u00e3o de renda e escolhas de longo prazo que transformaram popularidade em patrim\u00f4nio consistente.<\/p>\n","protected":false},"excerpt":{"rendered":"<p>Presente na televis\u00e3o brasileira desde a inf\u00e2ncia, Eliana construiu uma trajet\u00f3ria que atravessa gera\u00e7\u00f5es e extrapola o sucesso diante das c\u00e2meras. Ao longo de mais de tr\u00eas d\u00e9cadas de carreira, a apresentadora consolidou n\u00e3o apenas uma imagem popular, mas tamb\u00e9m um patrim\u00f4nio que reflete const\u00e2ncia profissional e decis\u00f5es bem calculadas. Fora dos est\u00fadios, ela leva [&hellip;]<\/p>\n","protected":false},"author":7,"featured_media":13844,"comment_status":"open","ping_status":"open","sticky":false,"template":"","format":"standard","meta":{"jnews-multi-image_gallery":[],"jnews_single_post":{"format":"standard"},"jnews_primary_category":[],"jnews_social_meta":[],"jnews_post_split":[],"footnotes":""},"categories":[1],"tags":[],"class_list":["post-13843","post","type-post","status-publish","format-standard","has-post-thumbnail","hentry","category-uncategorized"],"_links":{"self":[{"href":"https:\/\/diariodepernambuco.audiencelabs.com.br\/wp-json\/wp\/v2\/posts\/13843","targetHints":{"allow":["GET"]}}],"collection":[{"href":"https:\/\/diariodepernambuco.audiencelabs.com.br\/wp-json\/wp\/v2\/posts"}],"about":[{"href":"https:\/\/diariodepernambuco.audiencelabs.com.br\/wp-json\/wp\/v2\/types\/post"}],"author":[{"embeddable":true,"href":"https:\/\/diariodepernambuco.audiencelabs.com.br\/wp-json\/wp\/v2\/users\/7"}],"replies":[{"embeddable":true,"href":"https:\/\/diariodepernambuco.audiencelabs.com.br\/wp-json\/wp\/v2\/comments?post=13843"}],"version-history":[{"count":1,"href":"https:\/\/diariodepernambuco.audiencelabs.com.br\/wp-json\/wp\/v2\/posts\/13843\/revisions"}],"predecessor-version":[{"id":13845,"href":"https:\/\/diariodepernambuco.audiencelabs.com.br\/wp-json\/wp\/v2\/posts\/13843\/revisions\/13845"}],"wp:featuredmedia":[{"embeddable":true,"href":"https:\/\/diariodepernambuco.audiencelabs.com.br\/wp-json\/wp\/v2\/media\/13844"}],"wp:attachment":[{"href":"https:\/\/diariodepernambuco.audiencelabs.com.br\/wp-json\/wp\/v2\/media?parent=13843"}],"wp:term":[{"taxonomy":"category","embeddable":true,"href":"https:\/\/diariodepernambuco.audiencelabs.com.br\/wp-json\/wp\/v2\/categories?post=13843"},{"taxonomy":"post_tag","embeddable":true,"href":"https:\/\/diariodepernambuco.audiencelabs.com.br\/wp-json\/wp\/v2\/tags?post=13843"}],"curies":[{"name":"wp","href":"https:\/\/api.w.org\/{rel}","templated":true}]}}