{"id":13886,"date":"2026-01-16T11:00:00","date_gmt":"2026-01-16T14:00:00","guid":{"rendered":"https:\/\/diariodepernambuco.audiencelabs.com.br\/?p=13886"},"modified":"2026-01-16T10:39:48","modified_gmt":"2026-01-16T13:39:48","slug":"lei-aprovada-aplica-multa-de-ate-r-10-mil-em-quem-deixar-o-cachorro-sozinho-em-casa","status":"publish","type":"post","link":"https:\/\/diariodepernambuco.audiencelabs.com.br\/lei-aprovada-aplica-multa-de-ate-r-10-mil-em-quem-deixar-o-cachorro-sozinho-em-casa\/","title":{"rendered":"Lei aprovada aplica multa de ate R$ 10 mil em quem deixar o cachorro sozinho em casa"},"content":{"rendered":"\n<p>Viajar e deixar o animal de estima\u00e7\u00e3o sozinho em casa pode resultar em multa elevada ao respons\u00e1vel, conforme estabelece uma lei aprovada recentemente. A iniciativa da Prefeitura de Santos, no litoral de S\u00e3o Paulo, tem como objetivo coibir o abandono tempor\u00e1rio e fortalecer as pol\u00edticas de bem-estar animal no munic\u00edpio.<\/p>\n\n\n\n<p>De acordo com a Lei Complementar n\u00ba 1.310\/2025, a aus\u00eancia de cuidados por mais de 36 horas pode gerar penalidades que variam de R$ 1.500 a R$ 10 mil, com valores dobrados em caso de reincid\u00eancia. Os recursos arrecadados ser\u00e3o destinados a a\u00e7\u00f5es locais voltadas \u00e0 prote\u00e7\u00e3o dos animais.<\/p>\n\n\n\n<p>A aplica\u00e7\u00e3o da nova norma envolver\u00e1 diferentes \u00f3rg\u00e3os municipais, com a fiscaliza\u00e7\u00e3o sob responsabilidade da Coordenadoria de Bem-Estar Animal e da Guarda Civil Municipal Ambiental. Embora a lei tenha validade restrita ao munic\u00edpio, o assunto ganhou destaque em todo o pa\u00eds e sinaliza uma tend\u00eancia de cidades que passam a debater regras mais rigorosas para coibir o abandono tempor\u00e1rio de animais.<\/p>\n\n\n\n<h2 class=\"wp-block-heading\">Como a fiscaliza\u00e7\u00e3o vai funcionar e o que os tutores precisam saber<\/h2>\n\n\n\n<p>A fiscaliza\u00e7\u00e3o ficar\u00e1 a cargo da Coordenadoria de Bem-Estar Animal e da Guarda Civil Municipal Ambiental, que poder\u00e3o agir a partir de den\u00fancias ou constata\u00e7\u00f5es diretas de abandono tempor\u00e1rio. A lei considera n\u00e3o apenas a aus\u00eancia prolongada do tutor, mas tamb\u00e9m a falta de alimenta\u00e7\u00e3o, \u00e1gua, higiene e condi\u00e7\u00f5es adequadas de bem-estar durante o per\u00edodo em que o animal permanece sozinho.<\/p>\n\n\n\n<p>Especialistas alertam que, antes de viajar, o tutor deve planejar alternativas como a contrata\u00e7\u00e3o de cuidadores, hospedagens especializadas ou o apoio de familiares e amigos. A nova regra refor\u00e7a que possuir um animal envolve responsabilidades cont\u00ednuas e que o descumprimento desses deveres pode resultar em penalidades severas, al\u00e9m de caracterizar maus-tratos.<\/p>\n\n\n\n<p><\/p>\n","protected":false},"excerpt":{"rendered":"<p>Viajar e deixar o animal de estima\u00e7\u00e3o sozinho em casa pode resultar em multa elevada ao respons\u00e1vel, conforme estabelece uma lei aprovada recentemente. A iniciativa da Prefeitura de Santos, no litoral de S\u00e3o Paulo, tem como objetivo coibir o abandono tempor\u00e1rio e fortalecer as pol\u00edticas de bem-estar animal no munic\u00edpio. De acordo com a Lei [&hellip;]<\/p>\n","protected":false},"author":4,"featured_media":9790,"comment_status":"open","ping_status":"open","sticky":false,"template":"","format":"standard","meta":{"jnews-multi-image_gallery":[],"jnews_single_post":{"format":"standard"},"jnews_primary_category":[],"jnews_social_meta":[],"jnews_post_split":[],"footnotes":""},"categories":[1],"tags":[],"class_list":["post-13886","post","type-post","status-publish","format-standard","has-post-thumbnail","hentry","category-uncategorized"],"_links":{"self":[{"href":"https:\/\/diariodepernambuco.audiencelabs.com.br\/wp-json\/wp\/v2\/posts\/13886","targetHints":{"allow":["GET"]}}],"collection":[{"href":"https:\/\/diariodepernambuco.audiencelabs.com.br\/wp-json\/wp\/v2\/posts"}],"about":[{"href":"https:\/\/diariodepernambuco.audiencelabs.com.br\/wp-json\/wp\/v2\/types\/post"}],"author":[{"embeddable":true,"href":"https:\/\/diariodepernambuco.audiencelabs.com.br\/wp-json\/wp\/v2\/users\/4"}],"replies":[{"embeddable":true,"href":"https:\/\/diariodepernambuco.audiencelabs.com.br\/wp-json\/wp\/v2\/comments?post=13886"}],"version-history":[{"count":2,"href":"https:\/\/diariodepernambuco.audiencelabs.com.br\/wp-json\/wp\/v2\/posts\/13886\/revisions"}],"predecessor-version":[{"id":13888,"href":"https:\/\/diariodepernambuco.audiencelabs.com.br\/wp-json\/wp\/v2\/posts\/13886\/revisions\/13888"}],"wp:featuredmedia":[{"embeddable":true,"href":"https:\/\/diariodepernambuco.audiencelabs.com.br\/wp-json\/wp\/v2\/media\/9790"}],"wp:attachment":[{"href":"https:\/\/diariodepernambuco.audiencelabs.com.br\/wp-json\/wp\/v2\/media?parent=13886"}],"wp:term":[{"taxonomy":"category","embeddable":true,"href":"https:\/\/diariodepernambuco.audiencelabs.com.br\/wp-json\/wp\/v2\/categories?post=13886"},{"taxonomy":"post_tag","embeddable":true,"href":"https:\/\/diariodepernambuco.audiencelabs.com.br\/wp-json\/wp\/v2\/tags?post=13886"}],"curies":[{"name":"wp","href":"https:\/\/api.w.org\/{rel}","templated":true}]}}