{"id":13889,"date":"2026-01-16T11:30:00","date_gmt":"2026-01-16T14:30:00","guid":{"rendered":"https:\/\/diariodepernambuco.audiencelabs.com.br\/?p=13889"},"modified":"2026-01-16T12:06:58","modified_gmt":"2026-01-16T15:06:58","slug":"valor-de-aluguel-minimo-no-brasil-subiu-para-r-3-500-por-mes-nesta-cidade-de-sao-paulo-e-e-o-mais-caro","status":"publish","type":"post","link":"https:\/\/diariodepernambuco.audiencelabs.com.br\/valor-de-aluguel-minimo-no-brasil-subiu-para-r-3-500-por-mes-nesta-cidade-de-sao-paulo-e-e-o-mais-caro\/","title":{"rendered":"Valor de aluguel m\u00ednimo no Brasil subiu para R$ 3.500 por m\u00eas nesta cidade de S\u00e3o Paulo e \u00e9 o mais caro"},"content":{"rendered":"\n<p>Barueri, na Regi\u00e3o Metropolitana de S\u00e3o Paulo, lidera o ranking das cidades mais caras do pa\u00eds para morar de aluguel. A constata\u00e7\u00e3o vem do \u00cdndice FipeZAP, divulgado nesta quinta-feira (15), que aponta um custo m\u00e9dio de R$ 70,35 por metro quadrado ao m\u00eas no munic\u00edpio.<\/p>\n\n\n\n<p>Em um im\u00f3vel de 50 metros quadrados, o valor m\u00ednimo para morar na cidade \u00e9 de uma loca\u00e7\u00e3o que chega a R$ 3.517,50, acima dos R$ 3.270 registrados em 2024. Desde 2022, Barueri mant\u00e9m a primeira coloca\u00e7\u00e3o no levantamento. A alta nos pre\u00e7os est\u00e1 relacionada aos investimentos no mercado imobili\u00e1rio de alto padr\u00e3o, intensificados durante a pandemia de Covid-19, com destaque para o bairro de Alphaville.<\/p>\n\n\n\n<p>O \u00cdndice FipeZAP monitora o valor m\u00e9dio do aluguel de apartamentos prontos em 36 cidades brasileiras, incluindo 22 capitais. As informa\u00e7\u00f5es t\u00eam como base dezembro de 2025. Na sequ\u00eancia do ranking aparece Bel\u00e9m (PA), a segunda cidade mais cara do pa\u00eds, com pre\u00e7o m\u00e9dio de R$ 63,69 por metro quadrado ao m\u00eas.<\/p>\n\n\n\n<p>Nesse patamar, o aluguel de um im\u00f3vel de 50 metros quadrados custa, em m\u00e9dia, R$ 3.184,50 mensais. S\u00e3o Paulo (SP) vem em terceiro lugar, com custo de R$ 62,56\/m\u00b2, ou R$ 3.128 por m\u00eas.<\/p>\n\n\n\n<h2 class=\"wp-block-heading\">Alphaville puxa os pre\u00e7os de aluguel e mant\u00e9m Barueri no topo do ranking<\/h2>\n\n\n\n<p>O avan\u00e7o do mercado imobili\u00e1rio de alto padr\u00e3o, especialmente em Alphaville, \u00e9 um dos principais fatores que explicam o valor elevado dos alugu\u00e9is em Barueri. A regi\u00e3o concentra empreendimentos residenciais modernos, condom\u00ednios fechados e ampla oferta de servi\u00e7os, o que aumenta a demanda e pressiona os pre\u00e7os para cima.<\/p>\n\n\n\n<p>Especialistas apontam que a valoriza\u00e7\u00e3o registrada desde a pandemia segue impactando diretamente o custo de vida local, tornando o munic\u00edpio menos acess\u00edvel para fam\u00edlias de renda m\u00e9dia. A tend\u00eancia, segundo o mercado, \u00e9 de manuten\u00e7\u00e3o dos pre\u00e7os elevados enquanto o foco permanecer em im\u00f3veis voltados ao p\u00fablico de maior poder aquisitivo.<\/p>\n\n\n\n<p><\/p>\n","protected":false},"excerpt":{"rendered":"<p>Barueri, na Regi\u00e3o Metropolitana de S\u00e3o Paulo, lidera o ranking das cidades mais caras do pa\u00eds para morar de aluguel. A constata\u00e7\u00e3o vem do \u00cdndice FipeZAP, divulgado nesta quinta-feira (15), que aponta um custo m\u00e9dio de R$ 70,35 por metro quadrado ao m\u00eas no munic\u00edpio. Em um im\u00f3vel de 50 metros quadrados, o valor m\u00ednimo [&hellip;]<\/p>\n","protected":false},"author":4,"featured_media":12159,"comment_status":"open","ping_status":"open","sticky":false,"template":"","format":"standard","meta":{"jnews-multi-image_gallery":[],"jnews_single_post":{"format":"standard"},"jnews_primary_category":[],"jnews_social_meta":[],"jnews_post_split":[],"footnotes":""},"categories":[1],"tags":[],"class_list":["post-13889","post","type-post","status-publish","format-standard","has-post-thumbnail","hentry","category-uncategorized"],"_links":{"self":[{"href":"https:\/\/diariodepernambuco.audiencelabs.com.br\/wp-json\/wp\/v2\/posts\/13889","targetHints":{"allow":["GET"]}}],"collection":[{"href":"https:\/\/diariodepernambuco.audiencelabs.com.br\/wp-json\/wp\/v2\/posts"}],"about":[{"href":"https:\/\/diariodepernambuco.audiencelabs.com.br\/wp-json\/wp\/v2\/types\/post"}],"author":[{"embeddable":true,"href":"https:\/\/diariodepernambuco.audiencelabs.com.br\/wp-json\/wp\/v2\/users\/4"}],"replies":[{"embeddable":true,"href":"https:\/\/diariodepernambuco.audiencelabs.com.br\/wp-json\/wp\/v2\/comments?post=13889"}],"version-history":[{"count":5,"href":"https:\/\/diariodepernambuco.audiencelabs.com.br\/wp-json\/wp\/v2\/posts\/13889\/revisions"}],"predecessor-version":[{"id":13914,"href":"https:\/\/diariodepernambuco.audiencelabs.com.br\/wp-json\/wp\/v2\/posts\/13889\/revisions\/13914"}],"wp:featuredmedia":[{"embeddable":true,"href":"https:\/\/diariodepernambuco.audiencelabs.com.br\/wp-json\/wp\/v2\/media\/12159"}],"wp:attachment":[{"href":"https:\/\/diariodepernambuco.audiencelabs.com.br\/wp-json\/wp\/v2\/media?parent=13889"}],"wp:term":[{"taxonomy":"category","embeddable":true,"href":"https:\/\/diariodepernambuco.audiencelabs.com.br\/wp-json\/wp\/v2\/categories?post=13889"},{"taxonomy":"post_tag","embeddable":true,"href":"https:\/\/diariodepernambuco.audiencelabs.com.br\/wp-json\/wp\/v2\/tags?post=13889"}],"curies":[{"name":"wp","href":"https:\/\/api.w.org\/{rel}","templated":true}]}}