{"id":13901,"date":"2026-01-16T13:00:00","date_gmt":"2026-01-16T16:00:00","guid":{"rendered":"https:\/\/diariodepernambuco.audiencelabs.com.br\/?p=13901"},"modified":"2026-01-16T11:13:29","modified_gmt":"2026-01-16T14:13:29","slug":"jatinho-particular-mais-caro-do-brasil-anda-a-900km-h-e-pertence-a-cantor-sertanejo","status":"publish","type":"post","link":"https:\/\/diariodepernambuco.audiencelabs.com.br\/jatinho-particular-mais-caro-do-brasil-anda-a-900km-h-e-pertence-a-cantor-sertanejo\/","title":{"rendered":"Jatinho particular mais caro do Brasil anda a 900km\/h e pertence a cantor sertanejo"},"content":{"rendered":"\n<p>Luxo, velocidade e exclusividade marcam o jatinho particular mais caro do Brasil, capaz de alcan\u00e7ar cerca de 900 km\/h e avaliado em US$ 15 milh\u00f5es \u2014 aproximadamente R$ 73 milh\u00f5es. Fabricado em 2005, o Gulfstream G550 chama aten\u00e7\u00e3o n\u00e3o apenas pelo alto padr\u00e3o e desempenho de aeronave executiva de elite, mas tamb\u00e9m por pertencer ao cantor sertanejo Gusttavo Lima.<\/p>\n\n\n\n<p>O modelo \u00e9 um dos mais sofisticados j\u00e1 produzidos pela fabricante norte-americana e foi projetado para voos intercontinentais sem escalas, com autonomia superior a 12 mil quil\u00f4metros. O interior do G550 \u00e9 configurado para oferecer conforto m\u00e1ximo, com cabine espa\u00e7osa, poltronas reclin\u00e1veis, \u00e1reas de descanso, cozinha completa e sistemas avan\u00e7ados de entretenimento e comunica\u00e7\u00e3o.<\/p>\n\n\n\n<p>A aeronave permite que o artista cumpra agendas intensas de shows pelo Brasil e no exterior com mais agilidade e privacidade, reduzindo o desgaste das longas viagens. Al\u00e9m do desempenho e do luxo, o jatinho tamb\u00e9m representa um investimento de alto valor, j\u00e1 que modelos da linha Gulfstream seguem entre os mais disputados do mercado de avia\u00e7\u00e3o executiva mundial.<\/p>\n\n\n\n<p>Al\u00e9m do Gulfstream G550, Gusttavo Lima j\u00e1 teve e mant\u00e9m outras aeronaves em sua frota particular, refor\u00e7ando o perfil de alto padr\u00e3o do cantor no setor de avia\u00e7\u00e3o executiva. Ao longo dos anos, ele foi associado a modelos como o Bombardier Global Express e aeronaves da linha Cessna Citation, utilizadas principalmente para deslocamentos r\u00e1pidos entre cidades brasileiras.<\/p>\n\n\n\n<h2 class=\"wp-block-heading\">Patrim\u00f4nio bilion\u00e1rio constru\u00eddo com m\u00fasica, neg\u00f3cios e investimentos<\/h2>\n\n\n\n<p>Gusttavo Lima figura entre os cantores mais ricos do Brasil, com uma fortuna estimada em centenas de milh\u00f5es de reais constru\u00edda ao longo de mais de uma d\u00e9cada de sucesso cont\u00ednuo. Os ganhos v\u00eam principalmente de cach\u00eas elevados por show, turn\u00eas nacionais e internacionais, direitos autorais e contratos publicit\u00e1rios, que colocaram o artista no topo do mercado sertanejo.<\/p>\n\n\n\n<p>Al\u00e9m da m\u00fasica, o cantor diversificou suas fontes de renda com investimentos em empresas, agroneg\u00f3cio, bebidas e ativos de alto valor, como im\u00f3veis de luxo e aeronaves executivas. Essa estrat\u00e9gia empresarial consolidou Gusttavo Lima n\u00e3o apenas como um dos maiores nomes da m\u00fasica brasileira, mas tamb\u00e9m como um empres\u00e1rio de grande peso financeiro.<\/p>\n\n\n\n<p><\/p>\n","protected":false},"excerpt":{"rendered":"<p>Luxo, velocidade e exclusividade marcam o jatinho particular mais caro do Brasil, capaz de alcan\u00e7ar cerca de 900 km\/h e avaliado em US$ 15 milh\u00f5es \u2014 aproximadamente R$ 73 milh\u00f5es. Fabricado em 2005, o Gulfstream G550 chama aten\u00e7\u00e3o n\u00e3o apenas pelo alto padr\u00e3o e desempenho de aeronave executiva de elite, mas tamb\u00e9m por pertencer ao [&hellip;]<\/p>\n","protected":false},"author":4,"featured_media":13904,"comment_status":"open","ping_status":"open","sticky":false,"template":"","format":"standard","meta":{"jnews-multi-image_gallery":[],"jnews_single_post":{"format":"standard"},"jnews_primary_category":[],"jnews_social_meta":[],"jnews_post_split":[],"footnotes":""},"categories":[1],"tags":[],"class_list":["post-13901","post","type-post","status-publish","format-standard","has-post-thumbnail","hentry","category-uncategorized"],"_links":{"self":[{"href":"https:\/\/diariodepernambuco.audiencelabs.com.br\/wp-json\/wp\/v2\/posts\/13901","targetHints":{"allow":["GET"]}}],"collection":[{"href":"https:\/\/diariodepernambuco.audiencelabs.com.br\/wp-json\/wp\/v2\/posts"}],"about":[{"href":"https:\/\/diariodepernambuco.audiencelabs.com.br\/wp-json\/wp\/v2\/types\/post"}],"author":[{"embeddable":true,"href":"https:\/\/diariodepernambuco.audiencelabs.com.br\/wp-json\/wp\/v2\/users\/4"}],"replies":[{"embeddable":true,"href":"https:\/\/diariodepernambuco.audiencelabs.com.br\/wp-json\/wp\/v2\/comments?post=13901"}],"version-history":[{"count":2,"href":"https:\/\/diariodepernambuco.audiencelabs.com.br\/wp-json\/wp\/v2\/posts\/13901\/revisions"}],"predecessor-version":[{"id":13906,"href":"https:\/\/diariodepernambuco.audiencelabs.com.br\/wp-json\/wp\/v2\/posts\/13901\/revisions\/13906"}],"wp:featuredmedia":[{"embeddable":true,"href":"https:\/\/diariodepernambuco.audiencelabs.com.br\/wp-json\/wp\/v2\/media\/13904"}],"wp:attachment":[{"href":"https:\/\/diariodepernambuco.audiencelabs.com.br\/wp-json\/wp\/v2\/media?parent=13901"}],"wp:term":[{"taxonomy":"category","embeddable":true,"href":"https:\/\/diariodepernambuco.audiencelabs.com.br\/wp-json\/wp\/v2\/categories?post=13901"},{"taxonomy":"post_tag","embeddable":true,"href":"https:\/\/diariodepernambuco.audiencelabs.com.br\/wp-json\/wp\/v2\/tags?post=13901"}],"curies":[{"name":"wp","href":"https:\/\/api.w.org\/{rel}","templated":true}]}}