{"id":13953,"date":"2026-01-19T23:50:00","date_gmt":"2026-01-20T02:50:00","guid":{"rendered":"https:\/\/diariodepernambuco.audiencelabs.com.br\/?p=13953"},"modified":"2026-01-16T16:34:49","modified_gmt":"2026-01-16T19:34:49","slug":"verdadeiro-final-de-game-of-thrones-vai-ser-muito-mais-legal-que-o-da-serie","status":"publish","type":"post","link":"https:\/\/diariodepernambuco.audiencelabs.com.br\/verdadeiro-final-de-game-of-thrones-vai-ser-muito-mais-legal-que-o-da-serie\/","title":{"rendered":"Verdadeiro final de Game of Thrones vai ser muito mais legal que o da s\u00e9rie"},"content":{"rendered":"\n<p>Em 2019, a s\u00e9rie <em><strong>Game of Thrones<\/strong><\/em>, que levou para as telas as tramas narradas nos livros do escritor George R.R. Martin, lan\u00e7ou sua 8\u00aa e \u00faltima temporada, que para muitos f\u00e3s, foi o ponto mais baixo da produ\u00e7\u00e3o.<\/p>\n\n\n\n<p>Fatores como o roteiro apressado e inconsistente, repleto de arcos de personagem incompletos e di\u00e1logos for\u00e7ados contribu\u00edram para que a o desfecho da adapta\u00e7\u00e3o fosse bombardeado com cr\u00edticas negativas. Contudo, h\u00e1 quem acredite que <em>GoT<\/em> ainda tem uma chance de reden\u00e7\u00e3o.<\/p>\n\n\n\n<p>Isso porque, durante uma entrevista ao portal <em>The Hollywood Reporter<\/em>, Martin admitiu que n\u00e3o espera ver o final da s\u00e9rie da HBO ser considerado can\u00f4nico, j\u00e1 que nos livros, <strong>ainda h\u00e1 hist\u00f3rias a serem contadas<\/strong>.<\/p>\n\n\n\n<p>Inclusive, de acordo com o escritor, o desfecho ser\u00e1 <strong>&#8220;significativamente diferente&#8221;<\/strong> do que foi visto nas telas, a come\u00e7ar pelo fato de que alguns personagems que foram mortos na adapta\u00e7\u00e3o est\u00e3o vivos no livro e vice versa.<\/p>\n\n\n\n<p>At\u00e9 o presente momento, n\u00e3o h\u00e1 previs\u00e3o de lan\u00e7amento para <em>Winds of Winter<\/em>, \u00faltimo volume da saga central de <em>GoT<\/em>, sobretudo em raz\u00e3o das dificuldades relatadas por Martin para finalizar a obra. Contudo, os f\u00e3s agora sabem que ao menos podem nutrir expectativas de um resultado superior.<\/p>\n\n\n\n<h2 class=\"wp-block-heading\">HBO pode desenvolver continua\u00e7\u00e3o direta para Game of Thrones<\/h2>\n\n\n\n<p>Nos \u00faltimos anos, a HBO tem se dedicado a expandir o universo de <em>Game of Thrones<\/em>, desenvolvendo spin-offs como <em>A Casa do Drag\u00e3o<\/em>, cuja 3\u00aa temporada deve ser lan\u00e7ada este ano, e <em>O Cavaleiro dos Sete Reinos<\/em>, que est\u00e1 entre as grandes estreias de janeiro.<\/p>\n\n\n\n<p>Todavia, aparentemente, o universo central tamb\u00e9m pode voltar a ser explorado pela empresa, j\u00e1 que de acordo com o portal <em>IGN<\/em>, <strong>uma sequ\u00eancia direta da trama de<em> GoT<\/em><\/strong>, focada no personagem Jon Snow, pode finalmente sair do papel.<\/p>\n\n\n\n<p>Vale lembrar que a produ\u00e7\u00e3o chegou a ser anunciada h\u00e1 alguns anos atr\u00e1s, mas acabou sendo descartada pouco tempo depois. Por\u00e9m, de acordo com fontes internas consultadas pela<em> IGN<\/em>, o projeto parece finalmente estar tomando forma, embora esteja seguindo rumos diferentes da ideia original.<\/p>\n","protected":false},"excerpt":{"rendered":"<p>Em 2019, a s\u00e9rie Game of Thrones, que levou para as telas as tramas narradas nos livros do escritor George R.R. Martin, lan\u00e7ou sua 8\u00aa e \u00faltima temporada, que para muitos f\u00e3s, foi o ponto mais baixo da produ\u00e7\u00e3o. Fatores como o roteiro apressado e inconsistente, repleto de arcos de personagem incompletos e di\u00e1logos for\u00e7ados [&hellip;]<\/p>\n","protected":false},"author":15,"featured_media":13956,"comment_status":"open","ping_status":"open","sticky":false,"template":"","format":"standard","meta":{"jnews-multi-image_gallery":[],"jnews_single_post":{"format":"standard"},"jnews_primary_category":[],"jnews_social_meta":[],"jnews_post_split":[],"footnotes":""},"categories":[1],"tags":[],"class_list":["post-13953","post","type-post","status-publish","format-standard","has-post-thumbnail","hentry","category-uncategorized"],"_links":{"self":[{"href":"https:\/\/diariodepernambuco.audiencelabs.com.br\/wp-json\/wp\/v2\/posts\/13953","targetHints":{"allow":["GET"]}}],"collection":[{"href":"https:\/\/diariodepernambuco.audiencelabs.com.br\/wp-json\/wp\/v2\/posts"}],"about":[{"href":"https:\/\/diariodepernambuco.audiencelabs.com.br\/wp-json\/wp\/v2\/types\/post"}],"author":[{"embeddable":true,"href":"https:\/\/diariodepernambuco.audiencelabs.com.br\/wp-json\/wp\/v2\/users\/15"}],"replies":[{"embeddable":true,"href":"https:\/\/diariodepernambuco.audiencelabs.com.br\/wp-json\/wp\/v2\/comments?post=13953"}],"version-history":[{"count":1,"href":"https:\/\/diariodepernambuco.audiencelabs.com.br\/wp-json\/wp\/v2\/posts\/13953\/revisions"}],"predecessor-version":[{"id":13964,"href":"https:\/\/diariodepernambuco.audiencelabs.com.br\/wp-json\/wp\/v2\/posts\/13953\/revisions\/13964"}],"wp:featuredmedia":[{"embeddable":true,"href":"https:\/\/diariodepernambuco.audiencelabs.com.br\/wp-json\/wp\/v2\/media\/13956"}],"wp:attachment":[{"href":"https:\/\/diariodepernambuco.audiencelabs.com.br\/wp-json\/wp\/v2\/media?parent=13953"}],"wp:term":[{"taxonomy":"category","embeddable":true,"href":"https:\/\/diariodepernambuco.audiencelabs.com.br\/wp-json\/wp\/v2\/categories?post=13953"},{"taxonomy":"post_tag","embeddable":true,"href":"https:\/\/diariodepernambuco.audiencelabs.com.br\/wp-json\/wp\/v2\/tags?post=13953"}],"curies":[{"name":"wp","href":"https:\/\/api.w.org\/{rel}","templated":true}]}}