{"id":13954,"date":"2026-01-18T08:15:00","date_gmt":"2026-01-18T11:15:00","guid":{"rendered":"https:\/\/diariodepernambuco.audiencelabs.com.br\/?p=13954"},"modified":"2026-01-16T16:18:12","modified_gmt":"2026-01-16T19:18:12","slug":"brasileiro-mais-rico-do-mundo-tem-patrimonio-de-3-geracoes-e-fortuna-de-r-200-bilhoes","status":"publish","type":"post","link":"https:\/\/diariodepernambuco.audiencelabs.com.br\/brasileiro-mais-rico-do-mundo-tem-patrimonio-de-3-geracoes-e-fortuna-de-r-200-bilhoes\/","title":{"rendered":"Brasileiro mais rico do mundo tem patrim\u00f4nio de 3 gera\u00e7\u00f5es e fortuna de R$ 200 bilh\u00f5es"},"content":{"rendered":"\n<p>O Brasil tem um representante no seleto grupo dos bilion\u00e1rios globais que se destaca n\u00e3o apenas pelo tamanho da fortuna, mas tamb\u00e9m pela hist\u00f3ria por tr\u00e1s do patrim\u00f4nio. Eduardo Saverin, um dos fundadores do Facebook, aparece como o brasileiro mais rico do mundo, com uma fortuna estimada em cerca de R$ 200 bilh\u00f5es, segundo a revista Forbes.<\/p>\n\n\n\n<p>Nascido em S\u00e3o Paulo, Eduardo Saverin mudou-se ainda crian\u00e7a com a fam\u00edlia para os Estados Unidos, onde construiu sua forma\u00e7\u00e3o acad\u00eamica. Ele se graduou em Economia pela Universidade de Harvard, institui\u00e7\u00e3o em que conheceu Mark Zuckerberg e participou da cria\u00e7\u00e3o do Facebook, inicialmente como uma rede social voltada a estudantes universit\u00e1rios.<\/p>\n\n\n\n<p>Saverin teve papel fundamental no financiamento inicial do projeto e na estrutura\u00e7\u00e3o do modelo de neg\u00f3cios da empresa, tornando-se um dos primeiros acionistas da plataforma. Ap\u00f3s deixar o Facebook nos primeiros anos da companhia, Saverin manteve participa\u00e7\u00e3o relevante na empresa, o que se mostrou decisivo com a expans\u00e3o global da rede social e sua abertura de capital.<\/p>\n\n\n\n<p>Com o passar do tempo, ele diversificou seus investimentos por meio de fundos de venture capital, especialmente na \u00c1sia, onde se estabeleceu em Singapura. Discreto e longe dos holofotes, Saverin transformou a participa\u00e7\u00e3o em uma startup universit\u00e1ria em uma das maiores fortunas do planeta, consolidando seu nome entre os bilion\u00e1rios mais influentes do setor de tecnologia.<\/p>\n\n\n\n<h2 class=\"wp-block-heading\">Principais bilion\u00e1rios brasileiros (Forbes 2025)<\/h2>\n\n\n\n<ol class=\"wp-block-list\">\n<li>Eduardo Saverin \u2013 cofundador do Facebook, l\u00edder como o brasileiro mais rico do mundo com fortuna estimada em dezenas de bilh\u00f5es de d\u00f3lares.<\/li>\n\n\n\n<li>Vicky Sarfati Safra e fam\u00edlia \u2013 herdeira do Banco Safra, figura entre os principais nomes do pa\u00eds.<\/li>\n\n\n\n<li>Jorge Paulo Lemann \u2013 um dos s\u00f3cios controladores da AB InBev e protagonista no 3G Capital.<\/li>\n\n\n\n<li>David V\u00e9lez \u2013 fundador do Nubank, presente entre os top brasileiros.<\/li>\n\n\n\n<li>Carlos Alberto Sicupira \u2013 parceiro de Lemann no 3G Capital.<\/li>\n\n\n\n<li>Andr\u00e9 Esteves \u2013 fundador do banco BTG Pactual.<\/li>\n\n\n\n<li>Fernando Roberto Moreira Salles \u2013 ligado ao Ita\u00fa e \u00e0 CBMM.<\/li>\n\n\n\n<li>Miguel Krigsner \u2013 fundador do grupo O Botic\u00e1rio.<\/li>\n\n\n\n<li>Pedro Moreira Salles \u2013 tamb\u00e9m do grupo ligado ao Ita\u00fa e CBMM.<\/li>\n\n\n\n<li>Alexandre Behring \u2013 executivo e investidor ligado \u00e0 3G Capital.<\/li>\n<\/ol>\n\n\n\n<p><\/p>\n","protected":false},"excerpt":{"rendered":"<p>O Brasil tem um representante no seleto grupo dos bilion\u00e1rios globais que se destaca n\u00e3o apenas pelo tamanho da fortuna, mas tamb\u00e9m pela hist\u00f3ria por tr\u00e1s do patrim\u00f4nio. Eduardo Saverin, um dos fundadores do Facebook, aparece como o brasileiro mais rico do mundo, com uma fortuna estimada em cerca de R$ 200 bilh\u00f5es, segundo a [&hellip;]<\/p>\n","protected":false},"author":4,"featured_media":5162,"comment_status":"open","ping_status":"open","sticky":false,"template":"","format":"standard","meta":{"jnews-multi-image_gallery":[],"jnews_single_post":{"format":"standard"},"jnews_primary_category":[],"jnews_social_meta":[],"jnews_post_split":[],"footnotes":""},"categories":[1],"tags":[],"class_list":["post-13954","post","type-post","status-publish","format-standard","has-post-thumbnail","hentry","category-uncategorized"],"_links":{"self":[{"href":"https:\/\/diariodepernambuco.audiencelabs.com.br\/wp-json\/wp\/v2\/posts\/13954","targetHints":{"allow":["GET"]}}],"collection":[{"href":"https:\/\/diariodepernambuco.audiencelabs.com.br\/wp-json\/wp\/v2\/posts"}],"about":[{"href":"https:\/\/diariodepernambuco.audiencelabs.com.br\/wp-json\/wp\/v2\/types\/post"}],"author":[{"embeddable":true,"href":"https:\/\/diariodepernambuco.audiencelabs.com.br\/wp-json\/wp\/v2\/users\/4"}],"replies":[{"embeddable":true,"href":"https:\/\/diariodepernambuco.audiencelabs.com.br\/wp-json\/wp\/v2\/comments?post=13954"}],"version-history":[{"count":2,"href":"https:\/\/diariodepernambuco.audiencelabs.com.br\/wp-json\/wp\/v2\/posts\/13954\/revisions"}],"predecessor-version":[{"id":13957,"href":"https:\/\/diariodepernambuco.audiencelabs.com.br\/wp-json\/wp\/v2\/posts\/13954\/revisions\/13957"}],"wp:featuredmedia":[{"embeddable":true,"href":"https:\/\/diariodepernambuco.audiencelabs.com.br\/wp-json\/wp\/v2\/media\/5162"}],"wp:attachment":[{"href":"https:\/\/diariodepernambuco.audiencelabs.com.br\/wp-json\/wp\/v2\/media?parent=13954"}],"wp:term":[{"taxonomy":"category","embeddable":true,"href":"https:\/\/diariodepernambuco.audiencelabs.com.br\/wp-json\/wp\/v2\/categories?post=13954"},{"taxonomy":"post_tag","embeddable":true,"href":"https:\/\/diariodepernambuco.audiencelabs.com.br\/wp-json\/wp\/v2\/tags?post=13954"}],"curies":[{"name":"wp","href":"https:\/\/api.w.org\/{rel}","templated":true}]}}