{"id":13972,"date":"2026-01-18T23:00:00","date_gmt":"2026-01-19T02:00:00","guid":{"rendered":"https:\/\/diariodepernambuco.audiencelabs.com.br\/?p=13972"},"modified":"2026-01-16T17:01:41","modified_gmt":"2026-01-16T20:01:41","slug":"bolsa-familia-2026-calendario-e-valores-dos-pagamentos-em-janeiro","status":"publish","type":"post","link":"https:\/\/diariodepernambuco.audiencelabs.com.br\/bolsa-familia-2026-calendario-e-valores-dos-pagamentos-em-janeiro\/","title":{"rendered":"Bolsa Fam\u00edlia 2026: calend\u00e1rio e valores dos pagamentos em janeiro"},"content":{"rendered":"\n<p>Os pagamentos do Bolsa Fam\u00edlia referentes a janeiro de 2026 j\u00e1 t\u00eam data definida, conforme informou o MDS (Minist\u00e9rio do Desenvolvimento e Assist\u00eancia Social, Fam\u00edlia e Combate \u00e0 Fome). O cronograma de repasses segue o \u00faltimo d\u00edgito do NIS (N\u00famero de Identifica\u00e7\u00e3o Social), que pode ser consultado no cart\u00e3o do benefici\u00e1rio.<\/p>\n\n\n\n<p>Os pagamentos s\u00e3o realizados nos dez \u00faltimos dias \u00fateis de cada m\u00eas. A exce\u00e7\u00e3o ocorre em dezembro, quando o calend\u00e1rio \u00e9 antecipado para assegurar o recebimento antes do Natal, com encerramento no dia 23. O Bolsa Fam\u00edlia \u00e9 destinado a fam\u00edlias com renda mensal de at\u00e9 R$ 218 por pessoa que residem no mesmo domic\u00edlio e estejam inscritas no Cad\u00danico.<\/p>\n\n\n\n<p>O cadastro deve ser realizado nos postos de atendimento da assist\u00eancia social dos munic\u00edpios. Para continuar recebendo o benef\u00edcio, o benefici\u00e1rio precisa cumprir exig\u00eancias nas \u00e1reas de educa\u00e7\u00e3o e sa\u00fade, como:<\/p>\n\n\n\n<ul class=\"wp-block-list\">\n<li>garantir matr\u00edcula e frequ\u00eancia escolar de crian\u00e7as e adolescentes de 4 a 17 anos;<\/li>\n\n\n\n<li>realizar o pr\u00e9-natal durante a gesta\u00e7\u00e3o;<\/li>\n\n\n\n<li>acompanhar o crescimento e o estado nutricional de crian\u00e7as com menos de 7 anos;<\/li>\n\n\n\n<li>manter todas as vacinas atualizadas, conforme o calend\u00e1rio do Minist\u00e9rio da Sa\u00fade.<\/li>\n<\/ul>\n\n\n\n<p>O n\u00e3o cumprimento dessas exig\u00eancias \u2014 como aus\u00eancia escolar ou vacina\u00e7\u00e3o em atraso \u2014 pode levar ao bloqueio tempor\u00e1rio do benef\u00edcio. Por isso, \u00e9 essencial manter as informa\u00e7\u00f5es e compromissos atualizados para evitar a suspens\u00e3o dos pagamentos. Para prevenir a perda do aux\u00edlio, o MDS orienta que os dados do benefici\u00e1rio e de sua fam\u00edlia no Cad\u00danico sejam atualizados a cada 24 meses.<\/p>\n\n\n\n<h2 class=\"wp-block-heading\">Calend\u00e1rio de janeiro do Bolsa Fam\u00edlia<\/h2>\n\n\n\n<ul class=\"wp-block-list\">\n<li>Final do NIS 1: 19\/01<\/li>\n\n\n\n<li>Final do NIS 2: 20\/01<\/li>\n\n\n\n<li>Final do NIS 3: 21\/01<\/li>\n\n\n\n<li>Final do NIS 4: 22\/01<\/li>\n\n\n\n<li>Final do NIS 5: 23\/01<\/li>\n\n\n\n<li>Final do NIS 6: 26\/01<\/li>\n\n\n\n<li>Final do NIS 7: 27\/01<\/li>\n\n\n\n<li>Final do NIS 8: 28\/01<\/li>\n\n\n\n<li>Final do NIS 9: 29\/01<\/li>\n\n\n\n<li>Final do NIS 0: 30\/01<\/li>\n<\/ul>\n\n\n\n<p><\/p>\n","protected":false},"excerpt":{"rendered":"<p>Os pagamentos do Bolsa Fam\u00edlia referentes a janeiro de 2026 j\u00e1 t\u00eam data definida, conforme informou o MDS (Minist\u00e9rio do Desenvolvimento e Assist\u00eancia Social, Fam\u00edlia e Combate \u00e0 Fome). O cronograma de repasses segue o \u00faltimo d\u00edgito do NIS (N\u00famero de Identifica\u00e7\u00e3o Social), que pode ser consultado no cart\u00e3o do benefici\u00e1rio. Os pagamentos s\u00e3o realizados [&hellip;]<\/p>\n","protected":false},"author":4,"featured_media":1522,"comment_status":"open","ping_status":"open","sticky":false,"template":"","format":"standard","meta":{"jnews-multi-image_gallery":[],"jnews_single_post":{"format":"standard"},"jnews_primary_category":[],"jnews_social_meta":[],"jnews_post_split":[],"footnotes":""},"categories":[1],"tags":[],"class_list":["post-13972","post","type-post","status-publish","format-standard","has-post-thumbnail","hentry","category-uncategorized"],"_links":{"self":[{"href":"https:\/\/diariodepernambuco.audiencelabs.com.br\/wp-json\/wp\/v2\/posts\/13972","targetHints":{"allow":["GET"]}}],"collection":[{"href":"https:\/\/diariodepernambuco.audiencelabs.com.br\/wp-json\/wp\/v2\/posts"}],"about":[{"href":"https:\/\/diariodepernambuco.audiencelabs.com.br\/wp-json\/wp\/v2\/types\/post"}],"author":[{"embeddable":true,"href":"https:\/\/diariodepernambuco.audiencelabs.com.br\/wp-json\/wp\/v2\/users\/4"}],"replies":[{"embeddable":true,"href":"https:\/\/diariodepernambuco.audiencelabs.com.br\/wp-json\/wp\/v2\/comments?post=13972"}],"version-history":[{"count":2,"href":"https:\/\/diariodepernambuco.audiencelabs.com.br\/wp-json\/wp\/v2\/posts\/13972\/revisions"}],"predecessor-version":[{"id":13975,"href":"https:\/\/diariodepernambuco.audiencelabs.com.br\/wp-json\/wp\/v2\/posts\/13972\/revisions\/13975"}],"wp:featuredmedia":[{"embeddable":true,"href":"https:\/\/diariodepernambuco.audiencelabs.com.br\/wp-json\/wp\/v2\/media\/1522"}],"wp:attachment":[{"href":"https:\/\/diariodepernambuco.audiencelabs.com.br\/wp-json\/wp\/v2\/media?parent=13972"}],"wp:term":[{"taxonomy":"category","embeddable":true,"href":"https:\/\/diariodepernambuco.audiencelabs.com.br\/wp-json\/wp\/v2\/categories?post=13972"},{"taxonomy":"post_tag","embeddable":true,"href":"https:\/\/diariodepernambuco.audiencelabs.com.br\/wp-json\/wp\/v2\/tags?post=13972"}],"curies":[{"name":"wp","href":"https:\/\/api.w.org\/{rel}","templated":true}]}}