{"id":13977,"date":"2026-01-18T10:28:00","date_gmt":"2026-01-18T13:28:00","guid":{"rendered":"https:\/\/diariodepernambuco.audiencelabs.com.br\/?p=13977"},"modified":"2026-01-16T17:50:48","modified_gmt":"2026-01-16T20:50:48","slug":"especialista-revela-quais-os-principais-riscos-para-o-mundo","status":"publish","type":"post","link":"https:\/\/diariodepernambuco.audiencelabs.com.br\/especialista-revela-quais-os-principais-riscos-para-o-mundo\/","title":{"rendered":"Especialista revela quais os principais riscos para o mundo"},"content":{"rendered":"\n<p>O F\u00f3rum Econ\u00f4mico Mundial divulgou recentemente a 21\u00aa edi\u00e7\u00e3o do Relat\u00f3rio de Riscos Globais, um levantamento elaborado a partir da opini\u00e3o de cerca de 1.300 especialistas de diferentes pa\u00edses. O estudo identifica os principais riscos econ\u00f4micos e pol\u00edticos que podem impactar o mundo no curto, m\u00e9dio e longo prazos.<\/p>\n\n\n\n<p>Na edi\u00e7\u00e3o mais recente, o risco mais relevante no curto prazo \u2014 com horizonte de at\u00e9 dois anos \u2014 \u00e9 a chamada \u201cconfronta\u00e7\u00e3o geoecon\u00f4mica\u201d, atribu\u00edda principalmente \u00e0 postura cada vez mais agressiva do governo de Donald Trump em rela\u00e7\u00e3o a diversos pa\u00edses, inclusive aliados hist\u00f3ricos.<\/p>\n\n\n\n<p>Ainda no curto prazo, o segundo maior risco apontado \u00e9 a desinforma\u00e7\u00e3o \u2014 a dissemina\u00e7\u00e3o crescente de conte\u00fados falsos ou distorcidos \u2014, que tende a se intensificar com a populariza\u00e7\u00e3o de ferramentas de intelig\u00eancia artificial cada vez mais avan\u00e7adas.<\/p>\n\n\n\n<p>J\u00e1 o terceiro risco, a polariza\u00e7\u00e3o das sociedades, \u00e9 em grande parte consequ\u00eancia direta desse cen\u00e1rio e tem contribu\u00eddo para um ambiente social e pol\u00edtico cada vez mais disfuncional, no qual grupos com vis\u00f5es pol\u00edticas ou ideol\u00f3gicas distintas deixam de dialogar de forma saud\u00e1vel e passam a se enxergar como inimigos, e n\u00e3o apenas como advers\u00e1rios.<\/p>\n\n\n\n<h2 class=\"wp-block-heading\">E quais s\u00e3o os riscos \u00e0 longo prazo?<\/h2>\n\n\n\n<p>No horizonte de longo prazo, estimado em cerca de dez anos, os principais riscos elencados no relat\u00f3rio est\u00e3o ligados \u00e0s mudan\u00e7as clim\u00e1ticas, como a intensifica\u00e7\u00e3o de eventos extremos, a perda de biodiversidade e o colapso de ecossistemas, al\u00e9m de altera\u00e7\u00f5es cr\u00edticas em diversos sistemas naturais do planeta.<\/p>\n\n\n\n<p>Na quarta posi\u00e7\u00e3o aparece novamente a desinforma\u00e7\u00e3o, enquanto o quinto lugar \u00e9 ocupado pelos impactos colaterais negativos associados ao avan\u00e7o das tecnologias de intelig\u00eancia artificial.<\/p>\n\n\n\n<p><\/p>\n","protected":false},"excerpt":{"rendered":"<p>O F\u00f3rum Econ\u00f4mico Mundial divulgou recentemente a 21\u00aa edi\u00e7\u00e3o do Relat\u00f3rio de Riscos Globais, um levantamento elaborado a partir da opini\u00e3o de cerca de 1.300 especialistas de diferentes pa\u00edses. O estudo identifica os principais riscos econ\u00f4micos e pol\u00edticos que podem impactar o mundo no curto, m\u00e9dio e longo prazos. Na edi\u00e7\u00e3o mais recente, o risco [&hellip;]<\/p>\n","protected":false},"author":4,"featured_media":13983,"comment_status":"open","ping_status":"open","sticky":false,"template":"","format":"standard","meta":{"jnews-multi-image_gallery":[],"jnews_single_post":{"format":"standard"},"jnews_primary_category":[],"jnews_social_meta":[],"jnews_post_split":[],"footnotes":""},"categories":[1],"tags":[],"class_list":["post-13977","post","type-post","status-publish","format-standard","has-post-thumbnail","hentry","category-uncategorized"],"_links":{"self":[{"href":"https:\/\/diariodepernambuco.audiencelabs.com.br\/wp-json\/wp\/v2\/posts\/13977","targetHints":{"allow":["GET"]}}],"collection":[{"href":"https:\/\/diariodepernambuco.audiencelabs.com.br\/wp-json\/wp\/v2\/posts"}],"about":[{"href":"https:\/\/diariodepernambuco.audiencelabs.com.br\/wp-json\/wp\/v2\/types\/post"}],"author":[{"embeddable":true,"href":"https:\/\/diariodepernambuco.audiencelabs.com.br\/wp-json\/wp\/v2\/users\/4"}],"replies":[{"embeddable":true,"href":"https:\/\/diariodepernambuco.audiencelabs.com.br\/wp-json\/wp\/v2\/comments?post=13977"}],"version-history":[{"count":1,"href":"https:\/\/diariodepernambuco.audiencelabs.com.br\/wp-json\/wp\/v2\/posts\/13977\/revisions"}],"predecessor-version":[{"id":13981,"href":"https:\/\/diariodepernambuco.audiencelabs.com.br\/wp-json\/wp\/v2\/posts\/13977\/revisions\/13981"}],"wp:featuredmedia":[{"embeddable":true,"href":"https:\/\/diariodepernambuco.audiencelabs.com.br\/wp-json\/wp\/v2\/media\/13983"}],"wp:attachment":[{"href":"https:\/\/diariodepernambuco.audiencelabs.com.br\/wp-json\/wp\/v2\/media?parent=13977"}],"wp:term":[{"taxonomy":"category","embeddable":true,"href":"https:\/\/diariodepernambuco.audiencelabs.com.br\/wp-json\/wp\/v2\/categories?post=13977"},{"taxonomy":"post_tag","embeddable":true,"href":"https:\/\/diariodepernambuco.audiencelabs.com.br\/wp-json\/wp\/v2\/tags?post=13977"}],"curies":[{"name":"wp","href":"https:\/\/api.w.org\/{rel}","templated":true}]}}