{"id":13980,"date":"2026-01-17T01:00:00","date_gmt":"2026-01-17T04:00:00","guid":{"rendered":"https:\/\/diariodepernambuco.audiencelabs.com.br\/?p=13980"},"modified":"2026-01-16T17:25:30","modified_gmt":"2026-01-16T20:25:30","slug":"dolar-bateu-recorde-na-historia-e-chegou-a-r-875-neste-ano-de-inflacao-ha-mais-de-duas-decadas","status":"publish","type":"post","link":"https:\/\/diariodepernambuco.audiencelabs.com.br\/dolar-bateu-recorde-na-historia-e-chegou-a-r-875-neste-ano-de-inflacao-ha-mais-de-duas-decadas\/","title":{"rendered":"D\u00f3lar bateu recorde na hist\u00f3ria e chegou a R$ 8,75 neste ano de infla\u00e7\u00e3o h\u00e1 mais de duas d\u00e9cadas"},"content":{"rendered":"\n<p>A recente marca nominal do d\u00f3lar, que chegou a R$ 6,05 em uma sexta-feira de novembro segundo a cota\u00e7\u00e3o Ptax do Banco Central, n\u00e3o representa o ponto mais alto da moeda americana quando analisada sob uma perspectiva hist\u00f3rica mais ampla. Ao considerar a infla\u00e7\u00e3o acumulada ao longo dos anos, o cen\u00e1rio muda de forma significativa e revela que o Brasil j\u00e1 enfrentou momentos de press\u00e3o cambial bem mais intensos.<\/p>\n\n\n\n<h2 class=\"wp-block-heading\">Pico hist\u00f3rico ocorreu em meio \u00e0 tens\u00e3o eleitoral de 2002<\/h2>\n\n\n\n<p>De acordo com um levantamento da consultoria Elos Ayta, que analisou dados dos \u00faltimos 30 anos, o maior valor real do d\u00f3lar foi registrado em setembro de 2002. Naquele per\u00edodo, ao ajustar a cota\u00e7\u00e3o pela infla\u00e7\u00e3o brasileira, medida pelo IPCA, e pela infla\u00e7\u00e3o dos Estados Unidos, apurada pelo CPI-U, a moeda norte-americana alcan\u00e7ou o equivalente a R$ 8,75.<\/p>\n\n\n\n<p>O contexto ajuda a explicar o salto. \u00c0s v\u00e9speras das elei\u00e7\u00f5es presidenciais, o mercado financeiro reagiu com forte apreens\u00e3o \u00e0 possibilidade de vit\u00f3ria de Luiz In\u00e1cio Lula da Silva. O aumento da percep\u00e7\u00e3o de risco provocou fuga de capitais e elevou de forma expressiva a taxa de c\u00e2mbio, em um dos momentos mais delicados da economia brasileira no in\u00edcio dos anos 2000.<\/p>\n\n\n\n<h2 class=\"wp-block-heading\">Outros per\u00edodos superaram a cota\u00e7\u00e3o atual<\/h2>\n\n\n\n<p>Al\u00e9m de 2002, o estudo aponta outros epis\u00f3dios em que o d\u00f3lar, corrigido pela infla\u00e7\u00e3o, ficou acima dos n\u00edveis recentes. Em julho de 2001, a cota\u00e7\u00e3o real chegou a R$ 6,40, refletindo incertezas externas e internas. J\u00e1 em outubro de 2020, durante o auge das incertezas provocadas pela pandemia de covid-19, o valor equivalente alcan\u00e7ou R$ 6,73.<\/p>\n\n\n\n<p>Esses n\u00fameros mostram que, apesar do impacto visual das cota\u00e7\u00f5es nominais mais recentes, o Brasil j\u00e1 lidou com press\u00f5es cambiais mais severas quando se leva em conta o poder de compra da moeda.<\/p>\n\n\n\n<h2 class=\"wp-block-heading\">Metodologia considera apenas infla\u00e7\u00e3o<\/h2>\n\n\n\n<p>Segundo Einar Rivero, s\u00f3cio e analista da Elos Ayta, o c\u00e1lculo \u00e9 baseado na paridade de poder de compra, m\u00e9todo que leva em considera\u00e7\u00e3o apenas a infla\u00e7\u00e3o acumulada nos dois pa\u00edses. Fatores como taxa de juros, reservas internacionais, risco fiscal e fluxo de capitais n\u00e3o entram nessa conta.<\/p>\n\n\n\n<p>Ainda assim, o movimento recente do d\u00f3lar reflete rea\u00e7\u00f5es do mercado a discuss\u00f5es fiscais, como propostas de corte de gastos e mudan\u00e7as na faixa de isen\u00e7\u00e3o do Imposto de Renda. Na v\u00e9spera da cota\u00e7\u00e3o Ptax, o d\u00f3lar \u00e0 vista havia encerrado o dia a R$ 5,91. No acumulado do ano, a moeda registra valoriza\u00e7\u00e3o de 21,84% frente ao real.<\/p>\n","protected":false},"excerpt":{"rendered":"<p>A recente marca nominal do d\u00f3lar, que chegou a R$ 6,05 em uma sexta-feira de novembro segundo a cota\u00e7\u00e3o Ptax do Banco Central, n\u00e3o representa o ponto mais alto da moeda americana quando analisada sob uma perspectiva hist\u00f3rica mais ampla. Ao considerar a infla\u00e7\u00e3o acumulada ao longo dos anos, o cen\u00e1rio muda de forma significativa [&hellip;]<\/p>\n","protected":false},"author":7,"featured_media":4313,"comment_status":"open","ping_status":"open","sticky":false,"template":"","format":"standard","meta":{"jnews-multi-image_gallery":[],"jnews_single_post":{"format":"standard"},"jnews_primary_category":[],"jnews_social_meta":[],"jnews_post_split":[],"footnotes":""},"categories":[1],"tags":[],"class_list":["post-13980","post","type-post","status-publish","format-standard","has-post-thumbnail","hentry","category-uncategorized"],"_links":{"self":[{"href":"https:\/\/diariodepernambuco.audiencelabs.com.br\/wp-json\/wp\/v2\/posts\/13980","targetHints":{"allow":["GET"]}}],"collection":[{"href":"https:\/\/diariodepernambuco.audiencelabs.com.br\/wp-json\/wp\/v2\/posts"}],"about":[{"href":"https:\/\/diariodepernambuco.audiencelabs.com.br\/wp-json\/wp\/v2\/types\/post"}],"author":[{"embeddable":true,"href":"https:\/\/diariodepernambuco.audiencelabs.com.br\/wp-json\/wp\/v2\/users\/7"}],"replies":[{"embeddable":true,"href":"https:\/\/diariodepernambuco.audiencelabs.com.br\/wp-json\/wp\/v2\/comments?post=13980"}],"version-history":[{"count":1,"href":"https:\/\/diariodepernambuco.audiencelabs.com.br\/wp-json\/wp\/v2\/posts\/13980\/revisions"}],"predecessor-version":[{"id":13984,"href":"https:\/\/diariodepernambuco.audiencelabs.com.br\/wp-json\/wp\/v2\/posts\/13980\/revisions\/13984"}],"wp:featuredmedia":[{"embeddable":true,"href":"https:\/\/diariodepernambuco.audiencelabs.com.br\/wp-json\/wp\/v2\/media\/4313"}],"wp:attachment":[{"href":"https:\/\/diariodepernambuco.audiencelabs.com.br\/wp-json\/wp\/v2\/media?parent=13980"}],"wp:term":[{"taxonomy":"category","embeddable":true,"href":"https:\/\/diariodepernambuco.audiencelabs.com.br\/wp-json\/wp\/v2\/categories?post=13980"},{"taxonomy":"post_tag","embeddable":true,"href":"https:\/\/diariodepernambuco.audiencelabs.com.br\/wp-json\/wp\/v2\/tags?post=13980"}],"curies":[{"name":"wp","href":"https:\/\/api.w.org\/{rel}","templated":true}]}}