{"id":14003,"date":"2026-01-17T01:30:00","date_gmt":"2026-01-17T04:30:00","guid":{"rendered":"https:\/\/diariodepernambuco.audiencelabs.com.br\/?p=14003"},"modified":"2026-01-16T18:55:53","modified_gmt":"2026-01-16T21:55:53","slug":"goleiro-bruno-voltou-da-prisao-e-fechou-com-time-da-primeira-divisao","status":"publish","type":"post","link":"https:\/\/diariodepernambuco.audiencelabs.com.br\/goleiro-bruno-voltou-da-prisao-e-fechou-com-time-da-primeira-divisao\/","title":{"rendered":"Goleiro Bruno voltou da pris\u00e3o e fechou com time da primeira divis\u00e3o"},"content":{"rendered":"\n<p>Desde que obteve liberdade condicional da Justi\u00e7a do Rio de Janeiro, em 2023, Bruno passou a atuar em equipes de futebol amador pelo pa\u00eds. Agora, por\u00e9m, a experi\u00eancia voltou a ser profissional. Um dia ap\u00f3s ter o nome registrado no Boletim Informativo Di\u00e1rio (BID) da CBF pelo Capixaba Sport Club, do Esp\u00edrito Santo, ele retornou oficialmente aos gramados profissionais aos 41 anos.<\/p>\n\n\n\n<p>Ex-Flamengo e Atl\u00e9tico-MG, o goleiro foi titular na partida contra o Porto Vit\u00f3ria pela primeira rodada do Campeonato Capixaba. Al\u00e9m disso, Bruno foi capit\u00e3o da equipe na derrota por 2 a 0. Os gols foram marcados por Renato Henrique e Luiz Henrique.<\/p>\n\n\n<div class=\"wp-block-image\">\n<figure class=\"aligncenter size-large is-resized\"><img loading=\"lazy\" decoding=\"async\" width=\"1024\" height=\"575\" src=\"https:\/\/diariodepernambuco.audiencelabs.com.br\/wp-content\/uploads\/2026\/01\/Bruno-1024x575.avif\" alt=\"\" class=\"wp-image-14007\" style=\"aspect-ratio:1.7809061586229764;width:780px;height:auto\" srcset=\"https:\/\/diariodepernambuco.audiencelabs.com.br\/wp-content\/uploads\/2026\/01\/Bruno-1024x575.avif 1024w, https:\/\/diariodepernambuco.audiencelabs.com.br\/wp-content\/uploads\/2026\/01\/Bruno-300x169.avif 300w, https:\/\/diariodepernambuco.audiencelabs.com.br\/wp-content\/uploads\/2026\/01\/Bruno-768x431.avif 768w, https:\/\/diariodepernambuco.audiencelabs.com.br\/wp-content\/uploads\/2026\/01\/Bruno-750x421.avif 750w, https:\/\/diariodepernambuco.audiencelabs.com.br\/wp-content\/uploads\/2026\/01\/Bruno-1140x640.avif 1140w, https:\/\/diariodepernambuco.audiencelabs.com.br\/wp-content\/uploads\/2026\/01\/Bruno.avif 1200w\" sizes=\"auto, (max-width: 1024px) 100vw, 1024px\" \/><figcaption class=\"wp-element-caption\">Goleiro Bruno em campo pelo Campeonato Capixaba. Foto: Reprodu\u00e7\u00e3o \/ TVE Esp\u00edrito Santo.<\/figcaption><\/figure>\n<\/div>\n\n\n<p>A \u00faltima atua\u00e7\u00e3o profissional de Bruno em uma partida oficial havia ocorrido em 25 de junho de 2023, quando defendeu o Atl\u00e9tico Carioca na S\u00e9rie C do Campeonato Carioca, equivalente \u00e0 quinta divis\u00e3o do futebol do Rio de Janeiro. J\u00e1 em outubro do ano passado, ele atuava pelo Palmeiras do Recanto, de Par\u00e1 de Minas, no Centro-Oeste de Minas Gerais, em competi\u00e7\u00f5es amadoras.<\/p>\n\n\n\n<h2 class=\"wp-block-heading\">Bruno desistiu de encontrar filho pela 1\u00aa vez<\/h2>\n\n\n\n<p>Bruno Fernandes desistiu de realizar o primeiro encontro com o filho, Bruninho, fruto do relacionamento com a modelo Eliza Sam\u00fadio, assassinada em 2010. A reuni\u00e3o estava prevista para ter\u00e7a-feira (13), no Rio de Janeiro, mas acabou n\u00e3o ocorrendo devido a diverg\u00eancias entre Bruno e a fam\u00edlia do garoto sobre os termos do encontro.<\/p>\n\n\n\n<p>Segundo Bruno, teriam sido impostas condi\u00e7\u00f5es pela av\u00f3 de Bruninho e pela advogada da fam\u00edlia, como a exig\u00eancia de que ele participasse sem a presen\u00e7a de advogado ou acompanhante. Ele afirmou ainda desconfiar de que o encontro poderia se transformar em uma armadilha, com c\u00e2meras ocultas destinadas a registrar declara\u00e7\u00f5es sobre a m\u00e3e do menino.<\/p>\n\n\n\n<p><\/p>\n","protected":false},"excerpt":{"rendered":"<p>Desde que obteve liberdade condicional da Justi\u00e7a do Rio de Janeiro, em 2023, Bruno passou a atuar em equipes de futebol amador pelo pa\u00eds. Agora, por\u00e9m, a experi\u00eancia voltou a ser profissional. Um dia ap\u00f3s ter o nome registrado no Boletim Informativo Di\u00e1rio (BID) da CBF pelo Capixaba Sport Club, do Esp\u00edrito Santo, ele retornou [&hellip;]<\/p>\n","protected":false},"author":4,"featured_media":14005,"comment_status":"open","ping_status":"open","sticky":false,"template":"","format":"standard","meta":{"jnews-multi-image_gallery":[],"jnews_single_post":{"format":"standard"},"jnews_primary_category":[],"jnews_social_meta":[],"jnews_post_split":[],"footnotes":""},"categories":[1],"tags":[],"class_list":["post-14003","post","type-post","status-publish","format-standard","has-post-thumbnail","hentry","category-uncategorized"],"_links":{"self":[{"href":"https:\/\/diariodepernambuco.audiencelabs.com.br\/wp-json\/wp\/v2\/posts\/14003","targetHints":{"allow":["GET"]}}],"collection":[{"href":"https:\/\/diariodepernambuco.audiencelabs.com.br\/wp-json\/wp\/v2\/posts"}],"about":[{"href":"https:\/\/diariodepernambuco.audiencelabs.com.br\/wp-json\/wp\/v2\/types\/post"}],"author":[{"embeddable":true,"href":"https:\/\/diariodepernambuco.audiencelabs.com.br\/wp-json\/wp\/v2\/users\/4"}],"replies":[{"embeddable":true,"href":"https:\/\/diariodepernambuco.audiencelabs.com.br\/wp-json\/wp\/v2\/comments?post=14003"}],"version-history":[{"count":2,"href":"https:\/\/diariodepernambuco.audiencelabs.com.br\/wp-json\/wp\/v2\/posts\/14003\/revisions"}],"predecessor-version":[{"id":14008,"href":"https:\/\/diariodepernambuco.audiencelabs.com.br\/wp-json\/wp\/v2\/posts\/14003\/revisions\/14008"}],"wp:featuredmedia":[{"embeddable":true,"href":"https:\/\/diariodepernambuco.audiencelabs.com.br\/wp-json\/wp\/v2\/media\/14005"}],"wp:attachment":[{"href":"https:\/\/diariodepernambuco.audiencelabs.com.br\/wp-json\/wp\/v2\/media?parent=14003"}],"wp:term":[{"taxonomy":"category","embeddable":true,"href":"https:\/\/diariodepernambuco.audiencelabs.com.br\/wp-json\/wp\/v2\/categories?post=14003"},{"taxonomy":"post_tag","embeddable":true,"href":"https:\/\/diariodepernambuco.audiencelabs.com.br\/wp-json\/wp\/v2\/tags?post=14003"}],"curies":[{"name":"wp","href":"https:\/\/api.w.org\/{rel}","templated":true}]}}