{"id":1402,"date":"2025-08-19T13:00:00","date_gmt":"2025-08-19T16:00:00","guid":{"rendered":"https:\/\/diariodepernambuco.audiencelabs.com.br\/?p=1402"},"modified":"2025-08-19T14:56:34","modified_gmt":"2025-08-19T17:56:34","slug":"neymar-e-comunicado-sobre-saida-no-santos-ele-foi-demitido","status":"publish","type":"post","link":"https:\/\/diariodepernambuco.audiencelabs.com.br\/neymar-e-comunicado-sobre-saida-no-santos-ele-foi-demitido\/","title":{"rendered":"Neymar \u00e9 comunicado sobre sa\u00edda no Santos: &#8220;ele foi demitido!&#8221;"},"content":{"rendered":"\n<p>Vindo de tr\u00eas jogos sem derrotas dentro do Campeonato Brasileiro e buscando uma recupera\u00e7\u00e3o dentro da competi\u00e7\u00e3o, o Santos contou com o apoio de quase 55 mil torcedores nas arquibancadas do MorumBis para enfrentar o Vasco pela 20\u00aa rodada. Mesmo com Neymar em campo, o desfecho foi bem diferente do esperado pelos santistas.<\/p>\n\n\n\n<p>Ap\u00e1tico em campo, o Santos sofreu a sua terceira pior derrota na hist\u00f3ria do Brasileir\u00e3o: 6 a 0. A goleada vasca\u00edna s\u00f3 n\u00e3o superou os 7 a 1 aplicados pelo Corinthians, em 2005, e Internacional, em 2023. O rev\u00e9s, que estacionou o Santos na 15\u00aa coloca\u00e7\u00e3o, <a href=\"https:\/\/www.diariodepernambuco.com.br\/esportes-dp\/nacional\/2025\/08\/7797105-choro-de-neymar-e-destaque-na-imprensa-internacional-igual-crianca.html\" data-type=\"link\" data-id=\"https:\/\/www.diariodepernambuco.com.br\/esportes-dp\/nacional\/2025\/08\/7797105-choro-de-neymar-e-destaque-na-imprensa-internacional-igual-crianca.html\" target=\"_blank\" rel=\"noopener\">fez o astro Neymar deixar o gramado em prantos<\/a> e tamb\u00e9m rendeu a demiss\u00e3o de Cleber Xavier.<\/p>\n\n\n\n<p>Logo ap\u00f3s a partida e em meio a protestos da torcida, o clube da Vila Belmiro decidiu pela sa\u00edda do treinador. De forma oficial, o Peixe anunciou a demiss\u00e3o com uma nota curta nas redes sociais: &#8220;O Santos FC comunica a sa\u00edda do t\u00e9cnico Cl\u00e9ber Xavier. O Clube agradece os servi\u00e7os prestados e deseja sorte na sequ\u00eancia da carreira&#8221;.<\/p>\n\n\n\n<p>Disc\u00edpulo de Tite, com quem trabalhou na Sele\u00e7\u00e3o Brasileira, Cleber deixa o Santos depois de 15 jogos, com cinco vit\u00f3rias, quatro empates e seis derrotas. Nos \u00faltimos dias, o treinador de 61 anos \u00e1 vinha muito pressionado por derrotas em casa e resultados ruins neste retorno ao Brasileir\u00e3o, como o empate com o Sport na Ilha do Retiro.<\/p>\n\n\n\n<p>Juntanto os cacos ap\u00f3s a hist\u00f3rica derrota, o Santos tem o nome de Jorge Sampaoli como alvo n\u00famero 1. O argentino foi vice-campe\u00e3o brasileiro pelo clube em 2019, acumulando 35 vit\u00f3rias, 13 empates e 15 derrotas em 63 partidas.<\/p>\n\n\n\n<h2 class=\"wp-block-heading\">Neymar desabafou ap\u00f3s vexame do Santos<\/h2>\n\n\n\n<p>Depois de deixar o gramado do Morumbis chorando e ser consolado pelo t\u00e9cnico rival Fernando Diniz, Neymar definiu a derrota para o Vasco como a maior vergonha de sua vida em conversa r\u00e1pida com a imprensa nos vesti\u00e1rios do est\u00e1dio.<\/p>\n\n\n\n<p>&#8220;Decepcionado total com o nosso jogo. A torcida est\u00e1 no direito de fazer todos os tipos de protestos, obviamente sem as vias de fato. Mas xingar e ofender hoje est\u00e1 no direito. Sentimento de muita vergonha, nunca tinha passado por isso na minha vida. O choro \u00e9 de raiva, de tudo. Infelizmente, n\u00e3o consigo ajudar de todas as formas. Hoje foi uma merda, essa \u00e9 a realidade&#8221;, disse.<\/p>\n\n\n\n<figure class=\"wp-block-embed is-type-rich is-provider-twitter wp-block-embed-twitter\"><div class=\"wp-block-embed__wrapper\">\n<blockquote class=\"twitter-tweet\" data-width=\"500\" data-dnt=\"true\"><p lang=\"pt\" dir=\"ltr\">Neymar em entrevista ap\u00f3s o jogo.<br><br>\u201cFoi uma merda. Uma vergonha\u201d<a href=\"https:\/\/t.co\/Fs3eDC7gjo\" target=\"_blank\">pic.twitter.com\/Fs3eDC7gjo<\/a><\/p>&mdash; njdepr\u00ea &#8211; marlon (@njdmarlon) <a href=\"https:\/\/twitter.com\/njdmarlon\/status\/1957206778300526694?ref_src=twsrc%5Etfw\" target=\"_blank\" rel=\"noopener\">August 17, 2025<\/a><\/blockquote><script async src=\"https:\/\/platform.twitter.com\/widgets.js\" charset=\"utf-8\"><\/script>\n<\/div><\/figure>\n","protected":false},"excerpt":{"rendered":"<p>Vindo de tr\u00eas jogos sem derrotas dentro do Campeonato Brasileiro e buscando uma recupera\u00e7\u00e3o dentro da competi\u00e7\u00e3o, o Santos contou com o apoio de quase 55 mil torcedores nas arquibancadas do MorumBis para enfrentar o Vasco pela 20\u00aa rodada. Mesmo com Neymar em campo, o desfecho foi bem diferente do esperado pelos santistas. Ap\u00e1tico em [&hellip;]<\/p>\n","protected":false},"author":4,"featured_media":1404,"comment_status":"open","ping_status":"open","sticky":false,"template":"","format":"standard","meta":{"jnews-multi-image_gallery":[],"jnews_single_post":{"format":"standard"},"jnews_primary_category":[],"jnews_social_meta":[],"jnews_post_split":[],"footnotes":""},"categories":[1],"tags":[],"class_list":["post-1402","post","type-post","status-publish","format-standard","has-post-thumbnail","hentry","category-uncategorized"],"_links":{"self":[{"href":"https:\/\/diariodepernambuco.audiencelabs.com.br\/wp-json\/wp\/v2\/posts\/1402","targetHints":{"allow":["GET"]}}],"collection":[{"href":"https:\/\/diariodepernambuco.audiencelabs.com.br\/wp-json\/wp\/v2\/posts"}],"about":[{"href":"https:\/\/diariodepernambuco.audiencelabs.com.br\/wp-json\/wp\/v2\/types\/post"}],"author":[{"embeddable":true,"href":"https:\/\/diariodepernambuco.audiencelabs.com.br\/wp-json\/wp\/v2\/users\/4"}],"replies":[{"embeddable":true,"href":"https:\/\/diariodepernambuco.audiencelabs.com.br\/wp-json\/wp\/v2\/comments?post=1402"}],"version-history":[{"count":5,"href":"https:\/\/diariodepernambuco.audiencelabs.com.br\/wp-json\/wp\/v2\/posts\/1402\/revisions"}],"predecessor-version":[{"id":1512,"href":"https:\/\/diariodepernambuco.audiencelabs.com.br\/wp-json\/wp\/v2\/posts\/1402\/revisions\/1512"}],"wp:featuredmedia":[{"embeddable":true,"href":"https:\/\/diariodepernambuco.audiencelabs.com.br\/wp-json\/wp\/v2\/media\/1404"}],"wp:attachment":[{"href":"https:\/\/diariodepernambuco.audiencelabs.com.br\/wp-json\/wp\/v2\/media?parent=1402"}],"wp:term":[{"taxonomy":"category","embeddable":true,"href":"https:\/\/diariodepernambuco.audiencelabs.com.br\/wp-json\/wp\/v2\/categories?post=1402"},{"taxonomy":"post_tag","embeddable":true,"href":"https:\/\/diariodepernambuco.audiencelabs.com.br\/wp-json\/wp\/v2\/tags?post=1402"}],"curies":[{"name":"wp","href":"https:\/\/api.w.org\/{rel}","templated":true}]}}