{"id":14020,"date":"2026-01-19T09:30:00","date_gmt":"2026-01-19T12:30:00","guid":{"rendered":"https:\/\/diariodepernambuco.audiencelabs.com.br\/?p=14020"},"modified":"2026-01-19T17:13:28","modified_gmt":"2026-01-19T20:13:28","slug":"maior-salario-do-brasil-paga-r-100-mil-por-mes-e-voce-pode-trabalhar-sentado","status":"publish","type":"post","link":"https:\/\/diariodepernambuco.audiencelabs.com.br\/maior-salario-do-brasil-paga-r-100-mil-por-mes-e-voce-pode-trabalhar-sentado\/","title":{"rendered":"Maior sal\u00e1rio do Brasil paga R$ 100 mil por m\u00eas e voc\u00ea pode trabalhar sentado"},"content":{"rendered":"\n<p>Receber um sal\u00e1rio mensal na casa dos seis d\u00edgitos ainda est\u00e1 longe da realidade da maioria dos brasileiros. Mesmo em posi\u00e7\u00f5es de comando, s\u00e3o raros os cargos que oferecem remunera\u00e7\u00e3o fixa nesse patamar, sem a necessidade de b\u00f4nus ou participa\u00e7\u00e3o nos lucros.<\/p>\n\n\n\n<p>Ainda assim, um levantamento recente aponta que alguns profissionais conseguem alcan\u00e7ar o maior sal\u00e1rio fixo atualmente pago no pa\u00eds. Trata-se de fun\u00e7\u00f5es bastante espec\u00edficas, associadas ao topo da hierarquia corporativa, \u00e0 gest\u00e3o estrat\u00e9gica e a decis\u00f5es que influenciam diretamente o desempenho de grandes empresas.<\/p>\n\n\n\n<p>Atualmente, o maior sal\u00e1rio fixo mensal identificado no pa\u00eds chega a R$ 100 mil. Esse patamar \u00e9 alcan\u00e7ado por apenas cinco cargos, majoritariamente ligados \u00e0 \u00e1rea da sa\u00fade e, em um caso espec\u00edfico, ao setor de varejo. S\u00e3o posi\u00e7\u00f5es ocupadas por profissionais com elevado grau de responsabilidade, ampla experi\u00eancia e s\u00f3lido conhecimento t\u00e9cnico.<\/p>\n\n\n\n<p>Os cargos que t\u00eam remunera\u00e7\u00e3o fixa mensal de exatamente R$ 100 mil s\u00e3o:<\/p>\n\n\n\n<ul class=\"wp-block-list\">\n<li>Superintendente ou Diretor M\u00e9dico<\/li>\n\n\n\n<li>Setor: Sa\u00fade (servi\u00e7os em sa\u00fade)<\/li>\n<\/ul>\n\n\n\n<ul class=\"wp-block-list\">\n<li>Head de Unidade de Neg\u00f3cios<\/li>\n\n\n\n<li>Setor: Sa\u00fade (dispositivos m\u00e9dicos)<\/li>\n<\/ul>\n\n\n\n<ul class=\"wp-block-list\">\n<li>Gerente Geral<\/li>\n\n\n\n<li>Setor: Sa\u00fade (dispositivos m\u00e9dicos)<\/li>\n<\/ul>\n\n\n\n<ul class=\"wp-block-list\">\n<li>Head de Unidade de Neg\u00f3cios<\/li>\n\n\n\n<li>Setor: Sa\u00fade (ind\u00fastria farmac\u00eautica)<\/li>\n<\/ul>\n\n\n\n<ul class=\"wp-block-list\">\n<li>General Manager<\/li>\n\n\n\n<li>Setor: Varejo<\/li>\n<\/ul>\n\n\n\n<p>Esses profissionais atuam em cargos estrat\u00e9gicos, normalmente no mais alto n\u00edvel da estrutura corporativa. S\u00e3o respons\u00e1veis por decis\u00f5es que envolvem grandes or\u00e7amentos, equipes numerosas e impactos nos resultados de longo prazo das empresas.<\/p>\n\n\n\n<h2 class=\"wp-block-heading\">Responsabilidade alta e poucas vagas explicam sal\u00e1rios fora da curva<\/h2>\n\n\n<style>@media (min-width: 992px) {\n    .recomendadorV2Area1 {\n        width: 280px;\n    }\n    .recomendadorV2Area2 {\n        padding: 0px 20px;\n        width: calc(100% - 280px);\n    }\n}\n\n@media (max-width: 992px) {\n    .recomendadorV2Button {\n        margin: 0 auto;\n    }\n    .recomendadorV2Area {\n        flex-direction: column;\n        text-align: center;\n    }\n    .recomendadorV2Area2 {\n        padding: 0px 20px;\n    }\n}\n\n.recomendadorV2Area {\n    background: #eeeeee3d;\n    border-radius: 10px;\n    padding: 15px;\n    display: flex;\n    margin: 15px auto;\n    border: 1px solid #00000014;\n    max-width: 800px;\n}\n\n.recomendadorV2Area1 img {\n    width: 280px;\n    height: auto;\n    border-radius: 8px;\n}\n\n.linkrecomendadorv2 {\n    text-decoration: none !important;\n}\n\n.recomendadorV2Area2 .recomendadorV2Type {\n    text-transform: uppercase;\n    font-weight: 500;\n    font-size: 11px;\n    letter-spacing: 2px;\n    color: #666;\n    margin: 12px 0;\n    display: block;\n}\n\n.recomendadorV2Title h2 {\n    padding-top: 0px !important;\n    margin: 0px !important;\n    border-left: none !important;\n    padding-left: 0px !important;\n    line-height: 1.3;\n    color: #000 !important;\n    font-size: 24px;\n    margin-bottom: 12px !important;\n}\n\n.recomendadorV2Desc {\n    color: #333;\n    margin: 12px 0px !important;\n    font-size: 15px;\n    line-height: 1.5;\n}\n\n.recomendadorV2Button {\n    width: auto;\n    max-width: 200px;\n    margin: 0;\n    display: inline-flex;\n    align-items: center;\n    background: #1D3557;\n    border-radius: 8px;\n    color: #fff;\n    height: 36px;\n    justify-content: center;\n    text-align: center;\n    font-size: 14px;\n    padding: 0 20px;\n    transition: background-color 0.2s ease;\n}\n\n.recomendadorV2Button:hover {\n    background: #2a4d7a;\n}\n\n.recomendadorV2Button:after {\n    margin-top: -2px;\n    content: \"\u2192\";\n    padding: 0px 0px 0px 8px;\n}\n\n.recomendadorV2Alert {\n    text-align: left;\n    font-size: 11px;\n    margin-top: 8px;\n    color: #666;\n}\n\n.recomendadorFixedArea {\n    width: 100%;\n    display: flex;\n    justify-content: center;\n    align-items: center;\n}\n\n@media (min-width: 992px) {\n    #recomendadorFixed {\n        width: 32% !important;\n        left: 5%;\n    }\n    .recomendadorCloseFixed{\n        right: inherit !important;\n        left: 378px !important;\n    }\n}\n\n#recomendadorFixed {\n    width: 90%;\n    box-shadow: 0 10px 20px 0px #00000057;\n    display: none;\n    height: 90px;\n    background: #F6F6F6;\n    position: fixed;\n    flex-direction: row;\n    bottom: 10px;\n    z-index: 9999;\n    border-radius: 16px;\n    padding: 7px 10px;\n}\n\n.recomendadorLeftArea {\n    width: 160px;\n}\n\n.recomendadorRightArea h2 {\n    padding-top: 0px;\n    margin: 2px 0px 4px 0px !important;\n    font-weight: 400;\n    text-align: center;\n    padding-left: 0px !important;\n    color: #000 !important;\n    border-left: none !important;\n    line-height: 20px;\n    font-size: 12px !important;\n}\n\n.recomendadorImgFixed {\n    overflow: hidden;\n    padding: 8px 6px;\n    height: 100%;\n}\n\n.recomendadorImgFixed img {\n    height: 100% !important;\n    border-radius: 16px;\n}\n\n.recomendadorRightArea {\n    padding-top: 6px;\n    display: flex;\n    width: calc(100% - 130px);\n    justify-content: space-between;\n    align-items: center;\n    flex-direction: column;\n}\n\n.recomendadorButtonFixed {\n    margin: 0 auto;\n    background: #1D3557;\n    width: 80%;\n    text-align: center;\n    font-size: 10px;\n    color: #FFF;\n    padding: 2px 10px;\n    border-radius: 3px;\n}\n\n.recomendadorButtonFixed:after {\n    margin-top: -3px;\n    content: \"\u2192\";\n    padding: 0px 0px 0px 10px;\n}\n\n.recomendadorAlertFixed {\n    font-weight: 400;\n    text-align: center;\n    color: #484848;\n    font-size: 8px;\n}\n\n.recomendadorCloseFixed {\n    z-index: 99999;\n    display: none;\n    right: 0px;\n    left: inherit;\n    bottom: 99px;\n    position: fixed;\n    justify-content: center;\n    background: #F6F6F6;\n    width: 25px;\n    align-items: center;\n    height: 25px;\n    font-weight: 800;\n    border-radius: 50%;\n    border: 1px solid #EBEBEB;\n}\n\n.recomendadorV2Desc{\n    color: #000000;\n    margin: 20px 0px;\n}\n\n@media (max-width: 576px) {\n    .recomendadorV2Area {\n      padding: 10px;\n      max-width: 100%;\n    }\n  \n    .recomendadorV2Area1 img {\n      width: 100%;\n      border-radius: 6px;\n    }\n  \n    .recomendadorV2Area2 .recomendadorV2Type {\n      font-size: 9px;\n      letter-spacing: 1px;\n      margin: 8px 0;\n    }\n  \n    .recomendadorV2Title h2 {\n      font-size: 18px !important;\n      margin-bottom: 8px !important;\n      line-height: 1.2;\n    }\n  \n    .recomendadorV2Desc {\n      font-size: 14px;\n      margin: 8px 0 !important;\n      line-height: 1.4;\n    }\n  \n    .recomendadorV2Button {\n      font-size: 12px;\n      height: 30px;\n      padding: 0 12px;\n      max-width: 160px;\n    }\n  \n    .recomendadorV2Button:after {\n      padding-left: 6px;\n    }\n  }\n  <\/style>\n        <div class=\"lazyblock-recomendador-v2-2jDGz wp-block-lazyblock-recomendador-v2\">\n        <a class=\"linkrecomendadorv2\" href=\"https:\/\/diariodepernambuco.com.br\/dpmais\/brasileiros-vao-trabalhar-apenas-4h-por-dia-em-2026-atraves-de-lei-em-vigor-nesta-profissao\/?utm_source=lazy\" target=\"_blank\" rel=\"noopener\">\n            <div class=\"recomendadorV2Area\">\n            <div class=\"recomendadorV2Area1\">\n                <div class=\"recomendadorV2Img\">\n                <img class=\"lazyloaded\" decoding=\"async\" src=\"https:\/\/diariodepernambuco.com.br\/dpmais\/wp-content\/uploads\/2025\/08\/Justica-do-Trabalho-750x375.jpg\" data-src=\"https:\/\/diariodepernambuco.com.br\/dpmais\/wp-content\/uploads\/2025\/08\/Justica-do-Trabalho-750x375.jpg\" alt=\"\">\n                <\/div>\n            <\/div>\n            <div class=\"recomendadorV2Area2\">\n                <div class=\"recomendadorV2Type\">\n                    <span>Lei em vigor<\/span>\n                <\/div>\n                <div class=\"recomendadorV2Title\">\n                <h2><span>Trabalho 4h \ud83d\udd53<\/span><\/h2>\n                <\/div>\n                <div class=\"recomendadorV2Desc\">\n                <span>Nova lei reduz jornada em profiss\u00e3o espec\u00edfica<\/span>\n                <\/div>\n                <div class=\"recomendadorV2Button\">Veja quem tem direito<\/div>\n                <div class=\"recomendadorV2Alert\"><\/div>\n            <\/div>\n            <\/div>\n        <\/a>\n        <div>\n            <div style=\"z-index:99999;\" id=\"buttonClose\" onclick=\"closeRecomendadorFixed()\">\n            <div class=\"recomendadorCloseFixed\">X<\/div>\n            <\/div>\n            <a href=\"https:\/\/diariodepernambuco.com.br\/dpmais\/brasileiros-vao-trabalhar-apenas-4h-por-dia-em-2026-atraves-de-lei-em-vigor-nesta-profissao\/?utm_source=lazy\" target=\"_blank\" rel=\"noopener\">\n            <div class=\"recomendadorFixedArea\">\n                <div id=\"recomendadorFixed\">\n                <div class=\"recomendadorLeftArea\">\n                    <div class=\"recomendadorImgFixed\">\n                    <img class=\"lazyload\" decoding=\"async\" src=\"https:\/\/diariodepernambuco.com.br\/dpmais\/wp-content\/uploads\/2025\/08\/Justica-do-Trabalho-750x375.jpg\" alt=\"\">\n                    <\/div>\n                <\/div>\n                <div class=\"recomendadorRightArea\">\n                    <div class=\"recomendadorTitleFixed\">\n                    <h2><span>Trabalho 4h \ud83d\udd53<\/span><\/h2>\n                    <\/div>\n                    <div class=\"recomendadorButtonFixed\">Veja quem tem direito<\/div>\n                    <div class=\"recomendadorAlertFixed\"><\/div>\n                <\/div>\n                <\/div>\n            <\/div>\n            <\/a>\n        <\/div>\n        <\/div>\n\n\n\n<p>As fun\u00e7\u00f5es que alcan\u00e7am o maior sal\u00e1rio fixo do pa\u00eds est\u00e3o diretamente ligadas \u00e0 condu\u00e7\u00e3o estrat\u00e9gica dos neg\u00f3cios e \u00e0 tomada de decis\u00f5es que afetam o desempenho financeiro das empresas. Em comum, esses cargos exigem dom\u00ednio t\u00e9cnico, vis\u00e3o de longo prazo e capacidade de liderar equipes complexas em ambientes de alta press\u00e3o.<\/p>\n\n\n\n<p>Al\u00e9m disso, o n\u00famero reduzido de vagas ajuda a explicar a remunera\u00e7\u00e3o elevada. S\u00e3o posi\u00e7\u00f5es disputadas, geralmente ocupadas por profissionais com d\u00e9cadas de experi\u00eancia, forma\u00e7\u00e3o s\u00f3lida e hist\u00f3rico comprovado de resultados, o que torna esse patamar salarial uma exce\u00e7\u00e3o no mercado de trabalho brasileiro.<\/p>\n\n\n\n<p><\/p>\n","protected":false},"excerpt":{"rendered":"<p>Receber um sal\u00e1rio mensal na casa dos seis d\u00edgitos ainda est\u00e1 longe da realidade da maioria dos brasileiros. Mesmo em posi\u00e7\u00f5es de comando, s\u00e3o raros os cargos que oferecem remunera\u00e7\u00e3o fixa nesse patamar, sem a necessidade de b\u00f4nus ou participa\u00e7\u00e3o nos lucros. Ainda assim, um levantamento recente aponta que alguns profissionais conseguem alcan\u00e7ar o maior [&hellip;]<\/p>\n","protected":false},"author":4,"featured_media":9130,"comment_status":"open","ping_status":"open","sticky":false,"template":"","format":"standard","meta":{"jnews-multi-image_gallery":[],"jnews_single_post":{"format":"standard"},"jnews_primary_category":[],"jnews_social_meta":[],"jnews_post_split":[],"footnotes":""},"categories":[1],"tags":[],"class_list":["post-14020","post","type-post","status-publish","format-standard","has-post-thumbnail","hentry","category-uncategorized"],"_links":{"self":[{"href":"https:\/\/diariodepernambuco.audiencelabs.com.br\/wp-json\/wp\/v2\/posts\/14020","targetHints":{"allow":["GET"]}}],"collection":[{"href":"https:\/\/diariodepernambuco.audiencelabs.com.br\/wp-json\/wp\/v2\/posts"}],"about":[{"href":"https:\/\/diariodepernambuco.audiencelabs.com.br\/wp-json\/wp\/v2\/types\/post"}],"author":[{"embeddable":true,"href":"https:\/\/diariodepernambuco.audiencelabs.com.br\/wp-json\/wp\/v2\/users\/4"}],"replies":[{"embeddable":true,"href":"https:\/\/diariodepernambuco.audiencelabs.com.br\/wp-json\/wp\/v2\/comments?post=14020"}],"version-history":[{"count":3,"href":"https:\/\/diariodepernambuco.audiencelabs.com.br\/wp-json\/wp\/v2\/posts\/14020\/revisions"}],"predecessor-version":[{"id":14191,"href":"https:\/\/diariodepernambuco.audiencelabs.com.br\/wp-json\/wp\/v2\/posts\/14020\/revisions\/14191"}],"wp:featuredmedia":[{"embeddable":true,"href":"https:\/\/diariodepernambuco.audiencelabs.com.br\/wp-json\/wp\/v2\/media\/9130"}],"wp:attachment":[{"href":"https:\/\/diariodepernambuco.audiencelabs.com.br\/wp-json\/wp\/v2\/media?parent=14020"}],"wp:term":[{"taxonomy":"category","embeddable":true,"href":"https:\/\/diariodepernambuco.audiencelabs.com.br\/wp-json\/wp\/v2\/categories?post=14020"},{"taxonomy":"post_tag","embeddable":true,"href":"https:\/\/diariodepernambuco.audiencelabs.com.br\/wp-json\/wp\/v2\/tags?post=14020"}],"curies":[{"name":"wp","href":"https:\/\/api.w.org\/{rel}","templated":true}]}}