{"id":14023,"date":"2026-01-19T10:30:00","date_gmt":"2026-01-19T13:30:00","guid":{"rendered":"https:\/\/diariodepernambuco.audiencelabs.com.br\/?p=14023"},"modified":"2026-01-17T10:37:22","modified_gmt":"2026-01-17T13:37:22","slug":"lei-pode-mudar-o-consumo-de-bebidas-alcoolicas-nas-ruas-caso-seja-aprovada-nesta-cidade-do-brasil","status":"publish","type":"post","link":"https:\/\/diariodepernambuco.audiencelabs.com.br\/lei-pode-mudar-o-consumo-de-bebidas-alcoolicas-nas-ruas-caso-seja-aprovada-nesta-cidade-do-brasil\/","title":{"rendered":"Lei pode mudar o consumo de bebidas alco\u00f3licas nas ruas caso seja aprovada nesta cidade do Brasil"},"content":{"rendered":"\n<p>Um projeto de lei em tramita\u00e7\u00e3o na C\u00e2mara de Vereadores de S\u00e3o Miguel do Oeste, no Extremo-Oeste de Santa Catarina, pode alterar as regras para o consumo de bebidas alco\u00f3licas em espa\u00e7os p\u00fablicos. Protocolado pelo Executivo na ter\u00e7a-feira (14), o texto define locais e hor\u00e1rios permitidos, pro\u00edbe recipientes de vidro e imp\u00f5e restri\u00e7\u00f5es em \u00e1reas como escolas e unidades de sa\u00fade.<\/p>\n\n\n\n<p>A proposta tem como objetivo diminuir conflitos, refor\u00e7ar a seguran\u00e7a e organizar a conviv\u00eancia urbana. O projeto foi encaminhado ao Legislativo ap\u00f3s a prefeitura identificar reclama\u00e7\u00f5es frequentes sobre barulho, desordem e riscos em ruas e pra\u00e7as, o que levou \u00e0 defini\u00e7\u00e3o de limites objetivos e regras claras para o uso dos espa\u00e7os p\u00fablicos.<\/p>\n\n\n\n<p>Al\u00e9m disso, o texto limita o consumo em \u00e1reas residenciais no per\u00edodo noturno e veda a pr\u00e1tica no entorno de escolas, hospitais e unidades de sa\u00fade, buscando prevenir conflitos e proteger p\u00fablicos mais vulner\u00e1veis. Outro ponto central do projeto \u00e9 a seguran\u00e7a, com a proibi\u00e7\u00e3o do uso de garrafas e copos de vidro em ambientes coletivos.<\/p>\n\n\n\n<p>De acordo com o Executivo, a medida contribui para a redu\u00e7\u00e3o de acidentes, previne ferimentos e facilita a a\u00e7\u00e3o da fiscaliza\u00e7\u00e3o. Al\u00e9m disso, busca enfrentar um problema recorrente, j\u00e1 que fragmentos de vidro em vias p\u00fablicas representam risco constante para pedestres, crian\u00e7as e trabalhadores da limpeza.<\/p>\n\n\n\n<h2 class=\"wp-block-heading\">Regras mais claras e foco na seguran\u00e7a urbana<\/h2>\n\n\n\n<p>A proposta detalha crit\u00e9rios objetivos para o consumo de bebidas alco\u00f3licas em \u00e1reas abertas, estabelecendo limites de hor\u00e1rio, locais espec\u00edficos e materiais permitidos. A inten\u00e7\u00e3o \u00e9 evitar interpreta\u00e7\u00f5es subjetivas e dar mais previsibilidade tanto para a popula\u00e7\u00e3o quanto para os \u00f3rg\u00e3os de fiscaliza\u00e7\u00e3o.<\/p>\n\n\n\n<p>Com isso, o poder p\u00fablico busca equilibrar o uso dos espa\u00e7os coletivos com a seguran\u00e7a e o bem-estar dos moradores. A expectativa \u00e9 que, com normas mais claras, haja redu\u00e7\u00e3o de conflitos, menos ocorr\u00eancias de risco e maior organiza\u00e7\u00e3o da conviv\u00eancia nas ruas e pra\u00e7as da cidade.<\/p>\n\n\n\n<p><\/p>\n","protected":false},"excerpt":{"rendered":"<p>Um projeto de lei em tramita\u00e7\u00e3o na C\u00e2mara de Vereadores de S\u00e3o Miguel do Oeste, no Extremo-Oeste de Santa Catarina, pode alterar as regras para o consumo de bebidas alco\u00f3licas em espa\u00e7os p\u00fablicos. Protocolado pelo Executivo na ter\u00e7a-feira (14), o texto define locais e hor\u00e1rios permitidos, pro\u00edbe recipientes de vidro e imp\u00f5e restri\u00e7\u00f5es em \u00e1reas [&hellip;]<\/p>\n","protected":false},"author":4,"featured_media":12806,"comment_status":"open","ping_status":"open","sticky":false,"template":"","format":"standard","meta":{"jnews-multi-image_gallery":[],"jnews_single_post":{"format":"standard"},"jnews_primary_category":[],"jnews_social_meta":[],"jnews_post_split":[],"footnotes":""},"categories":[1],"tags":[],"class_list":["post-14023","post","type-post","status-publish","format-standard","has-post-thumbnail","hentry","category-uncategorized"],"_links":{"self":[{"href":"https:\/\/diariodepernambuco.audiencelabs.com.br\/wp-json\/wp\/v2\/posts\/14023","targetHints":{"allow":["GET"]}}],"collection":[{"href":"https:\/\/diariodepernambuco.audiencelabs.com.br\/wp-json\/wp\/v2\/posts"}],"about":[{"href":"https:\/\/diariodepernambuco.audiencelabs.com.br\/wp-json\/wp\/v2\/types\/post"}],"author":[{"embeddable":true,"href":"https:\/\/diariodepernambuco.audiencelabs.com.br\/wp-json\/wp\/v2\/users\/4"}],"replies":[{"embeddable":true,"href":"https:\/\/diariodepernambuco.audiencelabs.com.br\/wp-json\/wp\/v2\/comments?post=14023"}],"version-history":[{"count":3,"href":"https:\/\/diariodepernambuco.audiencelabs.com.br\/wp-json\/wp\/v2\/posts\/14023\/revisions"}],"predecessor-version":[{"id":14026,"href":"https:\/\/diariodepernambuco.audiencelabs.com.br\/wp-json\/wp\/v2\/posts\/14023\/revisions\/14026"}],"wp:featuredmedia":[{"embeddable":true,"href":"https:\/\/diariodepernambuco.audiencelabs.com.br\/wp-json\/wp\/v2\/media\/12806"}],"wp:attachment":[{"href":"https:\/\/diariodepernambuco.audiencelabs.com.br\/wp-json\/wp\/v2\/media?parent=14023"}],"wp:term":[{"taxonomy":"category","embeddable":true,"href":"https:\/\/diariodepernambuco.audiencelabs.com.br\/wp-json\/wp\/v2\/categories?post=14023"},{"taxonomy":"post_tag","embeddable":true,"href":"https:\/\/diariodepernambuco.audiencelabs.com.br\/wp-json\/wp\/v2\/tags?post=14023"}],"curies":[{"name":"wp","href":"https:\/\/api.w.org\/{rel}","templated":true}]}}