{"id":14033,"date":"2026-01-19T15:00:00","date_gmt":"2026-01-19T18:00:00","guid":{"rendered":"https:\/\/diariodepernambuco.audiencelabs.com.br\/?p=14033"},"modified":"2026-01-17T11:12:43","modified_gmt":"2026-01-17T14:12:43","slug":"quem-sao-os-militares-que-estao-protegendo-a-groenlandia","status":"publish","type":"post","link":"https:\/\/diariodepernambuco.audiencelabs.com.br\/quem-sao-os-militares-que-estao-protegendo-a-groenlandia\/","title":{"rendered":"Quem s\u00e3o os militares que est\u00e3o protegendo a Groenl\u00e2ndia?"},"content":{"rendered":"\n<p>Pa\u00edses europeus passaram a enviar militares para a Groenl\u00e2ndia na \u00faltima semana, em meio \u00e0s amea\u00e7as e ao interesse manifestado pelo presidente dos Estados Unidos, Donald Trump, em adquirir a ilha. A iniciativa gerou rea\u00e7\u00f5es tanto do governo norte-americano quanto da R\u00fassia. Embora esteja geograficamente situada no continente norte-americano, a Groenl\u00e2ndia mant\u00e9m la\u00e7os pol\u00edticos com a Dinamarca.<\/p>\n\n\n\n<p>Alemanha, Fran\u00e7a, Su\u00e9cia, Noruega, Finl\u00e2ndia e Holanda enviaram pequenos contingentes militares \u00e0 ilha, a pedido do governo dinamarqu\u00eas. A Alemanha deslocou uma equipe de 13 militares, enquanto a Fran\u00e7a enviou cerca de 15 especialistas em opera\u00e7\u00f5es em regi\u00f5es montanhosas. Um oficial brit\u00e2nico tamb\u00e9m integra a miss\u00e3o.<\/p>\n\n\n\n<p>A Su\u00e9cia enviou tr\u00eas oficiais, enquanto a Noruega deslocou dois. A Holanda mandou um militar e a Finl\u00e2ndia, dois. De acordo com autoridades europeias, esses primeiros envios t\u00eam como foco a prepara\u00e7\u00e3o de exerc\u00edcios militares e o planejamento de um refor\u00e7o mais amplo ao longo de 2026.<\/p>\n\n\n\n<p>Trump afirma que a Groenl\u00e2ndia \u00e9 estrat\u00e9gica para a seguran\u00e7a dos Estados Unidos por sua posi\u00e7\u00e3o no \u00c1rtico. O ex-presidente j\u00e1 declarou que a ilha deveria pertencer ao pa\u00eds e n\u00e3o descartou a possibilidade de uso da for\u00e7a para assumir o controle do territ\u00f3rio.<\/p>\n\n\n\n<h2 class=\"wp-block-heading\">O que disse a R\u00fassia sobre o caso<\/h2>\n\n\n\n<p>A R\u00fassia criticou a presen\u00e7a militar da Otan na Groenl\u00e2ndia e afirmou que a alian\u00e7a vem acelerando a mobiliza\u00e7\u00e3o de for\u00e7as na regi\u00e3o. A embaixada da R\u00fassia na B\u00e9lgica, pa\u00eds que abriga a sede da Otan, declarou em comunicado que o governo russo v\u00ea com grande preocupa\u00e7\u00e3o o envio de militares da alian\u00e7a para a regi\u00e3o do \u00c1rtico.<\/p>\n\n\n\n<p>Para o governo russo, a narrativa dos Estados Unidos sobre uma suposta amea\u00e7a russa ou chinesa \u00e0 ilha seria um \u201cmito\u201d utilizado para gerar alarme. Segundo autoridades, h\u00e1 atualmente poucos ind\u00edcios de presen\u00e7a relevante de navios chineses ou russos nas \u00e1guas pr\u00f3ximas \u00e0 Groenl\u00e2ndia.<\/p>\n\n\n\n<p><\/p>\n","protected":false},"excerpt":{"rendered":"<p>Pa\u00edses europeus passaram a enviar militares para a Groenl\u00e2ndia na \u00faltima semana, em meio \u00e0s amea\u00e7as e ao interesse manifestado pelo presidente dos Estados Unidos, Donald Trump, em adquirir a ilha. A iniciativa gerou rea\u00e7\u00f5es tanto do governo norte-americano quanto da R\u00fassia. Embora esteja geograficamente situada no continente norte-americano, a Groenl\u00e2ndia mant\u00e9m la\u00e7os pol\u00edticos com [&hellip;]<\/p>\n","protected":false},"author":4,"featured_media":14035,"comment_status":"open","ping_status":"open","sticky":false,"template":"","format":"standard","meta":{"jnews-multi-image_gallery":[],"jnews_single_post":{"format":"standard"},"jnews_primary_category":[],"jnews_social_meta":[],"jnews_post_split":[],"footnotes":""},"categories":[1],"tags":[],"class_list":["post-14033","post","type-post","status-publish","format-standard","has-post-thumbnail","hentry","category-uncategorized"],"_links":{"self":[{"href":"https:\/\/diariodepernambuco.audiencelabs.com.br\/wp-json\/wp\/v2\/posts\/14033","targetHints":{"allow":["GET"]}}],"collection":[{"href":"https:\/\/diariodepernambuco.audiencelabs.com.br\/wp-json\/wp\/v2\/posts"}],"about":[{"href":"https:\/\/diariodepernambuco.audiencelabs.com.br\/wp-json\/wp\/v2\/types\/post"}],"author":[{"embeddable":true,"href":"https:\/\/diariodepernambuco.audiencelabs.com.br\/wp-json\/wp\/v2\/users\/4"}],"replies":[{"embeddable":true,"href":"https:\/\/diariodepernambuco.audiencelabs.com.br\/wp-json\/wp\/v2\/comments?post=14033"}],"version-history":[{"count":2,"href":"https:\/\/diariodepernambuco.audiencelabs.com.br\/wp-json\/wp\/v2\/posts\/14033\/revisions"}],"predecessor-version":[{"id":14037,"href":"https:\/\/diariodepernambuco.audiencelabs.com.br\/wp-json\/wp\/v2\/posts\/14033\/revisions\/14037"}],"wp:featuredmedia":[{"embeddable":true,"href":"https:\/\/diariodepernambuco.audiencelabs.com.br\/wp-json\/wp\/v2\/media\/14035"}],"wp:attachment":[{"href":"https:\/\/diariodepernambuco.audiencelabs.com.br\/wp-json\/wp\/v2\/media?parent=14033"}],"wp:term":[{"taxonomy":"category","embeddable":true,"href":"https:\/\/diariodepernambuco.audiencelabs.com.br\/wp-json\/wp\/v2\/categories?post=14033"},{"taxonomy":"post_tag","embeddable":true,"href":"https:\/\/diariodepernambuco.audiencelabs.com.br\/wp-json\/wp\/v2\/tags?post=14033"}],"curies":[{"name":"wp","href":"https:\/\/api.w.org\/{rel}","templated":true}]}}