{"id":14057,"date":"2026-01-19T11:00:00","date_gmt":"2026-01-19T14:00:00","guid":{"rendered":"https:\/\/diariodepernambuco.audiencelabs.com.br\/?p=14057"},"modified":"2026-01-19T12:53:01","modified_gmt":"2026-01-19T15:53:01","slug":"cobertura-de-tadeu-schmidt-custa-r-7-milhoes-tem-seguranca-reforcada-e-elevador-privado","status":"publish","type":"post","link":"https:\/\/diariodepernambuco.audiencelabs.com.br\/cobertura-de-tadeu-schmidt-custa-r-7-milhoes-tem-seguranca-reforcada-e-elevador-privado\/","title":{"rendered":"Cobertura de Tadeu Schmidt custa R$ 7 milh\u00f5es, tem seguran\u00e7a refor\u00e7ada e elevador privado"},"content":{"rendered":"\n<p>Tadeu Schmidt \u00e9 o principal elo entre a casa dos brasileiros e a do BBB 26. Com a chegada de janeiro, o apresentador passa a aparecer diariamente na televis\u00e3o, relatando tudo o que acontece na casa mais vigiada do pa\u00eds. Ele assumiu o comando do Big Brother Brasil em 2022, ap\u00f3s a sa\u00edda de Tiago Leifert, e desde ent\u00e3o conduz o reality que movimenta o pa\u00eds no in\u00edcio de cada ano.<\/p>\n\n\n\n<p>Ap\u00f3s anos \u00e0 frente do Fant\u00e1stico, Tadeu se consolida pelo quinto ano consecutivo como apresentador do programa. Fora do BBB 26, ele possui dois im\u00f3veis no Rio de Janeiro, ambos localizados em \u00e1reas nobres. De acordo com a revista Caras, sua resid\u00eancia fixa fica no Jardim Bot\u00e2nico, na Zona Sul da capital fluminense, e est\u00e1 avaliada em cerca de R$ 7 milh\u00f5es.<\/p>\n\n\n\n<p>A cobertura de Tadeu segue o estilo garden, com \u00e1rea externa, e est\u00e1 localizada em um edif\u00edcio com seguran\u00e7a refor\u00e7ada e elevador privativo. O im\u00f3vel fica no Jardim Bot\u00e2nico, bairro que por muitos anos abrigou a antiga sede da TV Globo, antes da inaugura\u00e7\u00e3o dos Est\u00fadios Globo, o Projac.<\/p>\n\n\n\n<p>Na decora\u00e7\u00e3o da casa, predominam madeira e plantas, al\u00e9m de uma ampla sala de TV que chama aten\u00e7\u00e3o pela cole\u00e7\u00e3o de cerca de 300 bonecos Vinylmations, itens colecion\u00e1veis da Disney. J\u00e1 o outro im\u00f3vel do apresentador, de acordo com a revista Caras, fica na Barra da Tijuca e \u00e9 utilizado durante o per\u00edodo em que o BBB est\u00e1 no ar.<\/p>\n\n\n\n<h2 class=\"wp-block-heading\">Tadeu Schmidt: Trajet\u00f3ria consolidada no jornalismo e no entretenimento<\/h2>\n\n\n\n<p>Com uma carreira s\u00f3lida no jornalismo esportivo, Tadeu Schmidt ganhou proje\u00e7\u00e3o nacional ainda nos anos 2000, quando passou por reda\u00e7\u00f5es importantes da TV Globo e se tornou rosto conhecido do p\u00fablico \u00e0 frente de quadros e reportagens esportivas. Ao longo dos anos, destacou-se pela linguagem acess\u00edvel e carisma, caracter\u00edsticas que o levaram a assumir espa\u00e7os cada vez mais relevantes na emissora.<\/p>\n\n\n\n<p>Em 2013, Tadeu deu um novo passo ao integrar a equipe do Fant\u00e1stico, onde permaneceu por quase uma d\u00e9cada e ampliou sua atua\u00e7\u00e3o para al\u00e9m do esporte. Em 2022, assumiu o comando do Big Brother Brasil ap\u00f3s a sa\u00edda de Tiago Leifert, consolidando de vez sua transi\u00e7\u00e3o para o entretenimento e se firmando como um dos principais apresentadores da televis\u00e3o brasileira.<\/p>\n\n\n\n<p><\/p>\n","protected":false},"excerpt":{"rendered":"<p>Tadeu Schmidt \u00e9 o principal elo entre a casa dos brasileiros e a do BBB 26. Com a chegada de janeiro, o apresentador passa a aparecer diariamente na televis\u00e3o, relatando tudo o que acontece na casa mais vigiada do pa\u00eds. Ele assumiu o comando do Big Brother Brasil em 2022, ap\u00f3s a sa\u00edda de Tiago [&hellip;]<\/p>\n","protected":false},"author":4,"featured_media":14060,"comment_status":"open","ping_status":"open","sticky":false,"template":"","format":"standard","meta":{"jnews-multi-image_gallery":[],"jnews_single_post":{"format":"standard"},"jnews_primary_category":[],"jnews_social_meta":[],"jnews_post_split":[],"footnotes":""},"categories":[1],"tags":[],"class_list":["post-14057","post","type-post","status-publish","format-standard","has-post-thumbnail","hentry","category-uncategorized"],"_links":{"self":[{"href":"https:\/\/diariodepernambuco.audiencelabs.com.br\/wp-json\/wp\/v2\/posts\/14057","targetHints":{"allow":["GET"]}}],"collection":[{"href":"https:\/\/diariodepernambuco.audiencelabs.com.br\/wp-json\/wp\/v2\/posts"}],"about":[{"href":"https:\/\/diariodepernambuco.audiencelabs.com.br\/wp-json\/wp\/v2\/types\/post"}],"author":[{"embeddable":true,"href":"https:\/\/diariodepernambuco.audiencelabs.com.br\/wp-json\/wp\/v2\/users\/4"}],"replies":[{"embeddable":true,"href":"https:\/\/diariodepernambuco.audiencelabs.com.br\/wp-json\/wp\/v2\/comments?post=14057"}],"version-history":[{"count":3,"href":"https:\/\/diariodepernambuco.audiencelabs.com.br\/wp-json\/wp\/v2\/posts\/14057\/revisions"}],"predecessor-version":[{"id":14132,"href":"https:\/\/diariodepernambuco.audiencelabs.com.br\/wp-json\/wp\/v2\/posts\/14057\/revisions\/14132"}],"wp:featuredmedia":[{"embeddable":true,"href":"https:\/\/diariodepernambuco.audiencelabs.com.br\/wp-json\/wp\/v2\/media\/14060"}],"wp:attachment":[{"href":"https:\/\/diariodepernambuco.audiencelabs.com.br\/wp-json\/wp\/v2\/media?parent=14057"}],"wp:term":[{"taxonomy":"category","embeddable":true,"href":"https:\/\/diariodepernambuco.audiencelabs.com.br\/wp-json\/wp\/v2\/categories?post=14057"},{"taxonomy":"post_tag","embeddable":true,"href":"https:\/\/diariodepernambuco.audiencelabs.com.br\/wp-json\/wp\/v2\/tags?post=14057"}],"curies":[{"name":"wp","href":"https:\/\/api.w.org\/{rel}","templated":true}]}}