{"id":14062,"date":"2026-01-19T12:00:00","date_gmt":"2026-01-19T15:00:00","guid":{"rendered":"https:\/\/diariodepernambuco.audiencelabs.com.br\/?p=14062"},"modified":"2026-01-19T20:07:14","modified_gmt":"2026-01-19T23:07:14","slug":"eike-batista-ignorou-as-contas-e-atrasou-aluguel-mensal-no-valor-de-uma-casa-de-luxo","status":"publish","type":"post","link":"https:\/\/diariodepernambuco.audiencelabs.com.br\/eike-batista-ignorou-as-contas-e-atrasou-aluguel-mensal-no-valor-de-uma-casa-de-luxo\/","title":{"rendered":"Eike Batista ignorou as contas e atrasou aluguel mensal no valor de uma casa de luxo"},"content":{"rendered":"\n<p>No Mem\u00f3rias do Di\u00e1rio de hoje\u2026 vamos relembrar um epis\u00f3dio que ilustra bem a r\u00e1pida e intensa virada na trajet\u00f3ria de Eike Batista: em outubro de 2013, reportagens revelaram que o empres\u00e1rio \u2014 ent\u00e3o dono de um imp\u00e9rio de empresas conhecido como grupo EBX \u2014 estava com o aluguel do edif\u00edcio Serrador, no centro do Rio de Janeiro, atrasado h\u00e1 quatro meses.<\/p>\n\n\n\n<p>\u00c0 \u00e9poca colunista do Radar, da Veja, o jornalista Lauro Jardim revelou que o aluguel mensal era de R$ 800 mil, o que resultou em uma d\u00edvida acumulada de R$ 3,2 milh\u00f5es. Embora o valor fosse pequeno se comparado aos US$ 45 milh\u00f5es que haviam deixado de ser pagos a credores na v\u00e9spera, o epis\u00f3dio evidenciava a gravidade da crise enfrentada pelo grupo EBX.<\/p>\n\n\n\n<p>Na v\u00e9spera, o grupo iniciou a desocupa\u00e7\u00e3o do edif\u00edcio Serrador, onde havia permanecido por quatro anos. A sa\u00edda do pr\u00e9dio simbolizou mais do que uma simples mudan\u00e7a de endere\u00e7o: marcou o esvaziamento de um dos principais centros de poder do empres\u00e1rio no auge da crise.<\/p>\n\n\n\n<p>O edif\u00edcio Serrador havia sido escolhido para abrigar o quartel-general do grupo EBX em um per\u00edodo de expans\u00e3o acelerada, quando Eike Batista figurava entre os homens mais ricos do mundo e concentrava ali a gest\u00e3o de seus neg\u00f3cios.<\/p>\n\n\n\n<p>Pouco tempo depois, a inadimpl\u00eancia do aluguel se tornaria apenas mais um cap\u00edtulo de uma sequ\u00eancia de dificuldades financeiras, renegocia\u00e7\u00f5es frustradas e pedidos de recupera\u00e7\u00e3o judicial. O epis\u00f3dio ganhou repercuss\u00e3o justamente por contrastar com a imagem de bilion\u00e1rio cultivada por Eike Batista nos anos anteriores, evidenciando como a derrocada do imp\u00e9rio ocorreu de forma r\u00e1pida e p\u00fablica.<\/p>\n\n\n\n<h2 class=\"wp-block-heading\">Eike Batista: Da era do bilh\u00e3o \u00e0 derrocada do imp\u00e9rio EBX<\/h2>\n\n\n<style>@media (min-width: 992px) {\n    .recomendadorV2Area1 {\n        width: 280px;\n    }\n    .recomendadorV2Area2 {\n        padding: 0px 20px;\n        width: calc(100% - 280px);\n    }\n}\n\n@media (max-width: 992px) {\n    .recomendadorV2Button {\n        margin: 0 auto;\n    }\n    .recomendadorV2Area {\n        flex-direction: column;\n        text-align: center;\n    }\n    .recomendadorV2Area2 {\n        padding: 0px 20px;\n    }\n}\n\n.recomendadorV2Area {\n    background: #eeeeee3d;\n    border-radius: 10px;\n    padding: 15px;\n    display: flex;\n    margin: 15px auto;\n    border: 1px solid #00000014;\n    max-width: 800px;\n}\n\n.recomendadorV2Area1 img {\n    width: 280px;\n    height: auto;\n    border-radius: 8px;\n}\n\n.linkrecomendadorv2 {\n    text-decoration: none !important;\n}\n\n.recomendadorV2Area2 .recomendadorV2Type {\n    text-transform: uppercase;\n    font-weight: 500;\n    font-size: 11px;\n    letter-spacing: 2px;\n    color: #666;\n    margin: 12px 0;\n    display: block;\n}\n\n.recomendadorV2Title h2 {\n    padding-top: 0px !important;\n    margin: 0px !important;\n    border-left: none !important;\n    padding-left: 0px !important;\n    line-height: 1.3;\n    color: #000 !important;\n    font-size: 24px;\n    margin-bottom: 12px !important;\n}\n\n.recomendadorV2Desc {\n    color: #333;\n    margin: 12px 0px !important;\n    font-size: 15px;\n    line-height: 1.5;\n}\n\n.recomendadorV2Button {\n    width: auto;\n    max-width: 200px;\n    margin: 0;\n    display: inline-flex;\n    align-items: center;\n    background: #1D3557;\n    border-radius: 8px;\n    color: #fff;\n    height: 36px;\n    justify-content: center;\n    text-align: center;\n    font-size: 14px;\n    padding: 0 20px;\n    transition: background-color 0.2s ease;\n}\n\n.recomendadorV2Button:hover {\n    background: #2a4d7a;\n}\n\n.recomendadorV2Button:after {\n    margin-top: -2px;\n    content: \"\u2192\";\n    padding: 0px 0px 0px 8px;\n}\n\n.recomendadorV2Alert {\n    text-align: left;\n    font-size: 11px;\n    margin-top: 8px;\n    color: #666;\n}\n\n.recomendadorFixedArea {\n    width: 100%;\n    display: flex;\n    justify-content: center;\n    align-items: center;\n}\n\n@media (min-width: 992px) {\n    #recomendadorFixed {\n        width: 32% !important;\n        left: 5%;\n    }\n    .recomendadorCloseFixed{\n        right: inherit !important;\n        left: 378px !important;\n    }\n}\n\n#recomendadorFixed {\n    width: 90%;\n    box-shadow: 0 10px 20px 0px #00000057;\n    display: none;\n    height: 90px;\n    background: #F6F6F6;\n    position: fixed;\n    flex-direction: row;\n    bottom: 10px;\n    z-index: 9999;\n    border-radius: 16px;\n    padding: 7px 10px;\n}\n\n.recomendadorLeftArea {\n    width: 160px;\n}\n\n.recomendadorRightArea h2 {\n    padding-top: 0px;\n    margin: 2px 0px 4px 0px !important;\n    font-weight: 400;\n    text-align: center;\n    padding-left: 0px !important;\n    color: #000 !important;\n    border-left: none !important;\n    line-height: 20px;\n    font-size: 12px !important;\n}\n\n.recomendadorImgFixed {\n    overflow: hidden;\n    padding: 8px 6px;\n    height: 100%;\n}\n\n.recomendadorImgFixed img {\n    height: 100% !important;\n    border-radius: 16px;\n}\n\n.recomendadorRightArea {\n    padding-top: 6px;\n    display: flex;\n    width: calc(100% - 130px);\n    justify-content: space-between;\n    align-items: center;\n    flex-direction: column;\n}\n\n.recomendadorButtonFixed {\n    margin: 0 auto;\n    background: #1D3557;\n    width: 80%;\n    text-align: center;\n    font-size: 10px;\n    color: #FFF;\n    padding: 2px 10px;\n    border-radius: 3px;\n}\n\n.recomendadorButtonFixed:after {\n    margin-top: -3px;\n    content: \"\u2192\";\n    padding: 0px 0px 0px 10px;\n}\n\n.recomendadorAlertFixed {\n    font-weight: 400;\n    text-align: center;\n    color: #484848;\n    font-size: 8px;\n}\n\n.recomendadorCloseFixed {\n    z-index: 99999;\n    display: none;\n    right: 0px;\n    left: inherit;\n    bottom: 99px;\n    position: fixed;\n    justify-content: center;\n    background: #F6F6F6;\n    width: 25px;\n    align-items: center;\n    height: 25px;\n    font-weight: 800;\n    border-radius: 50%;\n    border: 1px solid #EBEBEB;\n}\n\n.recomendadorV2Desc{\n    color: #000000;\n    margin: 20px 0px;\n}\n\n@media (max-width: 576px) {\n    .recomendadorV2Area {\n      padding: 10px;\n      max-width: 100%;\n    }\n  \n    .recomendadorV2Area1 img {\n      width: 100%;\n      border-radius: 6px;\n    }\n  \n    .recomendadorV2Area2 .recomendadorV2Type {\n      font-size: 9px;\n      letter-spacing: 1px;\n      margin: 8px 0;\n    }\n  \n    .recomendadorV2Title h2 {\n      font-size: 18px !important;\n      margin-bottom: 8px !important;\n      line-height: 1.2;\n    }\n  \n    .recomendadorV2Desc {\n      font-size: 14px;\n      margin: 8px 0 !important;\n      line-height: 1.4;\n    }\n  \n    .recomendadorV2Button {\n      font-size: 12px;\n      height: 30px;\n      padding: 0 12px;\n      max-width: 160px;\n    }\n  \n    .recomendadorV2Button:after {\n      padding-left: 6px;\n    }\n  }\n  <\/style>\n        <div class=\"lazyblock-recomendador-v2-2jDGz wp-block-lazyblock-recomendador-v2\">\n        <a class=\"linkrecomendadorv2\" href=\"https:\/\/diariodepernambuco.com.br\/dpmais\/cobertura-de-tadeu-schmidt-custa-r-7-milhoes-tem-seguranca-reforcada-e-elevador-privado\/?utm_source=lazy\" target=\"_blank\" rel=\"noopener\">\n            <div class=\"recomendadorV2Area\">\n            <div class=\"recomendadorV2Area1\">\n                <div class=\"recomendadorV2Img\">\n                <img class=\"lazyloaded\" decoding=\"async\" src=\"https:\/\/diariodepernambuco.com.br\/dpmais\/wp-content\/uploads\/2026\/01\/Tadeu-Schmidt-750x375.jpg\" data-src=\"https:\/\/diariodepernambuco.com.br\/dpmais\/wp-content\/uploads\/2026\/01\/Tadeu-Schmidt-750x375.jpg\" alt=\"\">\n                <\/div>\n            <\/div>\n            <div class=\"recomendadorV2Area2\">\n                <div class=\"recomendadorV2Type\">\n                    <span>Valor alto<\/span>\n                <\/div>\n                <div class=\"recomendadorV2Title\">\n                <h2><span>Cobertura milion\u00e1ria \ud83c\udfd9\ufe0f<\/span><\/h2>\n                <\/div>\n                <div class=\"recomendadorV2Desc\">\n                <span>Apartamento de Tadeu custa R$ 7 milh\u00f5es<\/span>\n                <\/div>\n                <div class=\"recomendadorV2Button\">Ver detalhes<\/div>\n                <div class=\"recomendadorV2Alert\"><\/div>\n            <\/div>\n            <\/div>\n        <\/a>\n        <div>\n            <div style=\"z-index:99999;\" id=\"buttonClose\" onclick=\"closeRecomendadorFixed()\">\n            <div class=\"recomendadorCloseFixed\">X<\/div>\n            <\/div>\n            <a href=\"https:\/\/diariodepernambuco.com.br\/dpmais\/cobertura-de-tadeu-schmidt-custa-r-7-milhoes-tem-seguranca-reforcada-e-elevador-privado\/?utm_source=lazy\" target=\"_blank\" rel=\"noopener\">\n            <div class=\"recomendadorFixedArea\">\n                <div id=\"recomendadorFixed\">\n                <div class=\"recomendadorLeftArea\">\n                    <div class=\"recomendadorImgFixed\">\n                    <img class=\"lazyload\" decoding=\"async\" src=\"https:\/\/diariodepernambuco.com.br\/dpmais\/wp-content\/uploads\/2026\/01\/Tadeu-Schmidt-750x375.jpg\" alt=\"\">\n                    <\/div>\n                <\/div>\n                <div class=\"recomendadorRightArea\">\n                    <div class=\"recomendadorTitleFixed\">\n                    <h2><span>Cobertura milion\u00e1ria \ud83c\udfd9\ufe0f<\/span><\/h2>\n                    <\/div>\n                    <div class=\"recomendadorButtonFixed\">Ver detalhes<\/div>\n                    <div class=\"recomendadorAlertFixed\"><\/div>\n                <\/div>\n                <\/div>\n            <\/div>\n            <\/a>\n        <\/div>\n        <\/div>\n\n\n\n<p>Eike Batista viveu uma das ascens\u00f5es mais r\u00e1pidas da hist\u00f3ria recente do empresariado brasileiro. Com o grupo EBX, construiu um conglomerado que atuava em \u00e1reas estrat\u00e9gicas como petr\u00f3leo, minera\u00e7\u00e3o, energia e log\u00edstica, surfando o otimismo do mercado e a alta das commodities no fim dos anos 2000. O empres\u00e1rio chegou a figurar entre os homens mais ricos do mundo.<\/p>\n\n\n\n<p>A queda, por\u00e9m, veio na mesma velocidade. Projetos n\u00e3o entregues, previs\u00f5es frustradas, dificuldades de financiamento e a perda de confian\u00e7a de investidores levaram ao colapso das principais empresas do grupo. A partir de 2013, a fortuna de Eike encolheu drasticamente, e o que antes era sin\u00f4nimo de sucesso passou a representar um dos maiores fracassos corporativos do pa\u00eds.<\/p>\n\n\n\n<p><\/p>\n","protected":false},"excerpt":{"rendered":"<p>No Mem\u00f3rias do Di\u00e1rio de hoje\u2026 vamos relembrar um epis\u00f3dio que ilustra bem a r\u00e1pida e intensa virada na trajet\u00f3ria de Eike Batista: em outubro de 2013, reportagens revelaram que o empres\u00e1rio \u2014 ent\u00e3o dono de um imp\u00e9rio de empresas conhecido como grupo EBX \u2014 estava com o aluguel do edif\u00edcio Serrador, no centro do [&hellip;]<\/p>\n","protected":false},"author":4,"featured_media":14065,"comment_status":"open","ping_status":"open","sticky":false,"template":"","format":"standard","meta":{"jnews-multi-image_gallery":[],"jnews_single_post":{"format":"standard"},"jnews_primary_category":[],"jnews_social_meta":[],"jnews_post_split":[],"footnotes":""},"categories":[1],"tags":[],"class_list":["post-14062","post","type-post","status-publish","format-standard","has-post-thumbnail","hentry","category-uncategorized"],"_links":{"self":[{"href":"https:\/\/diariodepernambuco.audiencelabs.com.br\/wp-json\/wp\/v2\/posts\/14062","targetHints":{"allow":["GET"]}}],"collection":[{"href":"https:\/\/diariodepernambuco.audiencelabs.com.br\/wp-json\/wp\/v2\/posts"}],"about":[{"href":"https:\/\/diariodepernambuco.audiencelabs.com.br\/wp-json\/wp\/v2\/types\/post"}],"author":[{"embeddable":true,"href":"https:\/\/diariodepernambuco.audiencelabs.com.br\/wp-json\/wp\/v2\/users\/4"}],"replies":[{"embeddable":true,"href":"https:\/\/diariodepernambuco.audiencelabs.com.br\/wp-json\/wp\/v2\/comments?post=14062"}],"version-history":[{"count":4,"href":"https:\/\/diariodepernambuco.audiencelabs.com.br\/wp-json\/wp\/v2\/posts\/14062\/revisions"}],"predecessor-version":[{"id":14208,"href":"https:\/\/diariodepernambuco.audiencelabs.com.br\/wp-json\/wp\/v2\/posts\/14062\/revisions\/14208"}],"wp:featuredmedia":[{"embeddable":true,"href":"https:\/\/diariodepernambuco.audiencelabs.com.br\/wp-json\/wp\/v2\/media\/14065"}],"wp:attachment":[{"href":"https:\/\/diariodepernambuco.audiencelabs.com.br\/wp-json\/wp\/v2\/media?parent=14062"}],"wp:term":[{"taxonomy":"category","embeddable":true,"href":"https:\/\/diariodepernambuco.audiencelabs.com.br\/wp-json\/wp\/v2\/categories?post=14062"},{"taxonomy":"post_tag","embeddable":true,"href":"https:\/\/diariodepernambuco.audiencelabs.com.br\/wp-json\/wp\/v2\/tags?post=14062"}],"curies":[{"name":"wp","href":"https:\/\/api.w.org\/{rel}","templated":true}]}}