{"id":14071,"date":"2026-01-19T14:00:00","date_gmt":"2026-01-19T17:00:00","guid":{"rendered":"https:\/\/diariodepernambuco.audiencelabs.com.br\/?p=14071"},"modified":"2026-01-19T15:03:37","modified_gmt":"2026-01-19T18:03:37","slug":"pitbull-foi-proibido-e-voce-nao-pode-ter-em-casa-passear-na-rua-e-nem-em-apartamentos-nestes-paises","status":"publish","type":"post","link":"https:\/\/diariodepernambuco.audiencelabs.com.br\/pitbull-foi-proibido-e-voce-nao-pode-ter-em-casa-passear-na-rua-e-nem-em-apartamentos-nestes-paises\/","title":{"rendered":"Pitbull foi proibido e voc\u00ea n\u00e3o pode ter em casa, passear na rua e nem em apartamentos nestes pa\u00edses"},"content":{"rendered":"\n<p>Considerado por muitos um c\u00e3o d\u00f3cil quando bem criado, o pitbull \u00e9 tratado de forma bastante diferente em diversos pa\u00edses ao redor do mundo. Por conta de leis r\u00edgidas de seguran\u00e7a p\u00fablica e bem-estar animal, a ra\u00e7a enfrenta proibi\u00e7\u00f5es severas ou restri\u00e7\u00f5es espec\u00edficas que v\u00e3o muito al\u00e9m da posse dom\u00e9stica.<\/p>\n\n\n\n<p>Em algumas na\u00e7\u00f5es, o pitbull n\u00e3o pode ser mantido em resid\u00eancias, passear em vias p\u00fablicas ou viver em apartamentos, enquanto em outras a ado\u00e7\u00e3o \u00e9 permitida apenas sob regras rigorosas. Atualmente, a ra\u00e7a possui restri\u00e7\u00f5es em cerca de 24 pa\u00edses, incluindo Reino Unido, Espanha, R\u00fassia, Argentina, It\u00e1lia e Nova Zel\u00e2ndia.<\/p>\n\n\n\n<h2 class=\"wp-block-heading\">Pitbull proibido h\u00e1 d\u00e9cadas em alguns pa\u00edses<\/h2>\n\n\n\n<p>Al\u00e9m disso, o pitbull \u00e9 alvo de regulamenta\u00e7\u00f5es espec\u00edficas em locais como Estados Unidos, Austr\u00e1lia, Alemanha, Jap\u00e3o e Brasil. As legisla\u00e7\u00f5es variam de pa\u00eds para pa\u00eds, mas, em geral, t\u00eam como base a classifica\u00e7\u00e3o do pitbull como ra\u00e7a potencialmente perigosa.<\/p>\n\n\n\n<p>No Reino Unido, por exemplo, a posse \u00e9 proibida desde a d\u00e9cada de 1990, e c\u00e3es da ra\u00e7a n\u00e3o podem ser criados, vendidos ou circularem em locais p\u00fablicos. J\u00e1 na Espanha e na It\u00e1lia, h\u00e1 exig\u00eancia de registro especial, uso obrigat\u00f3rio de focinheira e coleira curta, al\u00e9m de seguro de responsabilidade civil para os tutores.<\/p>\n\n\n\n<p>Em outros pa\u00edses, como Alemanha, Austr\u00e1lia e Jap\u00e3o, as regras s\u00e3o definidas por estados ou regi\u00f5es, podendo incluir desde a proibi\u00e7\u00e3o total at\u00e9 limita\u00e7\u00f5es severas para cria\u00e7\u00e3o em \u00e1reas urbanas e apartamentos. No Brasil, n\u00e3o h\u00e1 banimento nacional da ra\u00e7a, mas estados e munic\u00edpios imp\u00f5em normas espec\u00edficas para circula\u00e7\u00e3o em locais p\u00fablicos.<\/p>\n\n\n\n<h2 class=\"wp-block-heading\">Leis r\u00edgidas reacendem debate sobre responsabilidade e preconceito racial<\/h2>\n\n\n\n<p>As restri\u00e7\u00f5es impostas ao pitbull costumam gerar controv\u00e9rsia entre especialistas, protetores de animais e autoridades p\u00fablicas. Enquanto governos defendem as normas como medidas preventivas para reduzir ataques e garantir a seguran\u00e7a da popula\u00e7\u00e3o, entidades de defesa animal argumentam que o comportamento agressivo est\u00e1 mais ligado \u00e0 cria\u00e7\u00e3o inadequada do que \u00e0 ra\u00e7a em si.<\/p>\n\n\n\n<p>Esse embate tamb\u00e9m levanta discuss\u00f5es sobre a efic\u00e1cia das proibi\u00e7\u00f5es e o impacto dessas leis no abandono e na eutan\u00e1sia de animais. Em pa\u00edses com regras mais severas, tutores podem ser obrigados a entregar seus c\u00e3es \u00e0s autoridades ou enfrentar san\u00e7\u00f5es legais, o que refor\u00e7a a import\u00e2ncia de conhecer a legisla\u00e7\u00e3o local antes de adotar ou viajar com um animal da ra\u00e7a.<\/p>\n\n\n\n<p><\/p>\n","protected":false},"excerpt":{"rendered":"<p>Considerado por muitos um c\u00e3o d\u00f3cil quando bem criado, o pitbull \u00e9 tratado de forma bastante diferente em diversos pa\u00edses ao redor do mundo. Por conta de leis r\u00edgidas de seguran\u00e7a p\u00fablica e bem-estar animal, a ra\u00e7a enfrenta proibi\u00e7\u00f5es severas ou restri\u00e7\u00f5es espec\u00edficas que v\u00e3o muito al\u00e9m da posse dom\u00e9stica. Em algumas na\u00e7\u00f5es, o pitbull [&hellip;]<\/p>\n","protected":false},"author":4,"featured_media":14072,"comment_status":"open","ping_status":"open","sticky":false,"template":"","format":"standard","meta":{"jnews-multi-image_gallery":[],"jnews_single_post":{"format":"standard"},"jnews_primary_category":[],"jnews_social_meta":[],"jnews_post_split":[],"footnotes":""},"categories":[1],"tags":[],"class_list":["post-14071","post","type-post","status-publish","format-standard","has-post-thumbnail","hentry","category-uncategorized"],"_links":{"self":[{"href":"https:\/\/diariodepernambuco.audiencelabs.com.br\/wp-json\/wp\/v2\/posts\/14071","targetHints":{"allow":["GET"]}}],"collection":[{"href":"https:\/\/diariodepernambuco.audiencelabs.com.br\/wp-json\/wp\/v2\/posts"}],"about":[{"href":"https:\/\/diariodepernambuco.audiencelabs.com.br\/wp-json\/wp\/v2\/types\/post"}],"author":[{"embeddable":true,"href":"https:\/\/diariodepernambuco.audiencelabs.com.br\/wp-json\/wp\/v2\/users\/4"}],"replies":[{"embeddable":true,"href":"https:\/\/diariodepernambuco.audiencelabs.com.br\/wp-json\/wp\/v2\/comments?post=14071"}],"version-history":[{"count":3,"href":"https:\/\/diariodepernambuco.audiencelabs.com.br\/wp-json\/wp\/v2\/posts\/14071\/revisions"}],"predecessor-version":[{"id":14168,"href":"https:\/\/diariodepernambuco.audiencelabs.com.br\/wp-json\/wp\/v2\/posts\/14071\/revisions\/14168"}],"wp:featuredmedia":[{"embeddable":true,"href":"https:\/\/diariodepernambuco.audiencelabs.com.br\/wp-json\/wp\/v2\/media\/14072"}],"wp:attachment":[{"href":"https:\/\/diariodepernambuco.audiencelabs.com.br\/wp-json\/wp\/v2\/media?parent=14071"}],"wp:term":[{"taxonomy":"category","embeddable":true,"href":"https:\/\/diariodepernambuco.audiencelabs.com.br\/wp-json\/wp\/v2\/categories?post=14071"},{"taxonomy":"post_tag","embeddable":true,"href":"https:\/\/diariodepernambuco.audiencelabs.com.br\/wp-json\/wp\/v2\/tags?post=14071"}],"curies":[{"name":"wp","href":"https:\/\/api.w.org\/{rel}","templated":true}]}}