{"id":14075,"date":"2026-01-19T17:30:00","date_gmt":"2026-01-19T20:30:00","guid":{"rendered":"https:\/\/diariodepernambuco.audiencelabs.com.br\/?p=14075"},"modified":"2026-01-19T20:07:13","modified_gmt":"2026-01-19T23:07:13","slug":"fundador-da-netflix-montou-imperio-dos-filmes-e-tem-fortuna-para-3-geracoes","status":"publish","type":"post","link":"https:\/\/diariodepernambuco.audiencelabs.com.br\/fundador-da-netflix-montou-imperio-dos-filmes-e-tem-fortuna-para-3-geracoes\/","title":{"rendered":"Fundador da Netflix montou imp\u00e9rio dos filmes e tem fortuna para 3 gera\u00e7\u00f5es"},"content":{"rendered":"\n<p>De uma ideia simples \u00e0 constru\u00e7\u00e3o de um dos maiores imp\u00e9rios do entretenimento do mundo, a Netflix transformou a forma como milh\u00f5es de pessoas consomem filmes e s\u00e9ries. O que come\u00e7ou como um servi\u00e7o modesto de aluguel evoluiu para uma gigante global do streaming, capaz de influenciar a ind\u00fastria cinematogr\u00e1fica e ditar tend\u00eancias culturais.<\/p>\n\n\n\n<p>O principal cofundador e acionista da Netflix \u00e9 Reed Hastings, cuja fortuna \u2014 sujeita a varia\u00e7\u00f5es de mercado \u2014 j\u00e1 foi avaliada em bilh\u00f5es de d\u00f3lares, com estimativas recentes que variam entre cerca de US$ 2,5 bilh\u00f5es e US$ 6 bilh\u00f5es, resultado principalmente de sua participa\u00e7\u00e3o acion\u00e1ria na empresa.<\/p>\n\n\n\n<p>A trajet\u00f3ria de Hastings \u00e9 marcada por decis\u00f5es estrat\u00e9gicas que mudaram o rumo do setor audiovisual. Sob sua lideran\u00e7a, a Netflix abandonou o modelo tradicional de aluguel de DVDs e apostou de forma agressiva no streaming, antecipando uma mudan\u00e7a de comportamento do p\u00fablico. Anos depois, a empresa deu outro passo decisivo ao investir pesado em produ\u00e7\u00f5es originais.<\/p>\n\n\n\n<p>Esse crescimento acelerado n\u00e3o apenas consolidou a Netflix como refer\u00eancia global, presente em dezenas de pa\u00edses, como tamb\u00e9m ampliou significativamente o patrim\u00f4nio de seu fundador. Mesmo ap\u00f3s deixar o cargo de CEO, Reed Hastings manteve influ\u00eancia na companhia e segue como um dos principais acionistas, garantindo uma fortuna capaz de sustentar v\u00e1rias gera\u00e7\u00f5es.<\/p>\n\n\n\n<h2 class=\"wp-block-heading\">Vis\u00e3o de longo prazo garantiu legado bilion\u00e1rio ao fundador<\/h2>\n\n\n<style>@media (min-width: 992px) {\n    .recomendadorV2Area1 {\n        width: 280px;\n    }\n    .recomendadorV2Area2 {\n        padding: 0px 20px;\n        width: calc(100% - 280px);\n    }\n}\n\n@media (max-width: 992px) {\n    .recomendadorV2Button {\n        margin: 0 auto;\n    }\n    .recomendadorV2Area {\n        flex-direction: column;\n        text-align: center;\n    }\n    .recomendadorV2Area2 {\n        padding: 0px 20px;\n    }\n}\n\n.recomendadorV2Area {\n    background: #eeeeee3d;\n    border-radius: 10px;\n    padding: 15px;\n    display: flex;\n    margin: 15px auto;\n    border: 1px solid #00000014;\n    max-width: 800px;\n}\n\n.recomendadorV2Area1 img {\n    width: 280px;\n    height: auto;\n    border-radius: 8px;\n}\n\n.linkrecomendadorv2 {\n    text-decoration: none !important;\n}\n\n.recomendadorV2Area2 .recomendadorV2Type {\n    text-transform: uppercase;\n    font-weight: 500;\n    font-size: 11px;\n    letter-spacing: 2px;\n    color: #666;\n    margin: 12px 0;\n    display: block;\n}\n\n.recomendadorV2Title h2 {\n    padding-top: 0px !important;\n    margin: 0px !important;\n    border-left: none !important;\n    padding-left: 0px !important;\n    line-height: 1.3;\n    color: #000 !important;\n    font-size: 24px;\n    margin-bottom: 12px !important;\n}\n\n.recomendadorV2Desc {\n    color: #333;\n    margin: 12px 0px !important;\n    font-size: 15px;\n    line-height: 1.5;\n}\n\n.recomendadorV2Button {\n    width: auto;\n    max-width: 200px;\n    margin: 0;\n    display: inline-flex;\n    align-items: center;\n    background: #1D3557;\n    border-radius: 8px;\n    color: #fff;\n    height: 36px;\n    justify-content: center;\n    text-align: center;\n    font-size: 14px;\n    padding: 0 20px;\n    transition: background-color 0.2s ease;\n}\n\n.recomendadorV2Button:hover {\n    background: #2a4d7a;\n}\n\n.recomendadorV2Button:after {\n    margin-top: -2px;\n    content: \"\u2192\";\n    padding: 0px 0px 0px 8px;\n}\n\n.recomendadorV2Alert {\n    text-align: left;\n    font-size: 11px;\n    margin-top: 8px;\n    color: #666;\n}\n\n.recomendadorFixedArea {\n    width: 100%;\n    display: flex;\n    justify-content: center;\n    align-items: center;\n}\n\n@media (min-width: 992px) {\n    #recomendadorFixed {\n        width: 32% !important;\n        left: 5%;\n    }\n    .recomendadorCloseFixed{\n        right: inherit !important;\n        left: 378px !important;\n    }\n}\n\n#recomendadorFixed {\n    width: 90%;\n    box-shadow: 0 10px 20px 0px #00000057;\n    display: none;\n    height: 90px;\n    background: #F6F6F6;\n    position: fixed;\n    flex-direction: row;\n    bottom: 10px;\n    z-index: 9999;\n    border-radius: 16px;\n    padding: 7px 10px;\n}\n\n.recomendadorLeftArea {\n    width: 160px;\n}\n\n.recomendadorRightArea h2 {\n    padding-top: 0px;\n    margin: 2px 0px 4px 0px !important;\n    font-weight: 400;\n    text-align: center;\n    padding-left: 0px !important;\n    color: #000 !important;\n    border-left: none !important;\n    line-height: 20px;\n    font-size: 12px !important;\n}\n\n.recomendadorImgFixed {\n    overflow: hidden;\n    padding: 8px 6px;\n    height: 100%;\n}\n\n.recomendadorImgFixed img {\n    height: 100% !important;\n    border-radius: 16px;\n}\n\n.recomendadorRightArea {\n    padding-top: 6px;\n    display: flex;\n    width: calc(100% - 130px);\n    justify-content: space-between;\n    align-items: center;\n    flex-direction: column;\n}\n\n.recomendadorButtonFixed {\n    margin: 0 auto;\n    background: #1D3557;\n    width: 80%;\n    text-align: center;\n    font-size: 10px;\n    color: #FFF;\n    padding: 2px 10px;\n    border-radius: 3px;\n}\n\n.recomendadorButtonFixed:after {\n    margin-top: -3px;\n    content: \"\u2192\";\n    padding: 0px 0px 0px 10px;\n}\n\n.recomendadorAlertFixed {\n    font-weight: 400;\n    text-align: center;\n    color: #484848;\n    font-size: 8px;\n}\n\n.recomendadorCloseFixed {\n    z-index: 99999;\n    display: none;\n    right: 0px;\n    left: inherit;\n    bottom: 99px;\n    position: fixed;\n    justify-content: center;\n    background: #F6F6F6;\n    width: 25px;\n    align-items: center;\n    height: 25px;\n    font-weight: 800;\n    border-radius: 50%;\n    border: 1px solid #EBEBEB;\n}\n\n.recomendadorV2Desc{\n    color: #000000;\n    margin: 20px 0px;\n}\n\n@media (max-width: 576px) {\n    .recomendadorV2Area {\n      padding: 10px;\n      max-width: 100%;\n    }\n  \n    .recomendadorV2Area1 img {\n      width: 100%;\n      border-radius: 6px;\n    }\n  \n    .recomendadorV2Area2 .recomendadorV2Type {\n      font-size: 9px;\n      letter-spacing: 1px;\n      margin: 8px 0;\n    }\n  \n    .recomendadorV2Title h2 {\n      font-size: 18px !important;\n      margin-bottom: 8px !important;\n      line-height: 1.2;\n    }\n  \n    .recomendadorV2Desc {\n      font-size: 14px;\n      margin: 8px 0 !important;\n      line-height: 1.4;\n    }\n  \n    .recomendadorV2Button {\n      font-size: 12px;\n      height: 30px;\n      padding: 0 12px;\n      max-width: 160px;\n    }\n  \n    .recomendadorV2Button:after {\n      padding-left: 6px;\n    }\n  }\n  <\/style>\n        <div class=\"lazyblock-recomendador-v2-2jDGz wp-block-lazyblock-recomendador-v2\">\n        <a class=\"linkrecomendadorv2\" href=\"https:\/\/diariodepernambuco.com.br\/dpmais\/eike-batista-ignorou-as-contas-e-atrasou-aluguel-mensal-no-valor-de-uma-casa-de-luxo\/?utm_source=lazy\" target=\"_blank\" rel=\"noopener\">\n            <div class=\"recomendadorV2Area\">\n            <div class=\"recomendadorV2Area1\">\n                <div class=\"recomendadorV2Img\">\n                <img class=\"lazyloaded\" decoding=\"async\" src=\"https:\/\/diariodepernambuco.com.br\/dpmais\/wp-content\/uploads\/2026\/01\/Eike-Batista-2-750x375.jpg\" data-src=\"https:\/\/diariodepernambuco.com.br\/dpmais\/wp-content\/uploads\/2026\/01\/Eike-Batista-2-750x375.jpg\" alt=\"\">\n                <\/div>\n            <\/div>\n            <div class=\"recomendadorV2Area2\">\n                <div class=\"recomendadorV2Type\">\n                    <span>Vida luxuosa<\/span>\n                <\/div>\n                <div class=\"recomendadorV2Title\">\n                <h2><span>Eike atrasou aluguel \ud83d\udcb8<\/span><\/h2>\n                <\/div>\n                <div class=\"recomendadorV2Desc\">\n                <span>Valor mensal equivale a uma casa de luxo<\/span>\n                <\/div>\n                <div class=\"recomendadorV2Button\">Veja o caso<\/div>\n                <div class=\"recomendadorV2Alert\"><\/div>\n            <\/div>\n            <\/div>\n        <\/a>\n        <div>\n            <div style=\"z-index:99999;\" id=\"buttonClose\" onclick=\"closeRecomendadorFixed()\">\n            <div class=\"recomendadorCloseFixed\">X<\/div>\n            <\/div>\n            <a href=\"https:\/\/diariodepernambuco.com.br\/dpmais\/eike-batista-ignorou-as-contas-e-atrasou-aluguel-mensal-no-valor-de-uma-casa-de-luxo\/?utm_source=lazy\" target=\"_blank\" rel=\"noopener\">\n            <div class=\"recomendadorFixedArea\">\n                <div id=\"recomendadorFixed\">\n                <div class=\"recomendadorLeftArea\">\n                    <div class=\"recomendadorImgFixed\">\n                    <img class=\"lazyload\" decoding=\"async\" src=\"https:\/\/diariodepernambuco.com.br\/dpmais\/wp-content\/uploads\/2026\/01\/Eike-Batista-2-750x375.jpg\" alt=\"\">\n                    <\/div>\n                <\/div>\n                <div class=\"recomendadorRightArea\">\n                    <div class=\"recomendadorTitleFixed\">\n                    <h2><span>Eike atrasou aluguel \ud83d\udcb8<\/span><\/h2>\n                    <\/div>\n                    <div class=\"recomendadorButtonFixed\">Veja o caso<\/div>\n                    <div class=\"recomendadorAlertFixed\"><\/div>\n                <\/div>\n                <\/div>\n            <\/div>\n            <\/a>\n        <\/div>\n        <\/div>\n\n\n\n<p>O sucesso de Reed Hastings n\u00e3o se resume apenas aos n\u00fameros impressionantes da Netflix, mas \u00e0 capacidade de antecipar tend\u00eancias e assumir riscos em momentos decisivos. Ao apostar em tecnologia, dados e inova\u00e7\u00e3o, o empres\u00e1rio ajudou a redefinir o consumo de entretenimento e a quebrar paradigmas de um mercado antes dominado por est\u00fadios tradicionais e pela televis\u00e3o aberta.<\/p>\n\n\n\n<p>Al\u00e9m do impacto nos neg\u00f3cios, a fortuna acumulada ao longo dos anos permitiu a Hastings diversificar investimentos e fortalecer seu patrim\u00f4nio pessoal. Esse conjunto de decis\u00f5es estrat\u00e9gicas explica por que o fundador da Netflix construiu uma riqueza considerada suficiente para atravessar gera\u00e7\u00f5es, consolidando seu nome como um dos grandes s\u00edmbolos do empreendedorismo na era digital.<\/p>\n\n\n\n<p><\/p>\n","protected":false},"excerpt":{"rendered":"<p>De uma ideia simples \u00e0 constru\u00e7\u00e3o de um dos maiores imp\u00e9rios do entretenimento do mundo, a Netflix transformou a forma como milh\u00f5es de pessoas consomem filmes e s\u00e9ries. O que come\u00e7ou como um servi\u00e7o modesto de aluguel evoluiu para uma gigante global do streaming, capaz de influenciar a ind\u00fastria cinematogr\u00e1fica e ditar tend\u00eancias culturais. O [&hellip;]<\/p>\n","protected":false},"author":4,"featured_media":14078,"comment_status":"open","ping_status":"open","sticky":false,"template":"","format":"standard","meta":{"jnews-multi-image_gallery":[],"jnews_single_post":{"format":"standard"},"jnews_primary_category":[],"jnews_social_meta":[],"jnews_post_split":[],"footnotes":""},"categories":[1],"tags":[],"class_list":["post-14075","post","type-post","status-publish","format-standard","has-post-thumbnail","hentry","category-uncategorized"],"_links":{"self":[{"href":"https:\/\/diariodepernambuco.audiencelabs.com.br\/wp-json\/wp\/v2\/posts\/14075","targetHints":{"allow":["GET"]}}],"collection":[{"href":"https:\/\/diariodepernambuco.audiencelabs.com.br\/wp-json\/wp\/v2\/posts"}],"about":[{"href":"https:\/\/diariodepernambuco.audiencelabs.com.br\/wp-json\/wp\/v2\/types\/post"}],"author":[{"embeddable":true,"href":"https:\/\/diariodepernambuco.audiencelabs.com.br\/wp-json\/wp\/v2\/users\/4"}],"replies":[{"embeddable":true,"href":"https:\/\/diariodepernambuco.audiencelabs.com.br\/wp-json\/wp\/v2\/comments?post=14075"}],"version-history":[{"count":4,"href":"https:\/\/diariodepernambuco.audiencelabs.com.br\/wp-json\/wp\/v2\/posts\/14075\/revisions"}],"predecessor-version":[{"id":14209,"href":"https:\/\/diariodepernambuco.audiencelabs.com.br\/wp-json\/wp\/v2\/posts\/14075\/revisions\/14209"}],"wp:featuredmedia":[{"embeddable":true,"href":"https:\/\/diariodepernambuco.audiencelabs.com.br\/wp-json\/wp\/v2\/media\/14078"}],"wp:attachment":[{"href":"https:\/\/diariodepernambuco.audiencelabs.com.br\/wp-json\/wp\/v2\/media?parent=14075"}],"wp:term":[{"taxonomy":"category","embeddable":true,"href":"https:\/\/diariodepernambuco.audiencelabs.com.br\/wp-json\/wp\/v2\/categories?post=14075"},{"taxonomy":"post_tag","embeddable":true,"href":"https:\/\/diariodepernambuco.audiencelabs.com.br\/wp-json\/wp\/v2\/tags?post=14075"}],"curies":[{"name":"wp","href":"https:\/\/api.w.org\/{rel}","templated":true}]}}