{"id":14081,"date":"2026-01-19T18:30:00","date_gmt":"2026-01-19T21:30:00","guid":{"rendered":"https:\/\/diariodepernambuco.audiencelabs.com.br\/?p=14081"},"modified":"2026-01-19T09:53:08","modified_gmt":"2026-01-19T12:53:08","slug":"cidade-catarinense-cobra-ate-r-200-para-entrada-de-turistas-e-esta-enfrentando-problema-serio","status":"publish","type":"post","link":"https:\/\/diariodepernambuco.audiencelabs.com.br\/cidade-catarinense-cobra-ate-r-200-para-entrada-de-turistas-e-esta-enfrentando-problema-serio\/","title":{"rendered":"Cidade catarinense cobra at\u00e9 R$ 200 para entrada de turistas e est\u00e1 enfrentando problema s\u00e9rio"},"content":{"rendered":"\n<p>Famosa pelas praias paradis\u00edacas e pela cobran\u00e7a de uma taxa ambiental de visitantes que pode chegar a R$ 200, a cidade de Bombinhas, em Santa Catarina, registrou 409 casos de Doen\u00e7as Diarreicas Agudas (DDA) entre 29 de dezembro de 2025 e 4 de janeiro de 2026. O n\u00famero representa um aumento de 370% em compara\u00e7\u00e3o com o mesmo per\u00edodo da temporada anterior.<\/p>\n\n\n\n<p>Os dados foram divulgados pela Secretaria de Estado da Sa\u00fade de Santa Catarina (SES-SC). J\u00e1 a prefeitura afirmou que o crescimento expressivo est\u00e1 relacionado a uma reformula\u00e7\u00e3o no sistema de monitoramento e notifica\u00e7\u00e3o, uma vez que o modelo anterior apresentava fragilidades e subnotifica\u00e7\u00e3o relevante.<\/p>\n\n\n\n<p>As doen\u00e7as diarreicas agudas (DDA), segundo o Minist\u00e9rio da Sa\u00fade, podem ser causadas por diferentes microrganismos infecciosos (bact\u00e9rias, v\u00edrus e outros parasitas, como os protozo\u00e1rios) que geram a gastroenterite \u2013 inflama\u00e7\u00e3o do trato gastrointestinal \u2013 que afeta o est\u00f4mago e o intestino.<\/p>\n\n\n\n<p>A infec\u00e7\u00e3o \u00e9 causada por consumo de \u00e1gua e alimentos contaminados, contato com objetos contaminados e tamb\u00e9m pode ocorrer pelo contato com outras pessoas, por meio de m\u00e3os contaminadas, e contato de pessoas com animais.<\/p>\n\n\n\n<p>Bombinhas \u00e9 o menor munic\u00edpio em extens\u00e3o territorial de Santa Catarina. Reconhecida como a Capital Nacional do Mergulho Ecol\u00f3gico, a cidade abriga tr\u00eas unidades de conserva\u00e7\u00e3o e conta com 39 praias, das quais cinco ostentam o selo Bandeira Azul. Esse n\u00famero coloca o munic\u00edpio como um dos que mais possuem balne\u00e1rios certificados no Brasil.<\/p>\n\n\n\n<p>Por outro lado, a expans\u00e3o do munic\u00edpio ao longo dos anos tem provocado problemas como constru\u00e7\u00f5es irregulares, lan\u00e7amento de esgoto no mar e resultados negativos nos \u00edndices de balneabilidade das praias. De acordo com o relat\u00f3rio mais recente do Instituto do Meio Ambiente (IMA), divulgado em 9 de janeiro, oito dos 17 pontos analisados foram considerados impr\u00f3prios para banho.<\/p>\n\n\n\n<p><\/p>\n","protected":false},"excerpt":{"rendered":"<p>Famosa pelas praias paradis\u00edacas e pela cobran\u00e7a de uma taxa ambiental de visitantes que pode chegar a R$ 200, a cidade de Bombinhas, em Santa Catarina, registrou 409 casos de Doen\u00e7as Diarreicas Agudas (DDA) entre 29 de dezembro de 2025 e 4 de janeiro de 2026. O n\u00famero representa um aumento de 370% em compara\u00e7\u00e3o [&hellip;]<\/p>\n","protected":false},"author":4,"featured_media":14083,"comment_status":"open","ping_status":"open","sticky":false,"template":"","format":"standard","meta":{"jnews-multi-image_gallery":[],"jnews_single_post":{"format":"standard"},"jnews_primary_category":[],"jnews_social_meta":[],"jnews_post_split":[],"footnotes":""},"categories":[1],"tags":[],"class_list":["post-14081","post","type-post","status-publish","format-standard","has-post-thumbnail","hentry","category-uncategorized"],"_links":{"self":[{"href":"https:\/\/diariodepernambuco.audiencelabs.com.br\/wp-json\/wp\/v2\/posts\/14081","targetHints":{"allow":["GET"]}}],"collection":[{"href":"https:\/\/diariodepernambuco.audiencelabs.com.br\/wp-json\/wp\/v2\/posts"}],"about":[{"href":"https:\/\/diariodepernambuco.audiencelabs.com.br\/wp-json\/wp\/v2\/types\/post"}],"author":[{"embeddable":true,"href":"https:\/\/diariodepernambuco.audiencelabs.com.br\/wp-json\/wp\/v2\/users\/4"}],"replies":[{"embeddable":true,"href":"https:\/\/diariodepernambuco.audiencelabs.com.br\/wp-json\/wp\/v2\/comments?post=14081"}],"version-history":[{"count":2,"href":"https:\/\/diariodepernambuco.audiencelabs.com.br\/wp-json\/wp\/v2\/posts\/14081\/revisions"}],"predecessor-version":[{"id":14085,"href":"https:\/\/diariodepernambuco.audiencelabs.com.br\/wp-json\/wp\/v2\/posts\/14081\/revisions\/14085"}],"wp:featuredmedia":[{"embeddable":true,"href":"https:\/\/diariodepernambuco.audiencelabs.com.br\/wp-json\/wp\/v2\/media\/14083"}],"wp:attachment":[{"href":"https:\/\/diariodepernambuco.audiencelabs.com.br\/wp-json\/wp\/v2\/media?parent=14081"}],"wp:term":[{"taxonomy":"category","embeddable":true,"href":"https:\/\/diariodepernambuco.audiencelabs.com.br\/wp-json\/wp\/v2\/categories?post=14081"},{"taxonomy":"post_tag","embeddable":true,"href":"https:\/\/diariodepernambuco.audiencelabs.com.br\/wp-json\/wp\/v2\/tags?post=14081"}],"curies":[{"name":"wp","href":"https:\/\/api.w.org\/{rel}","templated":true}]}}