{"id":14096,"date":"2026-01-20T15:30:00","date_gmt":"2026-01-20T18:30:00","guid":{"rendered":"https:\/\/diariodepernambuco.audiencelabs.com.br\/?p=14096"},"modified":"2026-01-20T14:33:01","modified_gmt":"2026-01-20T17:33:01","slug":"mansao-de-um-maluco-no-pedaco-custa-r-161-milhoes-e-esta-a-venda","status":"publish","type":"post","link":"https:\/\/diariodepernambuco.audiencelabs.com.br\/mansao-de-um-maluco-no-pedaco-custa-r-161-milhoes-e-esta-a-venda\/","title":{"rendered":"Mans\u00e3o de \u201cUm Maluco no Peda\u00e7o\u201d custa R$ 161 milh\u00f5es e est\u00e1 \u00e0 venda"},"content":{"rendered":"\n<p>A mans\u00e3o que aparece na abertura da s\u00e9rie \u201cUm Maluco no Peda\u00e7o\u201d, respons\u00e1vel por projetar Will Smith ao estrelato nos anos 1990, deve ir ao mercado por cerca de US$ 30 milh\u00f5es (aproximadamente R$ 161 milh\u00f5es, na cota\u00e7\u00e3o atual). O im\u00f3vel, conhecido mundialmente por sua presen\u00e7a marcante no seriado da NBC, serviu como cen\u00e1rio para as tomadas externas da casa da fam\u00edlia Banks.<\/p>\n\n\n\n<p>Apesar de a trama situar a resid\u00eancia no bairro de Bel-Air, em Los Angeles, a propriedade est\u00e1 localizada, na realidade, em Brentwood, tamb\u00e9m na regi\u00e3o metropolitana da cidade. De acordo com o site TMZ, o grupo imobili\u00e1rio The Altman Brothers, encarregado da negocia\u00e7\u00e3o, informou que o im\u00f3vel deve ser oficialmente anunciado para venda ainda neste m\u00eas.<\/p>\n\n\n\n<p>A ic\u00f4nica mans\u00e3o em estilo colonial georgiano conta com seis quartos e sete banheiros, al\u00e9m de cerca de 930 metros quadrados de \u00e1rea constru\u00edda, distribu\u00eddos em um amplo terreno de esquina com aproximadamente 3.580 metros quadrados. O im\u00f3vel foi erguido em 1937.<\/p>\n\n\n\n<p>De acordo com o TMZ, a casa que ficou famosa em \u201cUm Maluco no Peda\u00e7o\u201d est\u00e1 sendo utilizada atualmente como loca\u00e7\u00e3o para uma produ\u00e7\u00e3o da Netflix, preservando sua fachada emblem\u00e1tica nas grava\u00e7\u00f5es mesmo enquanto se prepara para ser vendida.<\/p>\n\n\n\n<h2 class=\"wp-block-heading\">Legado na ind\u00fastria do entretenimento<\/h2>\n\n\n<style>@media (min-width: 992px) {\n    .recomendadorV2Area1 {\n        width: 280px;\n    }\n    .recomendadorV2Area2 {\n        padding: 0px 20px;\n        width: calc(100% - 280px);\n    }\n}\n\n@media (max-width: 992px) {\n    .recomendadorV2Button {\n        margin: 0 auto;\n    }\n    .recomendadorV2Area {\n        flex-direction: column;\n        text-align: center;\n    }\n    .recomendadorV2Area2 {\n        padding: 0px 20px;\n    }\n}\n\n.recomendadorV2Area {\n    background: #eeeeee3d;\n    border-radius: 10px;\n    padding: 15px;\n    display: flex;\n    margin: 15px auto;\n    border: 1px solid #00000014;\n    max-width: 800px;\n}\n\n.recomendadorV2Area1 img {\n    width: 280px;\n    height: auto;\n    border-radius: 8px;\n}\n\n.linkrecomendadorv2 {\n    text-decoration: none !important;\n}\n\n.recomendadorV2Area2 .recomendadorV2Type {\n    text-transform: uppercase;\n    font-weight: 500;\n    font-size: 11px;\n    letter-spacing: 2px;\n    color: #666;\n    margin: 12px 0;\n    display: block;\n}\n\n.recomendadorV2Title h2 {\n    padding-top: 0px !important;\n    margin: 0px !important;\n    border-left: none !important;\n    padding-left: 0px !important;\n    line-height: 1.3;\n    color: #000 !important;\n    font-size: 24px;\n    margin-bottom: 12px !important;\n}\n\n.recomendadorV2Desc {\n    color: #333;\n    margin: 12px 0px !important;\n    font-size: 15px;\n    line-height: 1.5;\n}\n\n.recomendadorV2Button {\n    width: auto;\n    max-width: 200px;\n    margin: 0;\n    display: inline-flex;\n    align-items: center;\n    background: #1D3557;\n    border-radius: 8px;\n    color: #fff;\n    height: 36px;\n    justify-content: center;\n    text-align: center;\n    font-size: 14px;\n    padding: 0 20px;\n    transition: background-color 0.2s ease;\n}\n\n.recomendadorV2Button:hover {\n    background: #2a4d7a;\n}\n\n.recomendadorV2Button:after {\n    margin-top: -2px;\n    content: \"\u2192\";\n    padding: 0px 0px 0px 8px;\n}\n\n.recomendadorV2Alert {\n    text-align: left;\n    font-size: 11px;\n    margin-top: 8px;\n    color: #666;\n}\n\n.recomendadorFixedArea {\n    width: 100%;\n    display: flex;\n    justify-content: center;\n    align-items: center;\n}\n\n@media (min-width: 992px) {\n    #recomendadorFixed {\n        width: 32% !important;\n        left: 5%;\n    }\n    .recomendadorCloseFixed{\n        right: inherit !important;\n        left: 378px !important;\n    }\n}\n\n#recomendadorFixed {\n    width: 90%;\n    box-shadow: 0 10px 20px 0px #00000057;\n    display: none;\n    height: 90px;\n    background: #F6F6F6;\n    position: fixed;\n    flex-direction: row;\n    bottom: 10px;\n    z-index: 9999;\n    border-radius: 16px;\n    padding: 7px 10px;\n}\n\n.recomendadorLeftArea {\n    width: 160px;\n}\n\n.recomendadorRightArea h2 {\n    padding-top: 0px;\n    margin: 2px 0px 4px 0px !important;\n    font-weight: 400;\n    text-align: center;\n    padding-left: 0px !important;\n    color: #000 !important;\n    border-left: none !important;\n    line-height: 20px;\n    font-size: 12px !important;\n}\n\n.recomendadorImgFixed {\n    overflow: hidden;\n    padding: 8px 6px;\n    height: 100%;\n}\n\n.recomendadorImgFixed img {\n    height: 100% !important;\n    border-radius: 16px;\n}\n\n.recomendadorRightArea {\n    padding-top: 6px;\n    display: flex;\n    width: calc(100% - 130px);\n    justify-content: space-between;\n    align-items: center;\n    flex-direction: column;\n}\n\n.recomendadorButtonFixed {\n    margin: 0 auto;\n    background: #1D3557;\n    width: 80%;\n    text-align: center;\n    font-size: 10px;\n    color: #FFF;\n    padding: 2px 10px;\n    border-radius: 3px;\n}\n\n.recomendadorButtonFixed:after {\n    margin-top: -3px;\n    content: \"\u2192\";\n    padding: 0px 0px 0px 10px;\n}\n\n.recomendadorAlertFixed {\n    font-weight: 400;\n    text-align: center;\n    color: #484848;\n    font-size: 8px;\n}\n\n.recomendadorCloseFixed {\n    z-index: 99999;\n    display: none;\n    right: 0px;\n    left: inherit;\n    bottom: 99px;\n    position: fixed;\n    justify-content: center;\n    background: #F6F6F6;\n    width: 25px;\n    align-items: center;\n    height: 25px;\n    font-weight: 800;\n    border-radius: 50%;\n    border: 1px solid #EBEBEB;\n}\n\n.recomendadorV2Desc{\n    color: #000000;\n    margin: 20px 0px;\n}\n\n@media (max-width: 576px) {\n    .recomendadorV2Area {\n      padding: 10px;\n      max-width: 100%;\n    }\n  \n    .recomendadorV2Area1 img {\n      width: 100%;\n      border-radius: 6px;\n    }\n  \n    .recomendadorV2Area2 .recomendadorV2Type {\n      font-size: 9px;\n      letter-spacing: 1px;\n      margin: 8px 0;\n    }\n  \n    .recomendadorV2Title h2 {\n      font-size: 18px !important;\n      margin-bottom: 8px !important;\n      line-height: 1.2;\n    }\n  \n    .recomendadorV2Desc {\n      font-size: 14px;\n      margin: 8px 0 !important;\n      line-height: 1.4;\n    }\n  \n    .recomendadorV2Button {\n      font-size: 12px;\n      height: 30px;\n      padding: 0 12px;\n      max-width: 160px;\n    }\n  \n    .recomendadorV2Button:after {\n      padding-left: 6px;\n    }\n  }\n  <\/style>\n        <div class=\"lazyblock-recomendador-v2-2jDGz wp-block-lazyblock-recomendador-v2\">\n        <a class=\"linkrecomendadorv2\" href=\"https:\/\/diariodepernambuco.com.br\/dpmais\/aviao-mais-caro-do-brasil-custa-r-200-milhoes-e-pertence-a-cantor-famoso\/?utm_source=lazy\" target=\"_blank\" rel=\"noopener\">\n            <div class=\"recomendadorV2Area\">\n            <div class=\"recomendadorV2Area1\">\n                <div class=\"recomendadorV2Img\">\n                <img class=\"lazyloaded\" decoding=\"async\" src=\"https:\/\/diariodepernambuco.com.br\/dpmais\/wp-content\/uploads\/2026\/01\/aviao-mais-caro-do-brasil-custa-200-milhoes-e-pertence-a-cantor-famoso-1140x570.jpg\" data-src=\"https:\/\/diariodepernambuco.com.br\/dpmais\/wp-content\/uploads\/2026\/01\/aviao-mais-caro-do-brasil-custa-200-milhoes-e-pertence-a-cantor-famoso-1140x570.jpg\" alt=\"\">\n                <\/div>\n            <\/div>\n            <div class=\"recomendadorV2Area2\">\n                <div class=\"recomendadorV2Type\">\n                    <span>Luxo a\u00e9reo<\/span>\n                <\/div>\n                <div class=\"recomendadorV2Title\">\n                <h2><span>Avi\u00e3o de R$200 milh\u00f5es \u2708\ufe0f<\/span><\/h2>\n                <\/div>\n                <div class=\"recomendadorV2Desc\">\n                <span>Descubra o cantor dono do jato mais caro<\/span>\n                <\/div>\n                <div class=\"recomendadorV2Button\">Ver quem \u00e9<\/div>\n                <div class=\"recomendadorV2Alert\"><\/div>\n            <\/div>\n            <\/div>\n        <\/a>\n        <div>\n            <div style=\"z-index:99999;\" id=\"buttonClose\" onclick=\"closeRecomendadorFixed()\">\n            <div class=\"recomendadorCloseFixed\">X<\/div>\n            <\/div>\n            <a href=\"https:\/\/diariodepernambuco.com.br\/dpmais\/aviao-mais-caro-do-brasil-custa-r-200-milhoes-e-pertence-a-cantor-famoso\/?utm_source=lazy\" target=\"_blank\" rel=\"noopener\">\n            <div class=\"recomendadorFixedArea\">\n                <div id=\"recomendadorFixed\">\n                <div class=\"recomendadorLeftArea\">\n                    <div class=\"recomendadorImgFixed\">\n                    <img class=\"lazyload\" decoding=\"async\" src=\"https:\/\/diariodepernambuco.com.br\/dpmais\/wp-content\/uploads\/2026\/01\/aviao-mais-caro-do-brasil-custa-200-milhoes-e-pertence-a-cantor-famoso-1140x570.jpg\" alt=\"\">\n                    <\/div>\n                <\/div>\n                <div class=\"recomendadorRightArea\">\n                    <div class=\"recomendadorTitleFixed\">\n                    <h2><span>Avi\u00e3o de R$200 milh\u00f5es \u2708\ufe0f<\/span><\/h2>\n                    <\/div>\n                    <div class=\"recomendadorButtonFixed\">Ver quem \u00e9<\/div>\n                    <div class=\"recomendadorAlertFixed\"><\/div>\n                <\/div>\n                <\/div>\n            <\/div>\n            <\/a>\n        <\/div>\n        <\/div>\n\n\n\n<p>A import\u00e2ncia do im\u00f3vel ultrapassa a nostalgia dos anos 1990. Com a fachada preservada e facilmente reconhec\u00edvel, a mans\u00e3o segue valorizada pela ind\u00fastria do entretenimento e atualmente \u00e9 utilizada como loca\u00e7\u00e3o para uma produ\u00e7\u00e3o da Netflix.<\/p>\n\n\n\n<p>Antes de ser colocada \u00e0 venda, a propriedade j\u00e1 serviu como cen\u00e1rio para a\u00e7\u00f5es promocionais. Em 2020, em comemora\u00e7\u00e3o aos 30 anos da s\u00e9rie, parte da casa foi disponibilizada no Airbnb com estadias tem\u00e1ticas por US$ 30 (cerca de R$ 161) a di\u00e1ria, exclusivamente para moradores da regi\u00e3o de Los Angeles, permitindo que f\u00e3s vivenciassem de perto elementos do im\u00f3vel exibido no programa.<\/p>\n\n\n\n<p><\/p>\n","protected":false},"excerpt":{"rendered":"<p>A mans\u00e3o que aparece na abertura da s\u00e9rie \u201cUm Maluco no Peda\u00e7o\u201d, respons\u00e1vel por projetar Will Smith ao estrelato nos anos 1990, deve ir ao mercado por cerca de US$ 30 milh\u00f5es (aproximadamente R$ 161 milh\u00f5es, na cota\u00e7\u00e3o atual). O im\u00f3vel, conhecido mundialmente por sua presen\u00e7a marcante no seriado da NBC, serviu como cen\u00e1rio para [&hellip;]<\/p>\n","protected":false},"author":4,"featured_media":14098,"comment_status":"open","ping_status":"open","sticky":false,"template":"","format":"standard","meta":{"jnews-multi-image_gallery":[],"jnews_single_post":{"format":"standard"},"jnews_primary_category":[],"jnews_social_meta":[],"jnews_post_split":[],"footnotes":""},"categories":[1],"tags":[],"class_list":["post-14096","post","type-post","status-publish","format-standard","has-post-thumbnail","hentry","category-uncategorized"],"_links":{"self":[{"href":"https:\/\/diariodepernambuco.audiencelabs.com.br\/wp-json\/wp\/v2\/posts\/14096","targetHints":{"allow":["GET"]}}],"collection":[{"href":"https:\/\/diariodepernambuco.audiencelabs.com.br\/wp-json\/wp\/v2\/posts"}],"about":[{"href":"https:\/\/diariodepernambuco.audiencelabs.com.br\/wp-json\/wp\/v2\/types\/post"}],"author":[{"embeddable":true,"href":"https:\/\/diariodepernambuco.audiencelabs.com.br\/wp-json\/wp\/v2\/users\/4"}],"replies":[{"embeddable":true,"href":"https:\/\/diariodepernambuco.audiencelabs.com.br\/wp-json\/wp\/v2\/comments?post=14096"}],"version-history":[{"count":4,"href":"https:\/\/diariodepernambuco.audiencelabs.com.br\/wp-json\/wp\/v2\/posts\/14096\/revisions"}],"predecessor-version":[{"id":14343,"href":"https:\/\/diariodepernambuco.audiencelabs.com.br\/wp-json\/wp\/v2\/posts\/14096\/revisions\/14343"}],"wp:featuredmedia":[{"embeddable":true,"href":"https:\/\/diariodepernambuco.audiencelabs.com.br\/wp-json\/wp\/v2\/media\/14098"}],"wp:attachment":[{"href":"https:\/\/diariodepernambuco.audiencelabs.com.br\/wp-json\/wp\/v2\/media?parent=14096"}],"wp:term":[{"taxonomy":"category","embeddable":true,"href":"https:\/\/diariodepernambuco.audiencelabs.com.br\/wp-json\/wp\/v2\/categories?post=14096"},{"taxonomy":"post_tag","embeddable":true,"href":"https:\/\/diariodepernambuco.audiencelabs.com.br\/wp-json\/wp\/v2\/tags?post=14096"}],"curies":[{"name":"wp","href":"https:\/\/api.w.org\/{rel}","templated":true}]}}