{"id":14100,"date":"2026-01-20T15:00:00","date_gmt":"2026-01-20T18:00:00","guid":{"rendered":"https:\/\/diariodepernambuco.audiencelabs.com.br\/?p=14100"},"modified":"2026-01-21T10:11:45","modified_gmt":"2026-01-21T13:11:45","slug":"xuxa-meneghel-abandonou-mansao-de-rico-e-foi-viver-em-lugar-inusitado","status":"publish","type":"post","link":"https:\/\/diariodepernambuco.audiencelabs.com.br\/xuxa-meneghel-abandonou-mansao-de-rico-e-foi-viver-em-lugar-inusitado\/","title":{"rendered":"Xuxa Meneghel abandonou mans\u00e3o de rico e foi viver em lugar inusitado"},"content":{"rendered":"\n<p>Depois de anos vivendo em uma mans\u00e3o de alto padr\u00e3o, a rainha dos baixinhos optou por mudar de endere\u00e7o, sem abrir m\u00e3o do conforto. Em 2021, Xuxa Meneghel deixou sua antiga resid\u00eancia para morar em uma casa nova, menor em tamanho, mas equipada com tecnologias modernas e diferentes tipos de luxo.<\/p>\n\n\n\n<p>A decis\u00e3o tamb\u00e9m envolveu cifras expressivas. Xuxa vendeu a antiga mans\u00e3o, conhecida como \u201cNave M\u00e3e\u201d, por cerca de R$ 45 milh\u00f5es para a cantora de pagode Karinah. O im\u00f3vel, com quase 3 mil metros quadrados, acabou se tornando grande e silencioso demais ap\u00f3s a morte de sua m\u00e3e e a sa\u00edda da filha, Sasha, que se casou e deixou a casa.<\/p>\n\n\n\n<p>A nova resid\u00eancia est\u00e1 localizada no mesmo endere\u00e7o da anterior, no sofisticado Condom\u00ednio Malibu, na Barra da Tijuca, no Rio de Janeiro. A principal diferen\u00e7a est\u00e1 no tamanho: o im\u00f3vel atual possui cerca de 900 metros quadrados, o que, embora ainda seja amplo, representa aproximadamente um ter\u00e7o da \u00e1rea da antiga mans\u00e3o.<\/p>\n\n\n\n<p>O destaque da casa, por\u00e9m, n\u00e3o est\u00e1 em materiais luxuosos, mas na integra\u00e7\u00e3o com a natureza. Na sala de estar, Xuxa decidiu plantar uma jabuticabeira real, posicionada no centro do ambiente e envolta por pain\u00e9is de vidro que permitem a entrada de luz natural ao longo do dia, criando a sensa\u00e7\u00e3o de que o jardim faz parte do interior da casa.<\/p>\n\n\n\n<h2 class=\"wp-block-heading\">Decora\u00e7\u00e3o de Xuxa \u00e9 100% vegana<\/h2>\n\n\n<style>@media (min-width: 992px) {\n    .recomendadorV2Area1 {\n        width: 280px;\n    }\n    .recomendadorV2Area2 {\n        padding: 0px 20px;\n        width: calc(100% - 280px);\n    }\n}\n\n@media (max-width: 992px) {\n    .recomendadorV2Button {\n        margin: 0 auto;\n    }\n    .recomendadorV2Area {\n        flex-direction: column;\n        text-align: center;\n    }\n    .recomendadorV2Area2 {\n        padding: 0px 20px;\n    }\n}\n\n.recomendadorV2Area {\n    background: #eeeeee3d;\n    border-radius: 10px;\n    padding: 15px;\n    display: flex;\n    margin: 15px auto;\n    border: 1px solid #00000014;\n    max-width: 800px;\n}\n\n.recomendadorV2Area1 img {\n    width: 280px;\n    height: auto;\n    border-radius: 8px;\n}\n\n.linkrecomendadorv2 {\n    text-decoration: none !important;\n}\n\n.recomendadorV2Area2 .recomendadorV2Type {\n    text-transform: uppercase;\n    font-weight: 500;\n    font-size: 11px;\n    letter-spacing: 2px;\n    color: #666;\n    margin: 12px 0;\n    display: block;\n}\n\n.recomendadorV2Title h2 {\n    padding-top: 0px !important;\n    margin: 0px !important;\n    border-left: none !important;\n    padding-left: 0px !important;\n    line-height: 1.3;\n    color: #000 !important;\n    font-size: 24px;\n    margin-bottom: 12px !important;\n}\n\n.recomendadorV2Desc {\n    color: #333;\n    margin: 12px 0px !important;\n    font-size: 15px;\n    line-height: 1.5;\n}\n\n.recomendadorV2Button {\n    width: auto;\n    max-width: 200px;\n    margin: 0;\n    display: inline-flex;\n    align-items: center;\n    background: #1D3557;\n    border-radius: 8px;\n    color: #fff;\n    height: 36px;\n    justify-content: center;\n    text-align: center;\n    font-size: 14px;\n    padding: 0 20px;\n    transition: background-color 0.2s ease;\n}\n\n.recomendadorV2Button:hover {\n    background: #2a4d7a;\n}\n\n.recomendadorV2Button:after {\n    margin-top: -2px;\n    content: \"\u2192\";\n    padding: 0px 0px 0px 8px;\n}\n\n.recomendadorV2Alert {\n    text-align: left;\n    font-size: 11px;\n    margin-top: 8px;\n    color: #666;\n}\n\n.recomendadorFixedArea {\n    width: 100%;\n    display: flex;\n    justify-content: center;\n    align-items: center;\n}\n\n@media (min-width: 992px) {\n    #recomendadorFixed {\n        width: 32% !important;\n        left: 5%;\n    }\n    .recomendadorCloseFixed{\n        right: inherit !important;\n        left: 378px !important;\n    }\n}\n\n#recomendadorFixed {\n    width: 90%;\n    box-shadow: 0 10px 20px 0px #00000057;\n    display: none;\n    height: 90px;\n    background: #F6F6F6;\n    position: fixed;\n    flex-direction: row;\n    bottom: 10px;\n    z-index: 9999;\n    border-radius: 16px;\n    padding: 7px 10px;\n}\n\n.recomendadorLeftArea {\n    width: 160px;\n}\n\n.recomendadorRightArea h2 {\n    padding-top: 0px;\n    margin: 2px 0px 4px 0px !important;\n    font-weight: 400;\n    text-align: center;\n    padding-left: 0px !important;\n    color: #000 !important;\n    border-left: none !important;\n    line-height: 20px;\n    font-size: 12px !important;\n}\n\n.recomendadorImgFixed {\n    overflow: hidden;\n    padding: 8px 6px;\n    height: 100%;\n}\n\n.recomendadorImgFixed img {\n    height: 100% !important;\n    border-radius: 16px;\n}\n\n.recomendadorRightArea {\n    padding-top: 6px;\n    display: flex;\n    width: calc(100% - 130px);\n    justify-content: space-between;\n    align-items: center;\n    flex-direction: column;\n}\n\n.recomendadorButtonFixed {\n    margin: 0 auto;\n    background: #1D3557;\n    width: 80%;\n    text-align: center;\n    font-size: 10px;\n    color: #FFF;\n    padding: 2px 10px;\n    border-radius: 3px;\n}\n\n.recomendadorButtonFixed:after {\n    margin-top: -3px;\n    content: \"\u2192\";\n    padding: 0px 0px 0px 10px;\n}\n\n.recomendadorAlertFixed {\n    font-weight: 400;\n    text-align: center;\n    color: #484848;\n    font-size: 8px;\n}\n\n.recomendadorCloseFixed {\n    z-index: 99999;\n    display: none;\n    right: 0px;\n    left: inherit;\n    bottom: 99px;\n    position: fixed;\n    justify-content: center;\n    background: #F6F6F6;\n    width: 25px;\n    align-items: center;\n    height: 25px;\n    font-weight: 800;\n    border-radius: 50%;\n    border: 1px solid #EBEBEB;\n}\n\n.recomendadorV2Desc{\n    color: #000000;\n    margin: 20px 0px;\n}\n\n@media (max-width: 576px) {\n    .recomendadorV2Area {\n      padding: 10px;\n      max-width: 100%;\n    }\n  \n    .recomendadorV2Area1 img {\n      width: 100%;\n      border-radius: 6px;\n    }\n  \n    .recomendadorV2Area2 .recomendadorV2Type {\n      font-size: 9px;\n      letter-spacing: 1px;\n      margin: 8px 0;\n    }\n  \n    .recomendadorV2Title h2 {\n      font-size: 18px !important;\n      margin-bottom: 8px !important;\n      line-height: 1.2;\n    }\n  \n    .recomendadorV2Desc {\n      font-size: 14px;\n      margin: 8px 0 !important;\n      line-height: 1.4;\n    }\n  \n    .recomendadorV2Button {\n      font-size: 12px;\n      height: 30px;\n      padding: 0 12px;\n      max-width: 160px;\n    }\n  \n    .recomendadorV2Button:after {\n      padding-left: 6px;\n    }\n  }\n  <\/style>\n        <div class=\"lazyblock-recomendador-v2-2jDGz wp-block-lazyblock-recomendador-v2\">\n        <a class=\"linkrecomendadorv2\" href=\"https:\/\/diariodepernambuco.com.br\/dpmais\/aviao-mais-caro-do-brasil-custa-r-200-milhoes-e-pertence-a-cantor-famoso\/?utm_source=lazy\" target=\"_blank\" rel=\"noopener\">\n            <div class=\"recomendadorV2Area\">\n            <div class=\"recomendadorV2Area1\">\n                <div class=\"recomendadorV2Img\">\n                <img class=\"lazyloaded\" decoding=\"async\" src=\"https:\/\/diariodepernambuco.com.br\/dpmais\/wp-content\/uploads\/2026\/01\/aviao-mais-caro-do-brasil-custa-200-milhoes-e-pertence-a-cantor-famoso-1140x570.jpg\" data-src=\"https:\/\/diariodepernambuco.com.br\/dpmais\/wp-content\/uploads\/2026\/01\/aviao-mais-caro-do-brasil-custa-200-milhoes-e-pertence-a-cantor-famoso-1140x570.jpg\" alt=\"\">\n                <\/div>\n            <\/div>\n            <div class=\"recomendadorV2Area2\">\n                <div class=\"recomendadorV2Type\">\n                    <span>Luxo a\u00e9reo<\/span>\n                <\/div>\n                <div class=\"recomendadorV2Title\">\n                <h2><span>Avi\u00e3o de R$200 milh\u00f5es \u2708\ufe0f<\/span><\/h2>\n                <\/div>\n                <div class=\"recomendadorV2Desc\">\n                <span>Descubra o cantor dono do jato mais caro<\/span>\n                <\/div>\n                <div class=\"recomendadorV2Button\">Ver quem \u00e9<\/div>\n                <div class=\"recomendadorV2Alert\"><\/div>\n            <\/div>\n            <\/div>\n        <\/a>\n        <div>\n            <div style=\"z-index:99999;\" id=\"buttonClose\" onclick=\"closeRecomendadorFixed()\">\n            <div class=\"recomendadorCloseFixed\">X<\/div>\n            <\/div>\n            <a href=\"https:\/\/diariodepernambuco.com.br\/dpmais\/aviao-mais-caro-do-brasil-custa-r-200-milhoes-e-pertence-a-cantor-famoso\/?utm_source=lazy\" target=\"_blank\" rel=\"noopener\">\n            <div class=\"recomendadorFixedArea\">\n                <div id=\"recomendadorFixed\">\n                <div class=\"recomendadorLeftArea\">\n                    <div class=\"recomendadorImgFixed\">\n                    <img class=\"lazyload\" decoding=\"async\" src=\"https:\/\/diariodepernambuco.com.br\/dpmais\/wp-content\/uploads\/2026\/01\/aviao-mais-caro-do-brasil-custa-200-milhoes-e-pertence-a-cantor-famoso-1140x570.jpg\" alt=\"\">\n                    <\/div>\n                <\/div>\n                <div class=\"recomendadorRightArea\">\n                    <div class=\"recomendadorTitleFixed\">\n                    <h2><span>Avi\u00e3o de R$200 milh\u00f5es \u2708\ufe0f<\/span><\/h2>\n                    <\/div>\n                    <div class=\"recomendadorButtonFixed\">Ver quem \u00e9<\/div>\n                    <div class=\"recomendadorAlertFixed\"><\/div>\n                <\/div>\n                <\/div>\n            <\/div>\n            <\/a>\n        <\/div>\n        <\/div>\n\n\n\n<p>Fiel ao estilo de vida vegano e \u00e0 defesa da causa ambiental, Xuxa fez quest\u00e3o de que a nova casa seguisse esses princ\u00edpios. Um dos maiores desafios foi a escolha do sof\u00e1 da sala: ela buscava um m\u00f3vel confort\u00e1vel e sofisticado, mas sem o uso de couro ou penas de ganso. A solu\u00e7\u00e3o foi encomendar um sof\u00e1 produzido com tecidos especiais, que aliam luxo e respeito aos animais.<\/p>\n\n\n\n<p>Quem visita a apresentadora tamb\u00e9m costuma se surpreender com a liberdade dos p\u00e1ssaros de estima\u00e7\u00e3o, que vivem soltos pela casa. Eles circulam pela sala, pousam na jabuticabeira e interagem com os visitantes. Para o descanso noturno, no entanto, os animais contam com um espa\u00e7o exclusivo: um viveiro climatizado e seguro, constru\u00eddo na garagem especialmente para eles.<\/p>\n\n\n\n<p><\/p>\n","protected":false},"excerpt":{"rendered":"<p>Depois de anos vivendo em uma mans\u00e3o de alto padr\u00e3o, a rainha dos baixinhos optou por mudar de endere\u00e7o, sem abrir m\u00e3o do conforto. Em 2021, Xuxa Meneghel deixou sua antiga resid\u00eancia para morar em uma casa nova, menor em tamanho, mas equipada com tecnologias modernas e diferentes tipos de luxo. A decis\u00e3o tamb\u00e9m envolveu [&hellip;]<\/p>\n","protected":false},"author":4,"featured_media":14103,"comment_status":"open","ping_status":"open","sticky":false,"template":"","format":"standard","meta":{"jnews-multi-image_gallery":[],"jnews_single_post":{"format":"standard"},"jnews_primary_category":[],"jnews_social_meta":[],"jnews_post_split":[],"footnotes":""},"categories":[1],"tags":[],"class_list":["post-14100","post","type-post","status-publish","format-standard","has-post-thumbnail","hentry","category-uncategorized"],"_links":{"self":[{"href":"https:\/\/diariodepernambuco.audiencelabs.com.br\/wp-json\/wp\/v2\/posts\/14100","targetHints":{"allow":["GET"]}}],"collection":[{"href":"https:\/\/diariodepernambuco.audiencelabs.com.br\/wp-json\/wp\/v2\/posts"}],"about":[{"href":"https:\/\/diariodepernambuco.audiencelabs.com.br\/wp-json\/wp\/v2\/types\/post"}],"author":[{"embeddable":true,"href":"https:\/\/diariodepernambuco.audiencelabs.com.br\/wp-json\/wp\/v2\/users\/4"}],"replies":[{"embeddable":true,"href":"https:\/\/diariodepernambuco.audiencelabs.com.br\/wp-json\/wp\/v2\/comments?post=14100"}],"version-history":[{"count":3,"href":"https:\/\/diariodepernambuco.audiencelabs.com.br\/wp-json\/wp\/v2\/posts\/14100\/revisions"}],"predecessor-version":[{"id":14344,"href":"https:\/\/diariodepernambuco.audiencelabs.com.br\/wp-json\/wp\/v2\/posts\/14100\/revisions\/14344"}],"wp:featuredmedia":[{"embeddable":true,"href":"https:\/\/diariodepernambuco.audiencelabs.com.br\/wp-json\/wp\/v2\/media\/14103"}],"wp:attachment":[{"href":"https:\/\/diariodepernambuco.audiencelabs.com.br\/wp-json\/wp\/v2\/media?parent=14100"}],"wp:term":[{"taxonomy":"category","embeddable":true,"href":"https:\/\/diariodepernambuco.audiencelabs.com.br\/wp-json\/wp\/v2\/categories?post=14100"},{"taxonomy":"post_tag","embeddable":true,"href":"https:\/\/diariodepernambuco.audiencelabs.com.br\/wp-json\/wp\/v2\/tags?post=14100"}],"curies":[{"name":"wp","href":"https:\/\/api.w.org\/{rel}","templated":true}]}}