{"id":14105,"date":"2026-01-20T16:30:00","date_gmt":"2026-01-20T19:30:00","guid":{"rendered":"https:\/\/diariodepernambuco.audiencelabs.com.br\/?p=14105"},"modified":"2026-01-19T10:54:24","modified_gmt":"2026-01-19T13:54:24","slug":"o-que-acontece-se-voce-estacionar-o-carro-na-frente-da-garagem","status":"publish","type":"post","link":"https:\/\/diariodepernambuco.audiencelabs.com.br\/o-que-acontece-se-voce-estacionar-o-carro-na-frente-da-garagem\/","title":{"rendered":"O que acontece se voc\u00ea estacionar o carro na frente da garagem?"},"content":{"rendered":"\n<p>Estacionar em frente \u00e0 pr\u00f3pria garagem \u00e9 um costume comum em bairros residenciais, mas o espa\u00e7o \u00e0 frente do port\u00e3o pertence \u00e0 via p\u00fablica e n\u00e3o \u00e0 propriedade privada, devendo obedecer \u00e0s mesmas regras aplic\u00e1veis a qualquer motorista, conforme estabelece o C\u00f3digo de Tr\u00e2nsito Brasileiro (CTB).<\/p>\n\n\n\n<p>Segundo o CTB, \u00e9 considerado irregular parar ou estacionar diante de acessos a im\u00f3veis, entradas de edifica\u00e7\u00f5es ou passagens de ve\u00edculos quando houver obstru\u00e7\u00e3o de manobras ou bloqueio do port\u00e3o. A lei n\u00e3o faz distin\u00e7\u00e3o entre ve\u00edculos de moradores ou de terceiros: o crit\u00e9rio central \u00e9 o impacto na circula\u00e7\u00e3o, na seguran\u00e7a e no acesso de todos os usu\u00e1rios da via p\u00fablica.<\/p>\n\n\n\n<p>Durante a fiscaliza\u00e7\u00e3o, os agentes levam em conta aspectos como a largura da rua, curvas, fluxo de ve\u00edculos e pedestres, al\u00e9m de placas e sinaliza\u00e7\u00e3o no meio-fio. Em vias estreitas ou com grande movimento, estacionar em frente a uma garagem pode dificultar a passagem de ambul\u00e2ncias, caminh\u00f5es de lixo ou \u00f4nibus, aumentando o risco de autua\u00e7\u00e3o.<\/p>\n\n\n\n<p>O C\u00f3digo de Tr\u00e2nsito Brasileiro diferencia claramente o que est\u00e1 dentro do im\u00f3vel do que ocupa o alinhamento da via p\u00fablica. Um ve\u00edculo estacionado no interior da garagem ou em um recuo interno n\u00e3o interfere na circula\u00e7\u00e3o e \u00e9 de responsabilidade do propriet\u00e1rio. J\u00e1 o carro parado na rua, mesmo que encostado ao port\u00e3o, est\u00e1 integralmente sujeito \u00e0s normas gerais de parada e estacionamento.<\/p>\n\n\n\n<h2 class=\"wp-block-heading\">Multas, riscos e alternativas para n\u00e3o bloquear a garagem<\/h2>\n\n\n\n<p>Estacionar em frente \u00e0 garagem pode gerar autua\u00e7\u00f5es e pontos na carteira de motorista, j\u00e1 que o CTB considera a obstru\u00e7\u00e3o do acesso irregular, independentemente de o ve\u00edculo ser do morador. Al\u00e9m da penalidade, a pr\u00e1tica aumenta o risco de acidentes, atrapalha a passagem de servi\u00e7os essenciais como ambul\u00e2ncias e coleta de lixo, e pode gerar conflitos com vizinhos.<\/p>\n\n\n\n<p>Para evitar problemas, \u00e9 recomendado que o motorista utilize vagas na pr\u00f3pria rua que n\u00e3o bloqueiem acessos ou recuos internos da resid\u00eancia, ou ainda considere estacionamentos pr\u00f3ximos quando dispon\u00edveis. Pequenas mudan\u00e7as de h\u00e1bito garantem a seguran\u00e7a, o respeito \u00e0s normas de tr\u00e2nsito e a boa conviv\u00eancia na vizinhan\u00e7a.<\/p>\n\n\n\n<p><\/p>\n","protected":false},"excerpt":{"rendered":"<p>Estacionar em frente \u00e0 pr\u00f3pria garagem \u00e9 um costume comum em bairros residenciais, mas o espa\u00e7o \u00e0 frente do port\u00e3o pertence \u00e0 via p\u00fablica e n\u00e3o \u00e0 propriedade privada, devendo obedecer \u00e0s mesmas regras aplic\u00e1veis a qualquer motorista, conforme estabelece o C\u00f3digo de Tr\u00e2nsito Brasileiro (CTB). Segundo o CTB, \u00e9 considerado irregular parar ou estacionar [&hellip;]<\/p>\n","protected":false},"author":4,"featured_media":14108,"comment_status":"open","ping_status":"open","sticky":false,"template":"","format":"standard","meta":{"jnews-multi-image_gallery":[],"jnews_single_post":{"format":"standard"},"jnews_primary_category":[],"jnews_social_meta":[],"jnews_post_split":[],"footnotes":""},"categories":[1],"tags":[],"class_list":["post-14105","post","type-post","status-publish","format-standard","has-post-thumbnail","hentry","category-uncategorized"],"_links":{"self":[{"href":"https:\/\/diariodepernambuco.audiencelabs.com.br\/wp-json\/wp\/v2\/posts\/14105","targetHints":{"allow":["GET"]}}],"collection":[{"href":"https:\/\/diariodepernambuco.audiencelabs.com.br\/wp-json\/wp\/v2\/posts"}],"about":[{"href":"https:\/\/diariodepernambuco.audiencelabs.com.br\/wp-json\/wp\/v2\/types\/post"}],"author":[{"embeddable":true,"href":"https:\/\/diariodepernambuco.audiencelabs.com.br\/wp-json\/wp\/v2\/users\/4"}],"replies":[{"embeddable":true,"href":"https:\/\/diariodepernambuco.audiencelabs.com.br\/wp-json\/wp\/v2\/comments?post=14105"}],"version-history":[{"count":2,"href":"https:\/\/diariodepernambuco.audiencelabs.com.br\/wp-json\/wp\/v2\/posts\/14105\/revisions"}],"predecessor-version":[{"id":14110,"href":"https:\/\/diariodepernambuco.audiencelabs.com.br\/wp-json\/wp\/v2\/posts\/14105\/revisions\/14110"}],"wp:featuredmedia":[{"embeddable":true,"href":"https:\/\/diariodepernambuco.audiencelabs.com.br\/wp-json\/wp\/v2\/media\/14108"}],"wp:attachment":[{"href":"https:\/\/diariodepernambuco.audiencelabs.com.br\/wp-json\/wp\/v2\/media?parent=14105"}],"wp:term":[{"taxonomy":"category","embeddable":true,"href":"https:\/\/diariodepernambuco.audiencelabs.com.br\/wp-json\/wp\/v2\/categories?post=14105"},{"taxonomy":"post_tag","embeddable":true,"href":"https:\/\/diariodepernambuco.audiencelabs.com.br\/wp-json\/wp\/v2\/tags?post=14105"}],"curies":[{"name":"wp","href":"https:\/\/api.w.org\/{rel}","templated":true}]}}