{"id":14112,"date":"2026-01-20T17:30:00","date_gmt":"2026-01-20T20:30:00","guid":{"rendered":"https:\/\/diariodepernambuco.audiencelabs.com.br\/?p=14112"},"modified":"2026-01-20T19:10:13","modified_gmt":"2026-01-20T22:10:13","slug":"cidade-mais-cara-para-se-viver-no-brasil-vai-construir-barreira-de-luxo-na-praia","status":"publish","type":"post","link":"https:\/\/diariodepernambuco.audiencelabs.com.br\/cidade-mais-cara-para-se-viver-no-brasil-vai-construir-barreira-de-luxo-na-praia\/","title":{"rendered":"Cidade mais cara para se viver no Brasil vai construir barreira de luxo na praia"},"content":{"rendered":"\n<p>Um muro subterr\u00e2neo de aproximadamente 6 quil\u00f4metros come\u00e7ou a ser erguido na Praia Central de Balne\u00e1rio Cambori\u00fa, no Litoral Norte de Santa Catarina, com o objetivo de proteger a orla durante a mar\u00e9 alta. De acordo com a prefeitura, a estrutura de concreto armado ter\u00e1 mais de dois metros de profundidade e atuar\u00e1 como conten\u00e7\u00e3o e barreira contra a eros\u00e3o costeira.<\/p>\n\n\n\n<p>A constru\u00e7\u00e3o faz parte do projeto de reurbaniza\u00e7\u00e3o da orla da cidade, or\u00e7ado em mais de R$ 31 milh\u00f5es. A regi\u00e3o \u00e9 atravessada pela Avenida Atl\u00e2ntica, que abriga alguns dos arranha-c\u00e9us mais altos e luxuosos de Balne\u00e1rio Cambori\u00fa, al\u00e9m de concentrar os im\u00f3veis com o metro quadrado mais caro do Brasil, conforme o \u00edndice FipeZap.<\/p>\n\n\n\n<p>Ap\u00f3s a conclus\u00e3o de uma grande obra de alargamento da faixa de areia em 2021, que ampliou a Praia Central para at\u00e9 70 metros, come\u00e7aram a surgir po\u00e7as de \u00e1gua semelhantes a pequenas piscinas naturais durante a mar\u00e9 alta. Segundo a prefeitura, o muro subterr\u00e2neo, constru\u00eddo em concreto armado sobre uma base de pedras, ter\u00e1 a fun\u00e7\u00e3o de proteger a orla e impedir a forma\u00e7\u00e3o desses ac\u00famulos de \u00e1gua.<\/p>\n\n\n\n<p>Para a realiza\u00e7\u00e3o da obra, a Prefeitura de Balne\u00e1rio Cambori\u00fa obteve a licen\u00e7a ambiental junto ao Instituto do Meio Ambiente de Santa Catarina (IMA) e a autoriza\u00e7\u00e3o da Secretaria do Patrim\u00f4nio da Uni\u00e3o (SPU). O per\u00edodo estimado para a conclus\u00e3o dos trabalhos \u00e9 de 20 meses.<\/p>\n\n\n\n<h2 class=\"wp-block-heading\">As cidades com os im\u00f3veis com o metro quadrado mais caro do Brasil<\/h2>\n\n\n<style>@media (min-width: 992px) {\n    .recomendadorV2Area1 {\n        width: 280px;\n    }\n    .recomendadorV2Area2 {\n        padding: 0px 20px;\n        width: calc(100% - 280px);\n    }\n}\n\n@media (max-width: 992px) {\n    .recomendadorV2Button {\n        margin: 0 auto;\n    }\n    .recomendadorV2Area {\n        flex-direction: column;\n        text-align: center;\n    }\n    .recomendadorV2Area2 {\n        padding: 0px 20px;\n    }\n}\n\n.recomendadorV2Area {\n    background: #eeeeee3d;\n    border-radius: 10px;\n    padding: 15px;\n    display: flex;\n    margin: 15px auto;\n    border: 1px solid #00000014;\n    max-width: 800px;\n}\n\n.recomendadorV2Area1 img {\n    width: 280px;\n    height: auto;\n    border-radius: 8px;\n}\n\n.linkrecomendadorv2 {\n    text-decoration: none !important;\n}\n\n.recomendadorV2Area2 .recomendadorV2Type {\n    text-transform: uppercase;\n    font-weight: 500;\n    font-size: 11px;\n    letter-spacing: 2px;\n    color: #666;\n    margin: 12px 0;\n    display: block;\n}\n\n.recomendadorV2Title h2 {\n    padding-top: 0px !important;\n    margin: 0px !important;\n    border-left: none !important;\n    padding-left: 0px !important;\n    line-height: 1.3;\n    color: #000 !important;\n    font-size: 24px;\n    margin-bottom: 12px !important;\n}\n\n.recomendadorV2Desc {\n    color: #333;\n    margin: 12px 0px !important;\n    font-size: 15px;\n    line-height: 1.5;\n}\n\n.recomendadorV2Button {\n    width: auto;\n    max-width: 200px;\n    margin: 0;\n    display: inline-flex;\n    align-items: center;\n    background: #1D3557;\n    border-radius: 8px;\n    color: #fff;\n    height: 36px;\n    justify-content: center;\n    text-align: center;\n    font-size: 14px;\n    padding: 0 20px;\n    transition: background-color 0.2s ease;\n}\n\n.recomendadorV2Button:hover {\n    background: #2a4d7a;\n}\n\n.recomendadorV2Button:after {\n    margin-top: -2px;\n    content: \"\u2192\";\n    padding: 0px 0px 0px 8px;\n}\n\n.recomendadorV2Alert {\n    text-align: left;\n    font-size: 11px;\n    margin-top: 8px;\n    color: #666;\n}\n\n.recomendadorFixedArea {\n    width: 100%;\n    display: flex;\n    justify-content: center;\n    align-items: center;\n}\n\n@media (min-width: 992px) {\n    #recomendadorFixed {\n        width: 32% !important;\n        left: 5%;\n    }\n    .recomendadorCloseFixed{\n        right: inherit !important;\n        left: 378px !important;\n    }\n}\n\n#recomendadorFixed {\n    width: 90%;\n    box-shadow: 0 10px 20px 0px #00000057;\n    display: none;\n    height: 90px;\n    background: #F6F6F6;\n    position: fixed;\n    flex-direction: row;\n    bottom: 10px;\n    z-index: 9999;\n    border-radius: 16px;\n    padding: 7px 10px;\n}\n\n.recomendadorLeftArea {\n    width: 160px;\n}\n\n.recomendadorRightArea h2 {\n    padding-top: 0px;\n    margin: 2px 0px 4px 0px !important;\n    font-weight: 400;\n    text-align: center;\n    padding-left: 0px !important;\n    color: #000 !important;\n    border-left: none !important;\n    line-height: 20px;\n    font-size: 12px !important;\n}\n\n.recomendadorImgFixed {\n    overflow: hidden;\n    padding: 8px 6px;\n    height: 100%;\n}\n\n.recomendadorImgFixed img {\n    height: 100% !important;\n    border-radius: 16px;\n}\n\n.recomendadorRightArea {\n    padding-top: 6px;\n    display: flex;\n    width: calc(100% - 130px);\n    justify-content: space-between;\n    align-items: center;\n    flex-direction: column;\n}\n\n.recomendadorButtonFixed {\n    margin: 0 auto;\n    background: #1D3557;\n    width: 80%;\n    text-align: center;\n    font-size: 10px;\n    color: #FFF;\n    padding: 2px 10px;\n    border-radius: 3px;\n}\n\n.recomendadorButtonFixed:after {\n    margin-top: -3px;\n    content: \"\u2192\";\n    padding: 0px 0px 0px 10px;\n}\n\n.recomendadorAlertFixed {\n    font-weight: 400;\n    text-align: center;\n    color: #484848;\n    font-size: 8px;\n}\n\n.recomendadorCloseFixed {\n    z-index: 99999;\n    display: none;\n    right: 0px;\n    left: inherit;\n    bottom: 99px;\n    position: fixed;\n    justify-content: center;\n    background: #F6F6F6;\n    width: 25px;\n    align-items: center;\n    height: 25px;\n    font-weight: 800;\n    border-radius: 50%;\n    border: 1px solid #EBEBEB;\n}\n\n.recomendadorV2Desc{\n    color: #000000;\n    margin: 20px 0px;\n}\n\n@media (max-width: 576px) {\n    .recomendadorV2Area {\n      padding: 10px;\n      max-width: 100%;\n    }\n  \n    .recomendadorV2Area1 img {\n      width: 100%;\n      border-radius: 6px;\n    }\n  \n    .recomendadorV2Area2 .recomendadorV2Type {\n      font-size: 9px;\n      letter-spacing: 1px;\n      margin: 8px 0;\n    }\n  \n    .recomendadorV2Title h2 {\n      font-size: 18px !important;\n      margin-bottom: 8px !important;\n      line-height: 1.2;\n    }\n  \n    .recomendadorV2Desc {\n      font-size: 14px;\n      margin: 8px 0 !important;\n      line-height: 1.4;\n    }\n  \n    .recomendadorV2Button {\n      font-size: 12px;\n      height: 30px;\n      padding: 0 12px;\n      max-width: 160px;\n    }\n  \n    .recomendadorV2Button:after {\n      padding-left: 6px;\n    }\n  }\n  <\/style>\n        <div class=\"lazyblock-recomendador-v2-2jDGz wp-block-lazyblock-recomendador-v2\">\n        <a class=\"linkrecomendadorv2\" href=\"https:\/\/diariodepernambuco.com.br\/dpmais\/cidade-pouco-conhecida-no-brasil-tem-cavalos-revirando-lixeiras-e-vacas-desfilando-nas-ruas\/?utm_source=lazy\" target=\"_blank\" rel=\"noopener\">\n            <div class=\"recomendadorV2Area\">\n            <div class=\"recomendadorV2Area1\">\n                <div class=\"recomendadorV2Img\">\n                <img class=\"lazyloaded\" decoding=\"async\" src=\"https:\/\/diariodepernambuco.com.br\/dpmais\/wp-content\/uploads\/2026\/01\/cows-1029077_640-640x375.jpg\" data-src=\"https:\/\/diariodepernambuco.com.br\/dpmais\/wp-content\/uploads\/2026\/01\/cows-1029077_640-640x375.jpg\" alt=\"\">\n                <\/div>\n            <\/div>\n            <div class=\"recomendadorV2Area2\">\n                <div class=\"recomendadorV2Type\">\n                    <span>Cidade curiosa<\/span>\n                <\/div>\n                <div class=\"recomendadorV2Title\">\n                <h2><span>Vacas e cavalos nas ruas \ud83d\udc04<\/span><\/h2>\n                <\/div>\n                <div class=\"recomendadorV2Desc\">\n                <span>Veja a cidade onde animais tomam conta<\/span>\n                <\/div>\n                <div class=\"recomendadorV2Button\">Conhecer hist\u00f3ria<\/div>\n                <div class=\"recomendadorV2Alert\"><\/div>\n            <\/div>\n            <\/div>\n        <\/a>\n        <div>\n            <div style=\"z-index:99999;\" id=\"buttonClose\" onclick=\"closeRecomendadorFixed()\">\n            <div class=\"recomendadorCloseFixed\">X<\/div>\n            <\/div>\n            <a href=\"https:\/\/diariodepernambuco.com.br\/dpmais\/cidade-pouco-conhecida-no-brasil-tem-cavalos-revirando-lixeiras-e-vacas-desfilando-nas-ruas\/?utm_source=lazy\" target=\"_blank\" rel=\"noopener\">\n            <div class=\"recomendadorFixedArea\">\n                <div id=\"recomendadorFixed\">\n                <div class=\"recomendadorLeftArea\">\n                    <div class=\"recomendadorImgFixed\">\n                    <img class=\"lazyload\" decoding=\"async\" src=\"https:\/\/diariodepernambuco.com.br\/dpmais\/wp-content\/uploads\/2026\/01\/cows-1029077_640-640x375.jpg\" alt=\"\">\n                    <\/div>\n                <\/div>\n                <div class=\"recomendadorRightArea\">\n                    <div class=\"recomendadorTitleFixed\">\n                    <h2><span>Vacas e cavalos nas ruas \ud83d\udc04<\/span><\/h2>\n                    <\/div>\n                    <div class=\"recomendadorButtonFixed\">Conhecer hist\u00f3ria<\/div>\n                    <div class=\"recomendadorAlertFixed\"><\/div>\n                <\/div>\n                <\/div>\n            <\/div>\n            <\/a>\n        <\/div>\n        <\/div>\n\n\n\n<ol class=\"wp-block-list\">\n<li>Balne\u00e1rio Cambori\u00fa (SC) \u2013 cerca de R$\u202f14.906\/m\u00b2, ocupando a primeira posi\u00e7\u00e3o no pa\u00eds.<\/li>\n\n\n\n<li>Itapema (SC) \u2013 aproximadamente R$\u202f14.843\/m\u00b2, muito pr\u00f3xima de Balne\u00e1rio Cambori\u00fa.<\/li>\n\n\n\n<li>Vit\u00f3ria (ES) \u2013 em torno de R$\u202f14.108\/m\u00b2, liderando entre as capitais.<\/li>\n\n\n\n<li>Itaja\u00ed (SC) \u2013 cerca de R$\u202f12.848\/m\u00b2.<\/li>\n\n\n\n<li>Florian\u00f3polis (SC) \u2013 cerca de R$\u202f12.773\/m\u00b2.<\/li>\n\n\n\n<li>S\u00e3o Paulo (SP) \u2013 cerca de R$\u202f11.900\/m\u00b2.<\/li>\n\n\n\n<li>Barueri (SP) \u2013 cerca de R$\u202f11.696\/m\u00b2.<\/li>\n\n\n\n<li>Curitiba (PR) \u2013 cerca de R$\u202f11.686\/m\u00b2.<\/li>\n\n\n\n<li>Rio de Janeiro (RJ) \u2013 cerca de R$\u202f10.830\/m\u00b2.<\/li>\n\n\n\n<li>Belo Horizonte (MG) \u2013 cerca de R$\u202f10.642\/m\u00b2.<\/li>\n<\/ol>\n","protected":false},"excerpt":{"rendered":"<p>Um muro subterr\u00e2neo de aproximadamente 6 quil\u00f4metros come\u00e7ou a ser erguido na Praia Central de Balne\u00e1rio Cambori\u00fa, no Litoral Norte de Santa Catarina, com o objetivo de proteger a orla durante a mar\u00e9 alta. De acordo com a prefeitura, a estrutura de concreto armado ter\u00e1 mais de dois metros de profundidade e atuar\u00e1 como conten\u00e7\u00e3o [&hellip;]<\/p>\n","protected":false},"author":4,"featured_media":14115,"comment_status":"open","ping_status":"open","sticky":false,"template":"","format":"standard","meta":{"jnews-multi-image_gallery":[],"jnews_single_post":{"format":"standard"},"jnews_primary_category":[],"jnews_social_meta":[],"jnews_post_split":[],"footnotes":""},"categories":[1],"tags":[],"class_list":["post-14112","post","type-post","status-publish","format-standard","has-post-thumbnail","hentry","category-uncategorized"],"_links":{"self":[{"href":"https:\/\/diariodepernambuco.audiencelabs.com.br\/wp-json\/wp\/v2\/posts\/14112","targetHints":{"allow":["GET"]}}],"collection":[{"href":"https:\/\/diariodepernambuco.audiencelabs.com.br\/wp-json\/wp\/v2\/posts"}],"about":[{"href":"https:\/\/diariodepernambuco.audiencelabs.com.br\/wp-json\/wp\/v2\/types\/post"}],"author":[{"embeddable":true,"href":"https:\/\/diariodepernambuco.audiencelabs.com.br\/wp-json\/wp\/v2\/users\/4"}],"replies":[{"embeddable":true,"href":"https:\/\/diariodepernambuco.audiencelabs.com.br\/wp-json\/wp\/v2\/comments?post=14112"}],"version-history":[{"count":2,"href":"https:\/\/diariodepernambuco.audiencelabs.com.br\/wp-json\/wp\/v2\/posts\/14112\/revisions"}],"predecessor-version":[{"id":14398,"href":"https:\/\/diariodepernambuco.audiencelabs.com.br\/wp-json\/wp\/v2\/posts\/14112\/revisions\/14398"}],"wp:featuredmedia":[{"embeddable":true,"href":"https:\/\/diariodepernambuco.audiencelabs.com.br\/wp-json\/wp\/v2\/media\/14115"}],"wp:attachment":[{"href":"https:\/\/diariodepernambuco.audiencelabs.com.br\/wp-json\/wp\/v2\/media?parent=14112"}],"wp:term":[{"taxonomy":"category","embeddable":true,"href":"https:\/\/diariodepernambuco.audiencelabs.com.br\/wp-json\/wp\/v2\/categories?post=14112"},{"taxonomy":"post_tag","embeddable":true,"href":"https:\/\/diariodepernambuco.audiencelabs.com.br\/wp-json\/wp\/v2\/tags?post=14112"}],"curies":[{"name":"wp","href":"https:\/\/api.w.org\/{rel}","templated":true}]}}