{"id":14119,"date":"2026-01-19T12:25:42","date_gmt":"2026-01-19T15:25:42","guid":{"rendered":"https:\/\/diariodepernambuco.audiencelabs.com.br\/?p=14119"},"modified":"2026-01-19T13:06:00","modified_gmt":"2026-01-19T16:06:00","slug":"velocidade-maxima-nas-estradas-foi-alterada-e-voce-precisa-ficar-atento-neste-verao","status":"publish","type":"post","link":"https:\/\/diariodepernambuco.audiencelabs.com.br\/velocidade-maxima-nas-estradas-foi-alterada-e-voce-precisa-ficar-atento-neste-verao\/","title":{"rendered":"Velocidade m\u00e1xima nas estradas foi alterada e voc\u00ea precisa ficar atento neste ver\u00e3o"},"content":{"rendered":"\n<p>Desde meados do ano passado, quem trafega pela liga\u00e7\u00e3o rodovi\u00e1ria entre a capital mineira e Juiz de Fora precisa redobrar a aten\u00e7\u00e3o ao veloc\u00edmetro. A BR-040 passou por uma reestrutura\u00e7\u00e3o nos limites permitidos, que agora oscilam entre 40 e 100 quil\u00f4metros por hora. Essa altera\u00e7\u00e3o, implementada pela administradora da via, busca organizar o fluxo de ve\u00edculos e reduzir a gravidade das ocorr\u00eancias em uma das rotas mais movimentadas de Minas Gerais.<\/p>\n\n\n\n<h2 class=\"wp-block-heading\">Novas diretrizes para uma viagem mais segura<\/h2>\n\n\n\n<p>A defini\u00e7\u00e3o das novas marcas de velocidade n\u00e3o foi aleat\u00f3ria. Estudos t\u00e9cnicos realizados em conjunto com a Pol\u00edcia Rodovi\u00e1ria Federal analisaram a topografia da regi\u00e3o, o hist\u00f3rico de acidentes e a densidade do tr\u00e1fego. O resultado \u00e9 um sistema de limites adapt\u00e1veis: em per\u00edmetros urbanos ou curvas muito fechadas, o condutor deve reduzir drasticamente o ritmo. J\u00e1 em retas com melhor pavimenta\u00e7\u00e3o e pouca interfer\u00eancia, o limite \u00e9 mais flex\u00edvel. O foco principal \u00e9 mitigar a diferen\u00e7a brusca de velocidade entre carretas e carros de passeio, tornando o deslocamento mais previs\u00edvel para todos.<\/p>\n\n\n\n<h2 class=\"wp-block-heading\">Tecnologia e manuten\u00e7\u00e3o em foco<\/h2>\n\n\n\n<p>Al\u00e9m da instala\u00e7\u00e3o de novas placas, a rodovia recebeu refor\u00e7o na sinaliza\u00e7\u00e3o de solo e pain\u00e9is digitais que alertam sobre a presen\u00e7a de fiscaliza\u00e7\u00e3o eletr\u00f4nica e trechos em manuten\u00e7\u00e3o. \u00c9 importante destacar que, embora os radares registrem o excesso de velocidade, a aplica\u00e7\u00e3o das san\u00e7\u00f5es segue sob a compet\u00eancia exclusiva das autoridades de tr\u00e2nsito. Paralelamente, interven\u00e7\u00f5es estruturais j\u00e1 s\u00e3o vis\u00edveis para quem utiliza o trecho, como a recupera\u00e7\u00e3o do asfalto em pontos de alto desgaste, melhorias nos sistemas de drenagem para evitar o ac\u00famulo de \u00e1gua e o fortalecimento de viadutos e pontes.<\/p>\n\n\n\n<h2 class=\"wp-block-heading\">O horizonte da duplica\u00e7\u00e3o total at\u00e9 2032<\/h2>\n\n\n\n<p>O planejamento para a BR-040 projeta saltos maiores de qualidade para o futuro pr\u00f3ximo. A partir de 2026, devem ter in\u00edcio as obras de duplica\u00e7\u00e3o, com as frentes de trabalho come\u00e7ando pelo entorno de Congonhas. A expectativa \u00e9 que todo o processo de expans\u00e3o seja conclu\u00eddo em 2032, separando fisicamente os fluxos de ida e volta e eliminando o perigo das ultrapassagens arriscadas. At\u00e9 que as obras avancem, a recomenda\u00e7\u00e3o para o motorista \u00e9 de prud\u00eancia absoluta, respeitando rigorosamente a sinaliza\u00e7\u00e3o e ajustando a condu\u00e7\u00e3o \u00e0s condi\u00e7\u00f5es clim\u00e1ticas, especialmente durante os temporais t\u00edpicos da regi\u00e3o.<\/p>\n","protected":false},"excerpt":{"rendered":"<p>Desde meados do ano passado, quem trafega pela liga\u00e7\u00e3o rodovi\u00e1ria entre a capital mineira e Juiz de Fora precisa redobrar a aten\u00e7\u00e3o ao veloc\u00edmetro. A BR-040 passou por uma reestrutura\u00e7\u00e3o nos limites permitidos, que agora oscilam entre 40 e 100 quil\u00f4metros por hora. Essa altera\u00e7\u00e3o, implementada pela administradora da via, busca organizar o fluxo de [&hellip;]<\/p>\n","protected":false},"author":7,"featured_media":2687,"comment_status":"open","ping_status":"open","sticky":false,"template":"","format":"standard","meta":{"jnews-multi-image_gallery":[],"jnews_single_post":{"format":"standard"},"jnews_primary_category":[],"jnews_social_meta":[],"jnews_post_split":[],"footnotes":""},"categories":[1],"tags":[],"class_list":["post-14119","post","type-post","status-publish","format-standard","has-post-thumbnail","hentry","category-uncategorized"],"_links":{"self":[{"href":"https:\/\/diariodepernambuco.audiencelabs.com.br\/wp-json\/wp\/v2\/posts\/14119","targetHints":{"allow":["GET"]}}],"collection":[{"href":"https:\/\/diariodepernambuco.audiencelabs.com.br\/wp-json\/wp\/v2\/posts"}],"about":[{"href":"https:\/\/diariodepernambuco.audiencelabs.com.br\/wp-json\/wp\/v2\/types\/post"}],"author":[{"embeddable":true,"href":"https:\/\/diariodepernambuco.audiencelabs.com.br\/wp-json\/wp\/v2\/users\/7"}],"replies":[{"embeddable":true,"href":"https:\/\/diariodepernambuco.audiencelabs.com.br\/wp-json\/wp\/v2\/comments?post=14119"}],"version-history":[{"count":1,"href":"https:\/\/diariodepernambuco.audiencelabs.com.br\/wp-json\/wp\/v2\/posts\/14119\/revisions"}],"predecessor-version":[{"id":14122,"href":"https:\/\/diariodepernambuco.audiencelabs.com.br\/wp-json\/wp\/v2\/posts\/14119\/revisions\/14122"}],"wp:featuredmedia":[{"embeddable":true,"href":"https:\/\/diariodepernambuco.audiencelabs.com.br\/wp-json\/wp\/v2\/media\/2687"}],"wp:attachment":[{"href":"https:\/\/diariodepernambuco.audiencelabs.com.br\/wp-json\/wp\/v2\/media?parent=14119"}],"wp:term":[{"taxonomy":"category","embeddable":true,"href":"https:\/\/diariodepernambuco.audiencelabs.com.br\/wp-json\/wp\/v2\/categories?post=14119"},{"taxonomy":"post_tag","embeddable":true,"href":"https:\/\/diariodepernambuco.audiencelabs.com.br\/wp-json\/wp\/v2\/tags?post=14119"}],"curies":[{"name":"wp","href":"https:\/\/api.w.org\/{rel}","templated":true}]}}