{"id":14131,"date":"2026-01-20T19:00:00","date_gmt":"2026-01-20T22:00:00","guid":{"rendered":"https:\/\/diariodepernambuco.audiencelabs.com.br\/?p=14131"},"modified":"2026-01-19T13:03:30","modified_gmt":"2026-01-19T16:03:30","slug":"enem-2025-quantas-pessoas-tiraram-a-nota-1-000","status":"publish","type":"post","link":"https:\/\/diariodepernambuco.audiencelabs.com.br\/enem-2025-quantas-pessoas-tiraram-a-nota-1-000\/","title":{"rendered":"Enem 2025: quantas pessoas tiraram a nota 1.000 na reda\u00e7\u00e3o?"},"content":{"rendered":"\n<p>Ao contr\u00e1rio do que ocorria em anos anteriores, o Instituto Nacional de Estudos e Pesquisas Educacionais An\u00edsio Teixeira (Inep) n\u00e3o realizou coletiva de imprensa em 2026 para divulgar os resultados do Enem 2025, nem informar quantos candidatos alcan\u00e7aram nota m\u00e1xima na reda\u00e7\u00e3o. O tema da prova de reda\u00e7\u00e3o foi \u201cPerspectivas acerca do envelhecimento na sociedade brasileira\u201d.<\/p>\n\n\n\n<p>No entanto, ao menos dois dos alunos que atingiram mil pontos j\u00e1 tiveram seus nomes conhecidos e ambos moram no Recife, capital de Pernambuco. Caio Silva Braga, de 18 anos, e Wellington Ribeiro, de 19, obtiveram a nota m\u00e1xima. Em entrevista a Revista Quero, Wellington revelou sua estrat\u00e9gia para alcan\u00e7ar o feito.<\/p>\n\n\n\n<p>&#8220;Usei o conto Feliz Anivers\u00e1rio, da Clarice Lispector, a Lei dos Sexagen\u00e1rios e o soci\u00f3logo Ruy Braga ao longo do texto. Na proposta de interven\u00e7\u00e3o, propus um debate protagonizado pelos idosos&#8221;, disse o jovem estudante. J\u00e1 Caio, em bate papo com o g1, afirmou ter adotado uma proposta um pouco diferente do conterr\u00e2neo.<\/p>\n\n\n\n<p>&#8220;Gostei bastante do tema, me senti bem feliz com a ideia que tive na hora. Sempre parei bastante para pensar antes de escrever as minhas reda\u00e7\u00f5es. Gostei dos textos de apoio, acho que entendi bem a ideia deles&#8221;, explicou.<\/p>\n\n\n\n<p>Embora ambos os estudantes tenham alcan\u00e7ado a nota m\u00e1xima, os objetivos de Caio e Wellington eram bastante distintos, assim como suas estrat\u00e9gias de estudo, demonstrando que n\u00e3o existe uma \u201cf\u00f3rmula pronta\u201d para obter sucesso na reda\u00e7\u00e3o do Enem.<\/p>\n\n\n\n<h2 class=\"wp-block-heading\">Sisu 2026: inscri\u00e7\u00f5es come\u00e7aram nesta segunda<\/h2>\n\n\n\n<p>As inscri\u00e7\u00f5es para o Sistema de Sele\u00e7\u00e3o Unificada (Sisu) 2026 come\u00e7aram nesta segunda-feira (19). Os candidatos podem se cadastrar no sistema at\u00e9 as 23h59 de 23 de janeiro. Est\u00e3o dispon\u00edveis 274,8 mil vagas em 7.399 cursos de gradua\u00e7\u00e3o oferecidos por 136 institui\u00e7\u00f5es p\u00fablicas de ensino superior distribu\u00eddas por todas as regi\u00f5es do pa\u00eds.<\/p>\n\n\n\n<p>A partir de 2026, o Sisu passar\u00e1 a aceitar as notas das tr\u00eas \u00faltimas edi\u00e7\u00f5es do Enem \u2014 2023, 2024 e 2025. At\u00e9 o ano passado, apenas os candidatos que haviam participado da edi\u00e7\u00e3o mais recente do exame podiam se inscrever.<\/p>\n","protected":false},"excerpt":{"rendered":"<p>Ao contr\u00e1rio do que ocorria em anos anteriores, o Instituto Nacional de Estudos e Pesquisas Educacionais An\u00edsio Teixeira (Inep) n\u00e3o realizou coletiva de imprensa em 2026 para divulgar os resultados do Enem 2025, nem informar quantos candidatos alcan\u00e7aram nota m\u00e1xima na reda\u00e7\u00e3o. O tema da prova de reda\u00e7\u00e3o foi \u201cPerspectivas acerca do envelhecimento na sociedade [&hellip;]<\/p>\n","protected":false},"author":4,"featured_media":13908,"comment_status":"open","ping_status":"open","sticky":false,"template":"","format":"standard","meta":{"jnews-multi-image_gallery":[],"jnews_single_post":{"format":"standard"},"jnews_primary_category":[],"jnews_social_meta":[],"jnews_post_split":[],"footnotes":""},"categories":[1],"tags":[],"class_list":["post-14131","post","type-post","status-publish","format-standard","has-post-thumbnail","hentry","category-uncategorized"],"_links":{"self":[{"href":"https:\/\/diariodepernambuco.audiencelabs.com.br\/wp-json\/wp\/v2\/posts\/14131","targetHints":{"allow":["GET"]}}],"collection":[{"href":"https:\/\/diariodepernambuco.audiencelabs.com.br\/wp-json\/wp\/v2\/posts"}],"about":[{"href":"https:\/\/diariodepernambuco.audiencelabs.com.br\/wp-json\/wp\/v2\/types\/post"}],"author":[{"embeddable":true,"href":"https:\/\/diariodepernambuco.audiencelabs.com.br\/wp-json\/wp\/v2\/users\/4"}],"replies":[{"embeddable":true,"href":"https:\/\/diariodepernambuco.audiencelabs.com.br\/wp-json\/wp\/v2\/comments?post=14131"}],"version-history":[{"count":2,"href":"https:\/\/diariodepernambuco.audiencelabs.com.br\/wp-json\/wp\/v2\/posts\/14131\/revisions"}],"predecessor-version":[{"id":14138,"href":"https:\/\/diariodepernambuco.audiencelabs.com.br\/wp-json\/wp\/v2\/posts\/14131\/revisions\/14138"}],"wp:featuredmedia":[{"embeddable":true,"href":"https:\/\/diariodepernambuco.audiencelabs.com.br\/wp-json\/wp\/v2\/media\/13908"}],"wp:attachment":[{"href":"https:\/\/diariodepernambuco.audiencelabs.com.br\/wp-json\/wp\/v2\/media?parent=14131"}],"wp:term":[{"taxonomy":"category","embeddable":true,"href":"https:\/\/diariodepernambuco.audiencelabs.com.br\/wp-json\/wp\/v2\/categories?post=14131"},{"taxonomy":"post_tag","embeddable":true,"href":"https:\/\/diariodepernambuco.audiencelabs.com.br\/wp-json\/wp\/v2\/tags?post=14131"}],"curies":[{"name":"wp","href":"https:\/\/api.w.org\/{rel}","templated":true}]}}