{"id":14146,"date":"2026-01-19T13:30:15","date_gmt":"2026-01-19T16:30:15","guid":{"rendered":"https:\/\/diariodepernambuco.audiencelabs.com.br\/?p=14146"},"modified":"2026-01-19T13:34:49","modified_gmt":"2026-01-19T16:34:49","slug":"menor-praia-do-brasil-e-um-cantinho-de-sossego-e-parece-um-paraiso-para-os-turistas","status":"publish","type":"post","link":"https:\/\/diariodepernambuco.audiencelabs.com.br\/menor-praia-do-brasil-e-um-cantinho-de-sossego-e-parece-um-paraiso-para-os-turistas\/","title":{"rendered":"Menor praia do Brasil \u00e9 um cantinho de sossego e parece um para\u00edso para os turistas"},"content":{"rendered":"\n<p>Enquanto locais como a Praia do Cassino, no Rio Grande do Sul, a Praia de Antunes, em Alagoas e a Praia Central de Balne\u00e1rio Cambori\u00fa, em Santa Catarina, se destacam por suas gigantescas faixas de areia, existe um ponto tur\u00edstico pouco conhecido que se destaca justamente pelo motivo contr\u00e1rio.<\/p>\n\n\n\n<p>Trata-se da <strong>Praia da Paci\u00eancia<\/strong>, localizada no munic\u00edpio de Penha, na parte norte do litoral catarinense. Apesar de ser considerada um verdadeiro deleite para os olhos por conta de seu visual, a praia \u00e9 conhecida por ser a menor do Brasil.<\/p>\n\n\n\n<p>Isso porque sua faixa de areia conta com <strong>cerca de 25 metros no total<\/strong>, tornando o espa\u00e7o extremamente limitado. Desta forma, mesmo com poucos visitantes, a praia parece passar a impress\u00e3o de que est\u00e1 lotada, o que pode tornar a visita desagrad\u00e1vel.<\/p>\n\n\n\n<p>Por conta disso, para garantir um bom lugar ao sol para aproveitar plenamente a Praia da Paci\u00eancia, \u00e9 recomend\u00e1vel <strong>chegar cedo ao local<\/strong>, principalmente durante per\u00edodos de alta temporada.<\/p>\n\n\n\n<p>Vale destacar que o acesso \u00e0 praia pode ser um pouco mais complexo, pois o caminho para chegar at\u00e9 ela \u00e9 bem mais \u00edngreme do que o de outras da regi\u00e3o. Contudo, as belezas naturais do cen\u00e1rio, que constituem um verdadeiro para\u00edso, e a sensa\u00e7\u00e3o de exclusividade fazem valer a pena.<\/p>\n\n\n\n<h2 class=\"wp-block-heading\">Destaques da Praia da Paci\u00eancia<\/h2>\n\n\n\n<p>Situada aos p\u00e9s do Morro da Vigia e pr\u00f3xima ao Pico da Vigia, a Praia da Paci\u00eancia \u00e9 ideal para quem busca passar um tempo agrad\u00e1vel junto da fam\u00edlia, pois al\u00e9m de profundamente azuis, suas \u00e1guas s\u00e3o mornas e calmas, sendo assim ideais para banho.<\/p>\n\n\n\n<p>Apesar de suas limita\u00e7\u00f5es, n\u00e3o h\u00e1 cobran\u00e7a de entrada para acessar a praia, e ainda \u00e9 poss\u00edvel chegar at\u00e9 ela de carro por meio de uma estrada de terra. E vale destacar que o local ainda conta com um estacionamento p\u00fablico gratuito.<\/p>\n\n\n\n<p>A Praia da Paci\u00eancia tamb\u00e9m conta com um bar exclusivo que, durante a alta temporada, oferece comidas e bebidas a bons pre\u00e7os e ainda aluga cadeiras e guarda-s\u00f3is, garantindo assim o conforto dos visitantes.<\/p>\n","protected":false},"excerpt":{"rendered":"<p>Enquanto locais como a Praia do Cassino, no Rio Grande do Sul, a Praia de Antunes, em Alagoas e a Praia Central de Balne\u00e1rio Cambori\u00fa, em Santa Catarina, se destacam por suas gigantescas faixas de areia, existe um ponto tur\u00edstico pouco conhecido que se destaca justamente pelo motivo contr\u00e1rio. Trata-se da Praia da Paci\u00eancia, localizada [&hellip;]<\/p>\n","protected":false},"author":15,"featured_media":14149,"comment_status":"open","ping_status":"open","sticky":false,"template":"","format":"standard","meta":{"jnews-multi-image_gallery":[],"jnews_single_post":{"format":"standard"},"jnews_primary_category":[],"jnews_social_meta":[],"jnews_post_split":[],"footnotes":""},"categories":[1],"tags":[],"class_list":["post-14146","post","type-post","status-publish","format-standard","has-post-thumbnail","hentry","category-uncategorized"],"_links":{"self":[{"href":"https:\/\/diariodepernambuco.audiencelabs.com.br\/wp-json\/wp\/v2\/posts\/14146","targetHints":{"allow":["GET"]}}],"collection":[{"href":"https:\/\/diariodepernambuco.audiencelabs.com.br\/wp-json\/wp\/v2\/posts"}],"about":[{"href":"https:\/\/diariodepernambuco.audiencelabs.com.br\/wp-json\/wp\/v2\/types\/post"}],"author":[{"embeddable":true,"href":"https:\/\/diariodepernambuco.audiencelabs.com.br\/wp-json\/wp\/v2\/users\/15"}],"replies":[{"embeddable":true,"href":"https:\/\/diariodepernambuco.audiencelabs.com.br\/wp-json\/wp\/v2\/comments?post=14146"}],"version-history":[{"count":1,"href":"https:\/\/diariodepernambuco.audiencelabs.com.br\/wp-json\/wp\/v2\/posts\/14146\/revisions"}],"predecessor-version":[{"id":14156,"href":"https:\/\/diariodepernambuco.audiencelabs.com.br\/wp-json\/wp\/v2\/posts\/14146\/revisions\/14156"}],"wp:featuredmedia":[{"embeddable":true,"href":"https:\/\/diariodepernambuco.audiencelabs.com.br\/wp-json\/wp\/v2\/media\/14149"}],"wp:attachment":[{"href":"https:\/\/diariodepernambuco.audiencelabs.com.br\/wp-json\/wp\/v2\/media?parent=14146"}],"wp:term":[{"taxonomy":"category","embeddable":true,"href":"https:\/\/diariodepernambuco.audiencelabs.com.br\/wp-json\/wp\/v2\/categories?post=14146"},{"taxonomy":"post_tag","embeddable":true,"href":"https:\/\/diariodepernambuco.audiencelabs.com.br\/wp-json\/wp\/v2\/tags?post=14146"}],"curies":[{"name":"wp","href":"https:\/\/api.w.org\/{rel}","templated":true}]}}