{"id":14165,"date":"2026-01-24T09:30:00","date_gmt":"2026-01-24T12:30:00","guid":{"rendered":"https:\/\/diariodepernambuco.audiencelabs.com.br\/?p=14165"},"modified":"2026-01-19T15:07:10","modified_gmt":"2026-01-19T18:07:10","slug":"brasileiros-estao-esquecidos-no-exterior-e-podem-reforcar-seu-time-sem-gastar-muito","status":"publish","type":"post","link":"https:\/\/diariodepernambuco.audiencelabs.com.br\/brasileiros-estao-esquecidos-no-exterior-e-podem-reforcar-seu-time-sem-gastar-muito\/","title":{"rendered":"Brasileiros est\u00e3o \u201cesquecidos\u201d no exterior e podem refor\u00e7ar seu time sem gastar muito"},"content":{"rendered":"\n<p>No mercado de transfer\u00eancias do futebol brasileiro em 2026, muitos clubes t\u00eam a chance de refor\u00e7ar seus elencos sem gastar fortunas. Jogadores brasileiros que passaram despercebidos no exterior ou est\u00e3o com contratos pr\u00f3ximos do fim voltam a ganhar destaque, oferecendo op\u00e7\u00f5es experientes e prontas para contribuir.<\/p>\n\n\n\n<p>Entre os jogadores que ganharam destaque no cen\u00e1rio internacional e surgem como op\u00e7\u00f5es vi\u00e1veis de retorno est\u00e3o o atacante R\u00f3ger Guedes, vice\u2011artilheiro no Campeonato do Qatar e desejado por clubes brasileiros como Flamengo, Corinthians e Gr\u00eamio \u2014 embora seu alto sal\u00e1rio ainda seja um entrave a ser negociado.<\/p>\n\n\n\n<p>Outro nome que chamou aten\u00e7\u00e3o \u00e9 o meia\u2011atacante Bitello, atualmente no D\u00ednamo Moscou, que vive boa fase na liga russa e j\u00e1 esteve em negocia\u00e7\u00f5es com o Botafogo, especialmente para suprir perdas no setor ofensivo. O experiente meia Fred, titular no Fenerbah\u00e7e e com passagem pela Sele\u00e7\u00e3o, tamb\u00e9m aparece no radar.<\/p>\n\n\n\n<p>Outros nomes que podem refor\u00e7ar o mercado nacional incluem o jovem destaque Gabriel Pec, no Los Angeles Galaxy, o volante Marlon Gomes, do Shakhtar Donetsk, o zagueiro Nino, do Zenit, e Anderson Talisca, meia-atacante do Fenerbah\u00e7e.<\/p>\n\n\n\n<h2 class=\"wp-block-heading\">Calend\u00e1rio de transfer\u00eancias do Brasil em 2026<\/h2>\n\n\n\n<p>\ud83c\udfc3 1\u00aa janela de transfer\u00eancias: de 5 de janeiro a 3 de mar\u00e7o de 2026 \u2014 per\u00edodo em que os clubes devem correr para refor\u00e7ar seus elencos antes do come\u00e7o e in\u00edcio das competi\u00e7\u00f5es oficiais da temporada.<\/p>\n\n\n\n<p>\u26bd 2\u00aa janela de transfer\u00eancias: de 20 de julho a 11 de setembro de 2026 \u2014 momento tradicional de ajustes no meio do ano, ap\u00f3s a pausa para a Copa do Mundo e quando muitas equipes buscam remendar o elenco para a reta final dos campeonatos.<\/p>\n\n\n\n<p><\/p>\n","protected":false},"excerpt":{"rendered":"<p>No mercado de transfer\u00eancias do futebol brasileiro em 2026, muitos clubes t\u00eam a chance de refor\u00e7ar seus elencos sem gastar fortunas. Jogadores brasileiros que passaram despercebidos no exterior ou est\u00e3o com contratos pr\u00f3ximos do fim voltam a ganhar destaque, oferecendo op\u00e7\u00f5es experientes e prontas para contribuir. Entre os jogadores que ganharam destaque no cen\u00e1rio internacional [&hellip;]<\/p>\n","protected":false},"author":4,"featured_media":11271,"comment_status":"open","ping_status":"open","sticky":false,"template":"","format":"standard","meta":{"jnews-multi-image_gallery":[],"jnews_single_post":{"format":"standard"},"jnews_primary_category":[],"jnews_social_meta":[],"jnews_post_split":[],"footnotes":""},"categories":[1],"tags":[],"class_list":["post-14165","post","type-post","status-publish","format-standard","has-post-thumbnail","hentry","category-uncategorized"],"_links":{"self":[{"href":"https:\/\/diariodepernambuco.audiencelabs.com.br\/wp-json\/wp\/v2\/posts\/14165","targetHints":{"allow":["GET"]}}],"collection":[{"href":"https:\/\/diariodepernambuco.audiencelabs.com.br\/wp-json\/wp\/v2\/posts"}],"about":[{"href":"https:\/\/diariodepernambuco.audiencelabs.com.br\/wp-json\/wp\/v2\/types\/post"}],"author":[{"embeddable":true,"href":"https:\/\/diariodepernambuco.audiencelabs.com.br\/wp-json\/wp\/v2\/users\/4"}],"replies":[{"embeddable":true,"href":"https:\/\/diariodepernambuco.audiencelabs.com.br\/wp-json\/wp\/v2\/comments?post=14165"}],"version-history":[{"count":2,"href":"https:\/\/diariodepernambuco.audiencelabs.com.br\/wp-json\/wp\/v2\/posts\/14165\/revisions"}],"predecessor-version":[{"id":14172,"href":"https:\/\/diariodepernambuco.audiencelabs.com.br\/wp-json\/wp\/v2\/posts\/14165\/revisions\/14172"}],"wp:featuredmedia":[{"embeddable":true,"href":"https:\/\/diariodepernambuco.audiencelabs.com.br\/wp-json\/wp\/v2\/media\/11271"}],"wp:attachment":[{"href":"https:\/\/diariodepernambuco.audiencelabs.com.br\/wp-json\/wp\/v2\/media?parent=14165"}],"wp:term":[{"taxonomy":"category","embeddable":true,"href":"https:\/\/diariodepernambuco.audiencelabs.com.br\/wp-json\/wp\/v2\/categories?post=14165"},{"taxonomy":"post_tag","embeddable":true,"href":"https:\/\/diariodepernambuco.audiencelabs.com.br\/wp-json\/wp\/v2\/tags?post=14165"}],"curies":[{"name":"wp","href":"https:\/\/api.w.org\/{rel}","templated":true}]}}