{"id":14173,"date":"2026-01-24T10:30:00","date_gmt":"2026-01-24T13:30:00","guid":{"rendered":"https:\/\/diariodepernambuco.audiencelabs.com.br\/?p=14173"},"modified":"2026-01-19T15:36:16","modified_gmt":"2026-01-19T18:36:16","slug":"volta-as-aulas-sera-no-mes-de-abril-e-alunos-terao-primeiro-dia-letivo-no-dia-1o-neste-pais-asiatico","status":"publish","type":"post","link":"https:\/\/diariodepernambuco.audiencelabs.com.br\/volta-as-aulas-sera-no-mes-de-abril-e-alunos-terao-primeiro-dia-letivo-no-dia-1o-neste-pais-asiatico\/","title":{"rendered":"Volta \u00e0s aulas ser\u00e1 no m\u00eas de abril e alunos ter\u00e3o primeiro dia letivo no dia 1\u00ba neste pa\u00eds asi\u00e1tico"},"content":{"rendered":"\n<p>Assim como em todos os anos, em 2026, o calend\u00e1rio letivo japon\u00eas come\u00e7ar\u00e1 no dia 1\u00ba de abril. As aulas se estendem normalmente at\u00e9 o final de mar\u00e7o do ano seguinte, com o ano letivo dividido em tr\u00eas trimestres. O primeiro trimestre vai de abril a julho, seguido pelo segundo de setembro a dezembro e o terceiro de janeiro a mar\u00e7o.<\/p>\n\n\n\n<p>Os trimestres s\u00e3o intercalados por pausas para f\u00e9rias de ver\u00e3o, inverno e primavera. Al\u00e9m das datas fixas, o sistema escolar japon\u00eas valoriza a participa\u00e7\u00e3o dos estudantes em atividades extracurriculares, como clubes esportivos e culturais, que fazem parte da forma\u00e7\u00e3o e do cotidiano escolar, refor\u00e7ando h\u00e1bitos de disciplina e coopera\u00e7\u00e3o desde os primeiros anos.<\/p>\n\n\n\n<p>Al\u00e9m das atividades curriculares e extracurriculares, as escolas japonesas tamb\u00e9m dedicam aten\u00e7\u00e3o \u00e0 rotina di\u00e1ria de cuidados com o ambiente escolar. Os alunos participam ativamente da limpeza das salas de aula, corredores e \u00e1reas comuns, fortalecendo o senso de responsabilidade e comunidade.<\/p>\n\n\n\n<p>Esse h\u00e1bito, presente desde o ensino fundamental, \u00e9 considerado parte essencial da educa\u00e7\u00e3o no Jap\u00e3o, formando cidad\u00e3os conscientes e comprometidos com o coletivo. Outro destaque do calend\u00e1rio japon\u00eas \u00e9 a realiza\u00e7\u00e3o de eventos culturais e esportivos ao longo do ano, como o und\u014dkai (festival esportivo) e o bunkasai (festival cultural).<\/p>\n\n\n\n<h2 class=\"wp-block-heading\">Cultura, disciplina e aprendizado v\u00e3o al\u00e9m da sala de aula<\/h2>\n\n\n\n<p>No Jap\u00e3o, a educa\u00e7\u00e3o n\u00e3o se limita ao ensino formal: os alunos aprendem desde cedo valores como disciplina, coopera\u00e7\u00e3o e responsabilidade social. A participa\u00e7\u00e3o na limpeza das escolas e no cuidado com os espa\u00e7os comuns faz parte do cotidiano estudantil, refor\u00e7ando a import\u00e2ncia do trabalho coletivo e do respeito ao ambiente em que vivem.<\/p>\n\n\n\n<p>Al\u00e9m disso, os festivais escolares, como o und\u014dkai e o bunkasai, promovem integra\u00e7\u00e3o entre estudantes, professores e familiares, estimulam habilidades sociais e criativas e tornam o aprendizado mais din\u00e2mico. Essas experi\u00eancias complementares transformam a vida escolar em um espa\u00e7o de forma\u00e7\u00e3o integral, unindo conhecimento, cultura e pr\u00e1tica comunit\u00e1ria.<\/p>\n\n\n\n<p><\/p>\n","protected":false},"excerpt":{"rendered":"<p>Assim como em todos os anos, em 2026, o calend\u00e1rio letivo japon\u00eas come\u00e7ar\u00e1 no dia 1\u00ba de abril. As aulas se estendem normalmente at\u00e9 o final de mar\u00e7o do ano seguinte, com o ano letivo dividido em tr\u00eas trimestres. O primeiro trimestre vai de abril a julho, seguido pelo segundo de setembro a dezembro e [&hellip;]<\/p>\n","protected":false},"author":4,"featured_media":14175,"comment_status":"open","ping_status":"open","sticky":false,"template":"","format":"standard","meta":{"jnews-multi-image_gallery":[],"jnews_single_post":{"format":"standard"},"jnews_primary_category":[],"jnews_social_meta":[],"jnews_post_split":[],"footnotes":""},"categories":[1],"tags":[],"class_list":["post-14173","post","type-post","status-publish","format-standard","has-post-thumbnail","hentry","category-uncategorized"],"_links":{"self":[{"href":"https:\/\/diariodepernambuco.audiencelabs.com.br\/wp-json\/wp\/v2\/posts\/14173","targetHints":{"allow":["GET"]}}],"collection":[{"href":"https:\/\/diariodepernambuco.audiencelabs.com.br\/wp-json\/wp\/v2\/posts"}],"about":[{"href":"https:\/\/diariodepernambuco.audiencelabs.com.br\/wp-json\/wp\/v2\/types\/post"}],"author":[{"embeddable":true,"href":"https:\/\/diariodepernambuco.audiencelabs.com.br\/wp-json\/wp\/v2\/users\/4"}],"replies":[{"embeddable":true,"href":"https:\/\/diariodepernambuco.audiencelabs.com.br\/wp-json\/wp\/v2\/comments?post=14173"}],"version-history":[{"count":1,"href":"https:\/\/diariodepernambuco.audiencelabs.com.br\/wp-json\/wp\/v2\/posts\/14173\/revisions"}],"predecessor-version":[{"id":14174,"href":"https:\/\/diariodepernambuco.audiencelabs.com.br\/wp-json\/wp\/v2\/posts\/14173\/revisions\/14174"}],"wp:featuredmedia":[{"embeddable":true,"href":"https:\/\/diariodepernambuco.audiencelabs.com.br\/wp-json\/wp\/v2\/media\/14175"}],"wp:attachment":[{"href":"https:\/\/diariodepernambuco.audiencelabs.com.br\/wp-json\/wp\/v2\/media?parent=14173"}],"wp:term":[{"taxonomy":"category","embeddable":true,"href":"https:\/\/diariodepernambuco.audiencelabs.com.br\/wp-json\/wp\/v2\/categories?post=14173"},{"taxonomy":"post_tag","embeddable":true,"href":"https:\/\/diariodepernambuco.audiencelabs.com.br\/wp-json\/wp\/v2\/tags?post=14173"}],"curies":[{"name":"wp","href":"https:\/\/api.w.org\/{rel}","templated":true}]}}