{"id":14192,"date":"2026-01-24T03:30:00","date_gmt":"2026-01-24T06:30:00","guid":{"rendered":"https:\/\/diariodepernambuco.audiencelabs.com.br\/?p=14192"},"modified":"2026-01-19T17:40:59","modified_gmt":"2026-01-19T20:40:59","slug":"aluguel-mais-caro-do-brasil-tem-valor-de-uma-parcela-de-carro-0km","status":"publish","type":"post","link":"https:\/\/diariodepernambuco.audiencelabs.com.br\/aluguel-mais-caro-do-brasil-tem-valor-de-uma-parcela-de-carro-0km\/","title":{"rendered":"Aluguel mais caro do Brasil tem valor de uma parcela de carro 0km"},"content":{"rendered":"\n<p>Por mais que fatores como a demanda aquecida e a oferta ainda irrestrita de im\u00f3veis tenham aumentado os pre\u00e7os de aluguel no Brasil como um todo, em determinadas regi\u00f5es do pa\u00eds, os impactos podem ser percebidos de forma muito mais n\u00edtida.<\/p>\n\n\n\n<p>Isso porque, conforme revelado pelos dados mais recentes do \u00cdndice FipeZAP, em algumas cidades, o valor cobrado j\u00e1 se tornou inacess\u00edvel para uma parcela significativa da popula\u00e7\u00e3o, se equiparando a gastos como <strong>o financiamento de um ve\u00edculo novo<\/strong>.<\/p>\n\n\n\n<p>Um bom exemplo disso \u00e9 o caso de <strong>Barueri, na Grande S\u00e3o Paulo<\/strong>, que em novembro do ano passado, alcan\u00e7ou o valor m\u00e9dio de R$ 70,24 por metro quadrado, superando at\u00e9 mesmo o consolidado nacional.<\/p>\n\n\n\n<p>Por conta disso, estima-se que o montante cobrado mensalmente por um im\u00f3vel que possui um tamanho entre 50 m\u00b2 e 75 m\u00b2 possa chegar a aproximadamente <strong>R$ 3.500<\/strong>, que \u00e9 uma faixa que corresponde aos gastos de fam\u00edlias na faixa de renda m\u00e9dia-alta a alta.<\/p>\n\n\n\n<p>Vale destacar que a faixa de pre\u00e7o permite financiar <strong>tanto SUVs compactos e vers\u00f5es mais completas de hatches ou sed\u00e3s<\/strong> quanto <strong>carros el\u00e9tricos<\/strong>, o que pode acabar fazendo com que pessoas interessadas em viver no munic\u00edpio reavaliem suas condi\u00e7\u00f5es e prioridades.<\/p>\n\n\n\n<h2 class=\"wp-block-heading\">Cidades com os alugu\u00e9is mais caros do Brasil: confira o ranking<\/h2>\n\n\n\n<p>\u00c9 importante ressaltar que, embora Barueri esteja liderando o levantamento, a regi\u00e3o Sudeste n\u00e3o \u00e9 a \u00fanica a ocupar uma posi\u00e7\u00e3o alta, tendo em vista que aumentos expressivos no aluguel tamb\u00e9m foram percebidos no Norte e Nordeste do pa\u00eds. Confira:<\/p>\n\n\n\n<ul class=\"wp-block-list\">\n<li><strong>Barueri (SP): 70,24<\/strong><\/li>\n\n\n\n<li><strong>Bel\u00e9m (PA): 62,57<\/strong><\/li>\n\n\n\n<li><strong>S\u00e3o Paulo (SP): 62,25<\/strong><\/li>\n\n\n\n<li><strong>Recife (PE): 60,95<\/strong><\/li>\n\n\n\n<li><strong>Florian\u00f3polis (SC): 59,76<\/strong><\/li>\n\n\n\n<li><strong>S\u00e3o Lu\u00eds (MA): 56,34<\/strong><\/li>\n\n\n\n<li><strong>Rio de Janeiro (RJ): 54,40<\/strong><\/li>\n\n\n\n<li><strong>Macei\u00f3 (AL): 53,66<\/strong><\/li>\n\n\n\n<li><strong>Vit\u00f3ria (ES): 51,10<\/strong><\/li>\n\n\n\n<li><strong>Salvador (BA): 50,97<\/strong><\/li>\n<\/ul>\n\n\n\n<p>De acordo com o portal <em>Times Brasil<\/em>, apesar dos aumentos, im\u00f3veis menores continuam oferecendo resultados positivos aos propriet\u00e1rios, em especial os que contam com apenas um dormit\u00f3rio.<\/p>\n","protected":false},"excerpt":{"rendered":"<p>Por mais que fatores como a demanda aquecida e a oferta ainda irrestrita de im\u00f3veis tenham aumentado os pre\u00e7os de aluguel no Brasil como um todo, em determinadas regi\u00f5es do pa\u00eds, os impactos podem ser percebidos de forma muito mais n\u00edtida. Isso porque, conforme revelado pelos dados mais recentes do \u00cdndice FipeZAP, em algumas cidades, [&hellip;]<\/p>\n","protected":false},"author":15,"featured_media":14194,"comment_status":"open","ping_status":"open","sticky":false,"template":"","format":"standard","meta":{"jnews-multi-image_gallery":[],"jnews_single_post":{"format":"standard"},"jnews_primary_category":[],"jnews_social_meta":[],"jnews_post_split":[],"footnotes":""},"categories":[1],"tags":[],"class_list":["post-14192","post","type-post","status-publish","format-standard","has-post-thumbnail","hentry","category-uncategorized"],"_links":{"self":[{"href":"https:\/\/diariodepernambuco.audiencelabs.com.br\/wp-json\/wp\/v2\/posts\/14192","targetHints":{"allow":["GET"]}}],"collection":[{"href":"https:\/\/diariodepernambuco.audiencelabs.com.br\/wp-json\/wp\/v2\/posts"}],"about":[{"href":"https:\/\/diariodepernambuco.audiencelabs.com.br\/wp-json\/wp\/v2\/types\/post"}],"author":[{"embeddable":true,"href":"https:\/\/diariodepernambuco.audiencelabs.com.br\/wp-json\/wp\/v2\/users\/15"}],"replies":[{"embeddable":true,"href":"https:\/\/diariodepernambuco.audiencelabs.com.br\/wp-json\/wp\/v2\/comments?post=14192"}],"version-history":[{"count":1,"href":"https:\/\/diariodepernambuco.audiencelabs.com.br\/wp-json\/wp\/v2\/posts\/14192\/revisions"}],"predecessor-version":[{"id":14195,"href":"https:\/\/diariodepernambuco.audiencelabs.com.br\/wp-json\/wp\/v2\/posts\/14192\/revisions\/14195"}],"wp:featuredmedia":[{"embeddable":true,"href":"https:\/\/diariodepernambuco.audiencelabs.com.br\/wp-json\/wp\/v2\/media\/14194"}],"wp:attachment":[{"href":"https:\/\/diariodepernambuco.audiencelabs.com.br\/wp-json\/wp\/v2\/media?parent=14192"}],"wp:term":[{"taxonomy":"category","embeddable":true,"href":"https:\/\/diariodepernambuco.audiencelabs.com.br\/wp-json\/wp\/v2\/categories?post=14192"},{"taxonomy":"post_tag","embeddable":true,"href":"https:\/\/diariodepernambuco.audiencelabs.com.br\/wp-json\/wp\/v2\/tags?post=14192"}],"curies":[{"name":"wp","href":"https:\/\/api.w.org\/{rel}","templated":true}]}}