{"id":14197,"date":"2026-01-19T17:50:48","date_gmt":"2026-01-19T20:50:48","guid":{"rendered":"https:\/\/diariodepernambuco.audiencelabs.com.br\/?p=14197"},"modified":"2026-01-20T11:46:52","modified_gmt":"2026-01-20T14:46:52","slug":"quem-mora-de-aluguel-recebe-pessima-noticia-para-2026","status":"publish","type":"post","link":"https:\/\/diariodepernambuco.audiencelabs.com.br\/quem-mora-de-aluguel-recebe-pessima-noticia-para-2026\/","title":{"rendered":"Quem mora de aluguel recebe p\u00e9ssima not\u00edcia para 2026"},"content":{"rendered":"\n<p>Manter o teto sobre a cabe\u00e7a ficou significativamente mais caro para os brasileiros ao longo do \u00faltimo ano. Dados recentes do \u00edndice Fipezap, que monitora an\u00fancios em diversas plataformas digitais, apontam que o mercado de loca\u00e7\u00e3o residencial experimentou uma valoriza\u00e7\u00e3o que superou, com folga, os \u00edndices oficiais de infla\u00e7\u00e3o. O movimento consolida uma tend\u00eancia de encarecimento que vem ganhando for\u00e7a nos \u00faltimos anos, transformando o planejamento financeiro das fam\u00edlias de norte a sul do pa\u00eds.<\/p>\n\n\n\n<h2 class=\"wp-block-heading\">A evolu\u00e7\u00e3o dos valores na \u00faltima d\u00e9cada<\/h2>\n\n\n\n<p>Para compreender o cen\u00e1rio atual, \u00e9 fundamental observar a trajet\u00f3ria dos pre\u00e7os nos \u00faltimos dez anos. Entre 2015 e 2017, o Brasil viveu um per\u00edodo de retra\u00e7\u00e3o, no qual os novos contratos de aluguel apresentaram defla\u00e7\u00e3o, dando um f\u00f4lego tempor\u00e1rio aos inquilinos. Logo em seguida, no intervalo entre 2018 e 2021, o mercado imobili\u00e1rio ensaiou uma recupera\u00e7\u00e3o com reajustes considerados discretos. No entanto, o verdadeiro ponto de virada ocorreu a partir de 2022, quando os custos iniciaram uma escalada acelerada que n\u00e3o deu sinais de tr\u00e9gua at\u00e9 o encerramento de 2025.<\/p>\n\n\n\n<h2 class=\"wp-block-heading\">O descompasso entre loca\u00e7\u00e3o e infla\u00e7\u00e3o<\/h2>\n\n\n\n<p>O balan\u00e7o final de 2025 revelou um aumento m\u00e9dio de 9,44% nos alugu\u00e9is em territ\u00f3rio nacional. Esse percentual \u00e9 motivo de alerta por representar mais do que o dobro do IPCA, o indicador que mede a infla\u00e7\u00e3o oficial do pa\u00eds. Al\u00e9m disso, a subida nos pre\u00e7os das loca\u00e7\u00f5es superou drasticamente a valoriza\u00e7\u00e3o dos im\u00f3veis colocados \u00e0 venda no mesmo per\u00edodo. Isso demonstra que a procura por moradia via aluguel est\u00e1 muito mais aquecida e desequilibrada do que o mercado de aquisi\u00e7\u00e3o de propriedades.<\/p>\n\n\n\n<h2 class=\"wp-block-heading\">Um cen\u00e1rio de altas quase absoluto nas capitais<\/h2>\n\n\n<style>@media (min-width: 992px) {\n    .recomendadorV2Area1 {\n        width: 280px;\n    }\n    .recomendadorV2Area2 {\n        padding: 0px 20px;\n        width: calc(100% - 280px);\n    }\n}\n\n@media (max-width: 992px) {\n    .recomendadorV2Button {\n        margin: 0 auto;\n    }\n    .recomendadorV2Area {\n        flex-direction: column;\n        text-align: center;\n    }\n    .recomendadorV2Area2 {\n        padding: 0px 20px;\n    }\n}\n\n.recomendadorV2Area {\n    background: #eeeeee3d;\n    border-radius: 10px;\n    padding: 15px;\n    display: flex;\n    margin: 15px auto;\n    border: 1px solid #00000014;\n    max-width: 800px;\n}\n\n.recomendadorV2Area1 img {\n    width: 280px;\n    height: auto;\n    border-radius: 8px;\n}\n\n.linkrecomendadorv2 {\n    text-decoration: none !important;\n}\n\n.recomendadorV2Area2 .recomendadorV2Type {\n    text-transform: uppercase;\n    font-weight: 500;\n    font-size: 11px;\n    letter-spacing: 2px;\n    color: #666;\n    margin: 12px 0;\n    display: block;\n}\n\n.recomendadorV2Title h2 {\n    padding-top: 0px !important;\n    margin: 0px !important;\n    border-left: none !important;\n    padding-left: 0px !important;\n    line-height: 1.3;\n    color: #000 !important;\n    font-size: 24px;\n    margin-bottom: 12px !important;\n}\n\n.recomendadorV2Desc {\n    color: #333;\n    margin: 12px 0px !important;\n    font-size: 15px;\n    line-height: 1.5;\n}\n\n.recomendadorV2Button {\n    width: auto;\n    max-width: 200px;\n    margin: 0;\n    display: inline-flex;\n    align-items: center;\n    background: #1D3557;\n    border-radius: 8px;\n    color: #fff;\n    height: 36px;\n    justify-content: center;\n    text-align: center;\n    font-size: 14px;\n    padding: 0 20px;\n    transition: background-color 0.2s ease;\n}\n\n.recomendadorV2Button:hover {\n    background: #2a4d7a;\n}\n\n.recomendadorV2Button:after {\n    margin-top: -2px;\n    content: \"\u2192\";\n    padding: 0px 0px 0px 8px;\n}\n\n.recomendadorV2Alert {\n    text-align: left;\n    font-size: 11px;\n    margin-top: 8px;\n    color: #666;\n}\n\n.recomendadorFixedArea {\n    width: 100%;\n    display: flex;\n    justify-content: center;\n    align-items: center;\n}\n\n@media (min-width: 992px) {\n    #recomendadorFixed {\n        width: 32% !important;\n        left: 5%;\n    }\n    .recomendadorCloseFixed{\n        right: inherit !important;\n        left: 378px !important;\n    }\n}\n\n#recomendadorFixed {\n    width: 90%;\n    box-shadow: 0 10px 20px 0px #00000057;\n    display: none;\n    height: 90px;\n    background: #F6F6F6;\n    position: fixed;\n    flex-direction: row;\n    bottom: 10px;\n    z-index: 9999;\n    border-radius: 16px;\n    padding: 7px 10px;\n}\n\n.recomendadorLeftArea {\n    width: 160px;\n}\n\n.recomendadorRightArea h2 {\n    padding-top: 0px;\n    margin: 2px 0px 4px 0px !important;\n    font-weight: 400;\n    text-align: center;\n    padding-left: 0px !important;\n    color: #000 !important;\n    border-left: none !important;\n    line-height: 20px;\n    font-size: 12px !important;\n}\n\n.recomendadorImgFixed {\n    overflow: hidden;\n    padding: 8px 6px;\n    height: 100%;\n}\n\n.recomendadorImgFixed img {\n    height: 100% !important;\n    border-radius: 16px;\n}\n\n.recomendadorRightArea {\n    padding-top: 6px;\n    display: flex;\n    width: calc(100% - 130px);\n    justify-content: space-between;\n    align-items: center;\n    flex-direction: column;\n}\n\n.recomendadorButtonFixed {\n    margin: 0 auto;\n    background: #1D3557;\n    width: 80%;\n    text-align: center;\n    font-size: 10px;\n    color: #FFF;\n    padding: 2px 10px;\n    border-radius: 3px;\n}\n\n.recomendadorButtonFixed:after {\n    margin-top: -3px;\n    content: \"\u2192\";\n    padding: 0px 0px 0px 10px;\n}\n\n.recomendadorAlertFixed {\n    font-weight: 400;\n    text-align: center;\n    color: #484848;\n    font-size: 8px;\n}\n\n.recomendadorCloseFixed {\n    z-index: 99999;\n    display: none;\n    right: 0px;\n    left: inherit;\n    bottom: 99px;\n    position: fixed;\n    justify-content: center;\n    background: #F6F6F6;\n    width: 25px;\n    align-items: center;\n    height: 25px;\n    font-weight: 800;\n    border-radius: 50%;\n    border: 1px solid #EBEBEB;\n}\n\n.recomendadorV2Desc{\n    color: #000000;\n    margin: 20px 0px;\n}\n\n@media (max-width: 576px) {\n    .recomendadorV2Area {\n      padding: 10px;\n      max-width: 100%;\n    }\n  \n    .recomendadorV2Area1 img {\n      width: 100%;\n      border-radius: 6px;\n    }\n  \n    .recomendadorV2Area2 .recomendadorV2Type {\n      font-size: 9px;\n      letter-spacing: 1px;\n      margin: 8px 0;\n    }\n  \n    .recomendadorV2Title h2 {\n      font-size: 18px !important;\n      margin-bottom: 8px !important;\n      line-height: 1.2;\n    }\n  \n    .recomendadorV2Desc {\n      font-size: 14px;\n      margin: 8px 0 !important;\n      line-height: 1.4;\n    }\n  \n    .recomendadorV2Button {\n      font-size: 12px;\n      height: 30px;\n      padding: 0 12px;\n      max-width: 160px;\n    }\n  \n    .recomendadorV2Button:after {\n      padding-left: 6px;\n    }\n  }\n  <\/style>\n        <div class=\"lazyblock-recomendador-v2-2jDGz wp-block-lazyblock-recomendador-v2\">\n        <a class=\"linkrecomendadorv2\" href=\"https:\/\/diariodepernambuco.com.br\/dpmais\/mudanca-nas-regras-dos-alugueis-agora-cobra-inquilinos-em-dolar-caso-o-proprietario-deseje-neste-pais\/?utm_source=lazy\" target=\"_blank\" rel=\"noopener\">\n            <div class=\"recomendadorV2Area\">\n            <div class=\"recomendadorV2Area1\">\n                <div class=\"recomendadorV2Img\">\n                <img class=\"lazyloaded\" decoding=\"async\" src=\"https:\/\/diariodepernambuco.com.br\/dpmais\/wp-content\/uploads\/2025\/09\/Dolar-1140x570.jpg\" data-src=\"https:\/\/diariodepernambuco.com.br\/dpmais\/wp-content\/uploads\/2025\/09\/Dolar-1140x570.jpg\" alt=\"\">\n                <\/div>\n            <\/div>\n            <div class=\"recomendadorV2Area2\">\n                <div class=\"recomendadorV2Type\">\n                    <span>Aluguel exterior<\/span>\n                <\/div>\n                <div class=\"recomendadorV2Title\">\n                <h2><span>Aluguel agora em d\u00f3lar \ud83d\udcb5<\/span><\/h2>\n                <\/div>\n                <div class=\"recomendadorV2Desc\">\n                <span>Entenda a nova regra que afeta inquilinos<\/span>\n                <\/div>\n                <div class=\"recomendadorV2Button\">Saiba mais<\/div>\n                <div class=\"recomendadorV2Alert\"><\/div>\n            <\/div>\n            <\/div>\n        <\/a>\n        <div>\n            <div style=\"z-index:99999;\" id=\"buttonClose\" onclick=\"closeRecomendadorFixed()\">\n            <div class=\"recomendadorCloseFixed\">X<\/div>\n            <\/div>\n            <a href=\"https:\/\/diariodepernambuco.com.br\/dpmais\/mudanca-nas-regras-dos-alugueis-agora-cobra-inquilinos-em-dolar-caso-o-proprietario-deseje-neste-pais\/?utm_source=lazy\" target=\"_blank\" rel=\"noopener\">\n            <div class=\"recomendadorFixedArea\">\n                <div id=\"recomendadorFixed\">\n                <div class=\"recomendadorLeftArea\">\n                    <div class=\"recomendadorImgFixed\">\n                    <img class=\"lazyload\" decoding=\"async\" src=\"https:\/\/diariodepernambuco.com.br\/dpmais\/wp-content\/uploads\/2025\/09\/Dolar-1140x570.jpg\" alt=\"\">\n                    <\/div>\n                <\/div>\n                <div class=\"recomendadorRightArea\">\n                    <div class=\"recomendadorTitleFixed\">\n                    <h2><span>Aluguel agora em d\u00f3lar \ud83d\udcb5<\/span><\/h2>\n                    <\/div>\n                    <div class=\"recomendadorButtonFixed\">Saiba mais<\/div>\n                    <div class=\"recomendadorAlertFixed\"><\/div>\n                <\/div>\n                <\/div>\n            <\/div>\n            <\/a>\n        <\/div>\n        <\/div>\n\n\n\n<p>A press\u00e3o nos custos de moradia n\u00e3o foi um fen\u00f4meno isolado, atingindo de forma generalizada 21 das 22 capitais acompanhadas pelo levantamento. Nesse mapa de altas constantes, a \u00fanica exce\u00e7\u00e3o foi Campo Grande, capital do Mato Grosso do Sul, que registrou uma queda nos valores m\u00e9dios. No restante das grandes cidades, a realidade \u00e9 de negocia\u00e7\u00f5es cada vez mais apertadas para quem busca um novo lar, com o mercado de capitais reagindo \u00e0 forte demanda urbana.<\/p>\n\n\n\n<h2 class=\"wp-block-heading\">Os motivos por tr\u00e1s do encarecimento<\/h2>\n\n\n\n<p>Especialistas apontam que a manuten\u00e7\u00e3o de taxas de juros elevadas \u00e9 o principal motor econ\u00f4mico dessa alta. Com o financiamento da casa pr\u00f3pria mais caro e dif\u00edcil de acessar, muitas fam\u00edlias s\u00e3o obrigadas a adiar a compra definitiva, o que sobrecarrega o sistema de loca\u00e7\u00e3o. Paralelamente, observa-se uma mudan\u00e7a comportamental significativa: o brasileiro est\u00e1 repensando a prioridade da propriedade em favor da flexibilidade. Essa uni\u00e3o entre a barreira do cr\u00e9dito e novos estilos de vida cria o cen\u00e1rio ideal para que os pre\u00e7os continuem subindo acima da infla\u00e7\u00e3o m\u00e9dia.<\/p>\n","protected":false},"excerpt":{"rendered":"<p>Manter o teto sobre a cabe\u00e7a ficou significativamente mais caro para os brasileiros ao longo do \u00faltimo ano. Dados recentes do \u00edndice Fipezap, que monitora an\u00fancios em diversas plataformas digitais, apontam que o mercado de loca\u00e7\u00e3o residencial experimentou uma valoriza\u00e7\u00e3o que superou, com folga, os \u00edndices oficiais de infla\u00e7\u00e3o. O movimento consolida uma tend\u00eancia de [&hellip;]<\/p>\n","protected":false},"author":7,"featured_media":2338,"comment_status":"open","ping_status":"open","sticky":false,"template":"","format":"standard","meta":{"jnews-multi-image_gallery":[],"jnews_single_post":{"format":"standard"},"jnews_primary_category":[],"jnews_social_meta":[],"jnews_post_split":[],"footnotes":""},"categories":[1],"tags":[],"class_list":["post-14197","post","type-post","status-publish","format-standard","has-post-thumbnail","hentry","category-uncategorized"],"_links":{"self":[{"href":"https:\/\/diariodepernambuco.audiencelabs.com.br\/wp-json\/wp\/v2\/posts\/14197","targetHints":{"allow":["GET"]}}],"collection":[{"href":"https:\/\/diariodepernambuco.audiencelabs.com.br\/wp-json\/wp\/v2\/posts"}],"about":[{"href":"https:\/\/diariodepernambuco.audiencelabs.com.br\/wp-json\/wp\/v2\/types\/post"}],"author":[{"embeddable":true,"href":"https:\/\/diariodepernambuco.audiencelabs.com.br\/wp-json\/wp\/v2\/users\/7"}],"replies":[{"embeddable":true,"href":"https:\/\/diariodepernambuco.audiencelabs.com.br\/wp-json\/wp\/v2\/comments?post=14197"}],"version-history":[{"count":2,"href":"https:\/\/diariodepernambuco.audiencelabs.com.br\/wp-json\/wp\/v2\/posts\/14197\/revisions"}],"predecessor-version":[{"id":14269,"href":"https:\/\/diariodepernambuco.audiencelabs.com.br\/wp-json\/wp\/v2\/posts\/14197\/revisions\/14269"}],"wp:featuredmedia":[{"embeddable":true,"href":"https:\/\/diariodepernambuco.audiencelabs.com.br\/wp-json\/wp\/v2\/media\/2338"}],"wp:attachment":[{"href":"https:\/\/diariodepernambuco.audiencelabs.com.br\/wp-json\/wp\/v2\/media?parent=14197"}],"wp:term":[{"taxonomy":"category","embeddable":true,"href":"https:\/\/diariodepernambuco.audiencelabs.com.br\/wp-json\/wp\/v2\/categories?post=14197"},{"taxonomy":"post_tag","embeddable":true,"href":"https:\/\/diariodepernambuco.audiencelabs.com.br\/wp-json\/wp\/v2\/tags?post=14197"}],"curies":[{"name":"wp","href":"https:\/\/api.w.org\/{rel}","templated":true}]}}