{"id":14198,"date":"2026-01-24T04:30:00","date_gmt":"2026-01-24T07:30:00","guid":{"rendered":"https:\/\/diariodepernambuco.audiencelabs.com.br\/?p=14198"},"modified":"2026-01-19T18:10:28","modified_gmt":"2026-01-19T21:10:28","slug":"valor-dos-pedagios-vai-disparar-em-2026-e-motoristas-estao-irritados-neste-pais","status":"publish","type":"post","link":"https:\/\/diariodepernambuco.audiencelabs.com.br\/valor-dos-pedagios-vai-disparar-em-2026-e-motoristas-estao-irritados-neste-pais\/","title":{"rendered":"Valor dos ped\u00e1gios vai disparar em 2026 e motoristas est\u00e3o irritados neste pa\u00eds"},"content":{"rendered":"\n<p>Apesar de ser uma cobran\u00e7a essencial para custear a manuten\u00e7\u00e3o, conserva\u00e7\u00e3o, melhoria e opera\u00e7\u00e3o das rodovias,<strong> o ped\u00e1gio<\/strong> continua sendo uma das cobran\u00e7as menos populares entre os motoristas, sobretudo quando reajustes ocorrem.<\/p>\n\n\n\n<p>Ainda assim, os <strong>cidad\u00e3os da Espanha <\/strong>precisam se preparar para as mudan\u00e7as que ser\u00e3o promovidas em 2026, influenciadas por fatores como o fim gradual das ajudas contra a infla\u00e7\u00e3o, e provocar\u00e3o aumentos nos valores cobrados tanto pelas concession\u00e1rias privadas quanto as estatais.<\/p>\n\n\n\n<p>Conforme divulgado pelo portal Estado de Minas, as estradas controladas pela Sociedade Estatal de Infraestruturas de Transporte Terrestre (SEITT) devem sofrer reajustes anuais entre 2026 e 2032, que <strong>podem chegar a 2%<\/strong> por conta do teto estabelecido pelo governo.<\/p>\n\n\n\n<p>J\u00e1 nas pistas sob concess\u00e3o privada, o aumento pode ser ainda mais significativo, chegando a,<strong> no m\u00ednimo, 2,61%<\/strong>. Vale destacar que o valor \u00e9 definido por uma f\u00f3rmula que considera vari\u00e1veis econ\u00f4micas e operacionais.<\/p>\n\n\n\n<p>Sendo assim, para continuar utilizando diversas rodovias que cruzam o pa\u00eds, os motoristas espanh\u00f3is j\u00e1 precisam considerar um custo adicional em rela\u00e7\u00e3o ao valor habitual, a fim de arcar com os novos ped\u00e1gios.<\/p>\n\n\n\n<h2 class=\"wp-block-heading\">Aumento do ped\u00e1gio na Espanha ser\u00e1 sentido de forma moderada<\/h2>\n\n\n\n<p>\u00c9 importante destacar que, embora o reajuste nas rodovias administradas por empresas privadas ocorra conforme a decis\u00e3o das concession\u00e1rias, trechos relevantes, como as autopistas radiais de Madrid, n\u00e3o pesar\u00e3o tanto no bolso dos motoristas.<\/p>\n\n\n\n<p>Afinal, por se tratar de uma via sob responsabilidade direta da SEITT, \u00e9 prov\u00e1vel que o Estado exer\u00e7a um controle mais firme sobre os reajustes, evitando que os custos atinjam n\u00edveis excessivos.<\/p>\n\n\n\n<p>Al\u00e9m disso, <strong>a gratuidade noturna<\/strong>, que \u00e9 v\u00e1lida entre 00h e 06h, ainda ser\u00e1 mantida para em muitas rodovias do pa\u00eds, beneficiando principalmente os motoristas que acabam circulando fora dos hor\u00e1rios de pico.<\/p>\n","protected":false},"excerpt":{"rendered":"<p>Apesar de ser uma cobran\u00e7a essencial para custear a manuten\u00e7\u00e3o, conserva\u00e7\u00e3o, melhoria e opera\u00e7\u00e3o das rodovias, o ped\u00e1gio continua sendo uma das cobran\u00e7as menos populares entre os motoristas, sobretudo quando reajustes ocorrem. Ainda assim, os cidad\u00e3os da Espanha precisam se preparar para as mudan\u00e7as que ser\u00e3o promovidas em 2026, influenciadas por fatores como o fim [&hellip;]<\/p>\n","protected":false},"author":15,"featured_media":14199,"comment_status":"open","ping_status":"open","sticky":false,"template":"","format":"standard","meta":{"jnews-multi-image_gallery":[],"jnews_single_post":{"format":"standard"},"jnews_primary_category":[],"jnews_social_meta":[],"jnews_post_split":[],"footnotes":""},"categories":[1],"tags":[],"class_list":["post-14198","post","type-post","status-publish","format-standard","has-post-thumbnail","hentry","category-uncategorized"],"_links":{"self":[{"href":"https:\/\/diariodepernambuco.audiencelabs.com.br\/wp-json\/wp\/v2\/posts\/14198","targetHints":{"allow":["GET"]}}],"collection":[{"href":"https:\/\/diariodepernambuco.audiencelabs.com.br\/wp-json\/wp\/v2\/posts"}],"about":[{"href":"https:\/\/diariodepernambuco.audiencelabs.com.br\/wp-json\/wp\/v2\/types\/post"}],"author":[{"embeddable":true,"href":"https:\/\/diariodepernambuco.audiencelabs.com.br\/wp-json\/wp\/v2\/users\/15"}],"replies":[{"embeddable":true,"href":"https:\/\/diariodepernambuco.audiencelabs.com.br\/wp-json\/wp\/v2\/comments?post=14198"}],"version-history":[{"count":1,"href":"https:\/\/diariodepernambuco.audiencelabs.com.br\/wp-json\/wp\/v2\/posts\/14198\/revisions"}],"predecessor-version":[{"id":14201,"href":"https:\/\/diariodepernambuco.audiencelabs.com.br\/wp-json\/wp\/v2\/posts\/14198\/revisions\/14201"}],"wp:featuredmedia":[{"embeddable":true,"href":"https:\/\/diariodepernambuco.audiencelabs.com.br\/wp-json\/wp\/v2\/media\/14199"}],"wp:attachment":[{"href":"https:\/\/diariodepernambuco.audiencelabs.com.br\/wp-json\/wp\/v2\/media?parent=14198"}],"wp:term":[{"taxonomy":"category","embeddable":true,"href":"https:\/\/diariodepernambuco.audiencelabs.com.br\/wp-json\/wp\/v2\/categories?post=14198"},{"taxonomy":"post_tag","embeddable":true,"href":"https:\/\/diariodepernambuco.audiencelabs.com.br\/wp-json\/wp\/v2\/tags?post=14198"}],"curies":[{"name":"wp","href":"https:\/\/api.w.org\/{rel}","templated":true}]}}